{"id":49318,"date":"2024-07-25T06:44:21","date_gmt":"2024-07-25T09:44:21","guid":{"rendered":"https:\/\/www.pbagora.com.br\/?p=846553"},"modified":"2024-07-25T12:12:21","modified_gmt":"2024-07-25T15:12:21","slug":"pm-paraibano-passa-por-novo-procedimento-apos-ser-baleado-na-cabeca-no-rj","status":"publish","type":"post","link":"https:\/\/sindaopcpb.org.br\/index.php\/2024\/07\/25\/pm-paraibano-passa-por-novo-procedimento-apos-ser-baleado-na-cabeca-no-rj\/","title":{"rendered":"PM paraibano passa por novo procedimento ap\u00f3s ser baleado na cabe\u00e7a no RJ"},"content":{"rendered":"<p><img width=\"930\" height=\"429\" src=\"https:\/\/pbagora.s3.amazonaws.com\/2024\/07\/25064411\/Sem-titulo-33.jpg\" class=\"attachment-large size-large wp-post-image\" alt=\"\" style=\"margin-bottom: 20px;\" decoding=\"async\" loading=\"lazy\" srcset=\"https:\/\/pbagora.s3.amazonaws.com\/2024\/07\/25064411\/Sem-titulo-33.jpg 930w, https:\/\/pbagora.s3.amazonaws.com\/2024\/07\/25064411\/Sem-titulo-33-300x138.jpg 300w, https:\/\/pbagora.s3.amazonaws.com\/2024\/07\/25064411\/Sem-titulo-33-150x69.jpg 150w, https:\/\/pbagora.s3.amazonaws.com\/2024\/07\/25064411\/Sem-titulo-33-768x354.jpg 768w, https:\/\/pbagora.s3.amazonaws.com\/2024\/07\/25064411\/Sem-titulo-33-380x175.jpg 380w, https:\/\/pbagora.s3.amazonaws.com\/2024\/07\/25064411\/Sem-titulo-33-800x369.jpg 800w, https:\/\/pbagora.s3.amazonaws.com\/2024\/07\/25064411\/Sem-titulo-33-80x37.jpg 80w, https:\/\/pbagora.s3.amazonaws.com\/2024\/07\/25064411\/Sem-titulo-33-760x351.jpg 760w, https:\/\/pbagora.s3.amazonaws.com\/2024\/07\/25064411\/Sem-titulo-33-600x277.jpg 600w\" sizes=\"(max-width: 930px) 100vw, 930px\" \/><\/p><p>Continua delicado o estado de sa\u00fade do sargento Washington Carlos, de 42 anos, que passou por procedimentos cir\u00fargicos na tarde de ontem (24), no Rio de Janeiro. Os m\u00e9dicos precisaram retirar estilha\u00e7os de uma bala que atingiu a cabe\u00e7a do PM.<\/p>\n<p>Washington, um policial paraibano que integra a For\u00e7a Nacional de Seguran\u00e7a, foi ferido na noite de segunda-feira (22) ao entrar por engano em uma comunidade em Vig\u00e1rio Geral, no Rio de Janeiro, onde ele e um colega foram recebidos a tiros. Enquanto Washington foi atingido na cabe\u00e7a, seu colega sofreu apenas ferimentos leves com estilha\u00e7os.<\/p>\n<p>A fam\u00edlia do policial deve embarcar nesta quinta-feira (25) para o Rio de Janeiro para acompanhar sua recupera\u00e7\u00e3o. Em entrevista, a m\u00e3e do policial, Dona C\u00e9lia Medeiros, expressou sua apreens\u00e3o e f\u00e9 na recupera\u00e7\u00e3o do filho:<\/p>\n<p>&#8220;Eu n\u00e3o queria que ele fosse, mas \u00e9 uma coisa que ele gosta e foi, n\u00e9? E est\u00e1 l\u00e1 sendo cuidado primeiro por Jesus, depois pela equipe m\u00e9dica, que acredito ser competente. Amanh\u00e3, com a permiss\u00e3o de Deus, irei partir para o Rio de Janeiro em busca de ver meu filho. Eu e meu esposo, que \u00e9 militar tamb\u00e9m, estamos apreensivos, mas confiantes, pois temos um Deus que pode todas as coisas.&#8221;<\/p>\n<p>Reda\u00e7\u00e3o<\/p>\n","protected":false},"excerpt":{"rendered":"<p><img decoding=\"async\" width=\"930\" height=\"429\" src=\"https:\/\/pbagora.s3.amazonaws.com\/2024\/07\/25064411\/Sem-titulo-33.jpg\" class=\"attachment-large size-large wp-post-image\" alt=\"\" loading=\"lazy\"><\/p>\n<p>Continua delicado o estado de sa\u00fade do sargento Washington Carlos, de 42 anos, que passou por procedimentos cir\u00fargicos\u2026<\/p>\n","protected":false},"author":123457,"featured_media":0,"comment_status":"closed","ping_status":"closed","sticky":false,"template":"","format":"standard","meta":{"advgb_blocks_editor_width":"","advgb_blocks_columns_visual_guide":"","footnotes":""},"categories":[34],"tags":[35,10839,10847],"class_list":["post-49318","post","type-post","status-publish","format-standard","hentry","category-g1","tag-g1","tag-policial","tag-rodape-03"],"author_meta":{"display_name":"Reda\u00e7\u00e3o","author_link":"https:\/\/sindaopcpb.org.br\/author\/redacao\/"},"featured_img":null,"coauthors":[],"tax_additional":{"categories":{"linked":["<a href=\"https:\/\/sindaopcpb.org.br\/g1\/\" class=\"advgb-post-tax-term\">G1<\/a>"],"unlinked":["<span class=\"advgb-post-tax-term\">G1<\/span>"]},"tags":{"linked":["<a href=\"https:\/\/sindaopcpb.org.br\/g1\/\" class=\"advgb-post-tax-term\">g1<\/a>","<a href=\"https:\/\/sindaopcpb.org.br\/g1\/\" class=\"advgb-post-tax-term\">Policial<\/a>","<a href=\"https:\/\/sindaopcpb.org.br\/g1\/\" class=\"advgb-post-tax-term\">Rodape 03<\/a>"],"unlinked":["<span class=\"advgb-post-tax-term\">g1<\/span>","<span class=\"advgb-post-tax-term\">Policial<\/span>","<span class=\"advgb-post-tax-term\">Rodape 03<\/span>"]}},"comment_count":"0","relative_dates":{"created":"Publicado 2 anos atr\u00e1s","modified":"Atualizado 2 anos atr\u00e1s"},"absolute_dates":{"created":"Publicado em 25 de julho de 2024","modified":"Atualizado em 25 de julho de 2024"},"absolute_dates_time":{"created":"Publicado em 25 de julho de 2024 06:44","modified":"Atualizado em 25 de julho de 2024 12:12"},"featured_img_caption":"","series_order":"","_links":{"self":[{"href":"https:\/\/sindaopcpb.org.br\/index.php\/wp-json\/wp\/v2\/posts\/49318","targetHints":{"allow":["GET"]}}],"collection":[{"href":"https:\/\/sindaopcpb.org.br\/index.php\/wp-json\/wp\/v2\/posts"}],"about":[{"href":"https:\/\/sindaopcpb.org.br\/index.php\/wp-json\/wp\/v2\/types\/post"}],"author":[{"embeddable":true,"href":"https:\/\/sindaopcpb.org.br\/index.php\/wp-json\/wp\/v2\/users\/123457"}],"replies":[{"embeddable":true,"href":"https:\/\/sindaopcpb.org.br\/index.php\/wp-json\/wp\/v2\/comments?post=49318"}],"version-history":[{"count":3,"href":"https:\/\/sindaopcpb.org.br\/index.php\/wp-json\/wp\/v2\/posts\/49318\/revisions"}],"predecessor-version":[{"id":49334,"href":"https:\/\/sindaopcpb.org.br\/index.php\/wp-json\/wp\/v2\/posts\/49318\/revisions\/49334"}],"wp:attachment":[{"href":"https:\/\/sindaopcpb.org.br\/index.php\/wp-json\/wp\/v2\/media?parent=49318"}],"wp:term":[{"taxonomy":"category","embeddable":true,"href":"https:\/\/sindaopcpb.org.br\/index.php\/wp-json\/wp\/v2\/categories?post=49318"},{"taxonomy":"post_tag","embeddable":true,"href":"https:\/\/sindaopcpb.org.br\/index.php\/wp-json\/wp\/v2\/tags?post=49318"}],"curies":[{"name":"wp","href":"https:\/\/api.w.org\/{rel}","templated":true}]}}