{"id":49306,"date":"2024-07-24T11:37:30","date_gmt":"2024-07-24T14:37:30","guid":{"rendered":"https:\/\/www.pbagora.com.br\/?p=846369"},"modified":"2024-07-24T11:37:30","modified_gmt":"2024-07-24T14:37:30","slug":"procuradora-do-mppb-defende-manutencao-da-prisao-preventiva-de-ex-diretora-do-hospital-padre-ze","status":"publish","type":"post","link":"https:\/\/sindaopcpb.org.br\/index.php\/2024\/07\/24\/procuradora-do-mppb-defende-manutencao-da-prisao-preventiva-de-ex-diretora-do-hospital-padre-ze\/","title":{"rendered":"Procuradora do MPPB defende manuten\u00e7\u00e3o da pris\u00e3o preventiva de ex-diretora do Hospital Padre Z\u00e9"},"content":{"rendered":"<p><img width=\"311\" height=\"390\" src=\"https:\/\/pbagora.s3.amazonaws.com\/2023\/11\/29185606\/JANINE-DANTAS-caso-Padre-Ze-e1713901435351.jpg\" class=\"attachment-large size-large wp-post-image\" alt=\"\" style=\"margin-bottom: 20px;\" decoding=\"async\" loading=\"lazy\" srcset=\"https:\/\/pbagora.s3.amazonaws.com\/2023\/11\/29185606\/JANINE-DANTAS-caso-Padre-Ze-e1713901435351.jpg 311w, https:\/\/pbagora.s3.amazonaws.com\/2023\/11\/29185606\/JANINE-DANTAS-caso-Padre-Ze-e1713901435351-239x300.jpg 239w, https:\/\/pbagora.s3.amazonaws.com\/2023\/11\/29185606\/JANINE-DANTAS-caso-Padre-Ze-e1713901435351-120x150.jpg 120w, https:\/\/pbagora.s3.amazonaws.com\/2023\/11\/29185606\/JANINE-DANTAS-caso-Padre-Ze-e1713901435351-80x100.jpg 80w, https:\/\/pbagora.s3.amazonaws.com\/2023\/11\/29185606\/JANINE-DANTAS-caso-Padre-Ze-e1713901435351-64x80.jpg 64w\" sizes=\"(max-width: 311px) 100vw, 311px\" \/><\/p><p>A procuradora Maria Lurd\u00e9lia Diniz de Albuquerque, do Minist\u00e9rio P\u00fablico da Para\u00edba, encaminhou, na \u00faltima segunda-feira (22), um parecer ao gabinete do desembargador Ricardo Vital de Almeida, do Tribunal de Justi\u00e7a da Para\u00edba, em que defende a manuten\u00e7\u00e3o da pris\u00e3o preventiva de Jannyne Dantas, ex-diretora do Hospital Padre Z\u00e9.<\/p>\n<p>Jannyne \u00e9 acusada pelo Grupo de Atua\u00e7\u00e3o Especial Contra o Crime Organizado (Gaeco) de integrar uma organiza\u00e7\u00e3o criminosa liderada pelo Padre Eg\u00eddio de Carvalho, respons\u00e1vel pelo desvio de recursos destinados \u00e0 unidade de sa\u00fade filantr\u00f3pica.<\/p>\n<p>No parecer, Lurd\u00e9lia argumenta que as provas obtidas durante a investiga\u00e7\u00e3o da Opera\u00e7\u00e3o Indignus apontam \u201ca exist\u00eancia de ind\u00edcios mais do que suficientes de que a Paciente [Jannyne] praticou o crime que lhe est\u00e1 sendo imputado\u201d.<\/p>\n<p>Vale ressaltar que Jannyne Dantas \u00e9 a \u00fanica entre as investigadas sobre o esc\u00e2ndalo do Padre Z\u00e9 que continua presa desde novembro do ano passado. O Padre Eg\u00eddio de Carvalho chegou a ficar recluso, mas foi posto em liberdade no m\u00eas de abril e Amanda Duarte, outra funcion\u00e1ria do hospital, teve a pris\u00e3o decretada, mas cumpre medida cautelar devido \u00e0 filha.<\/p>\n<p>O parecer de Maria Lurd\u00e9lia Diniz de Albuquerque agora ser\u00e1 analisado pelo desembargador Ricardo Vital de Almeida, que decidir\u00e1 sobre a manuten\u00e7\u00e3o da pris\u00e3o.<\/p>\n<p><strong>PB Agora<\/strong><\/p>\n","protected":false},"excerpt":{"rendered":"<p><img decoding=\"async\" width=\"311\" height=\"390\" src=\"https:\/\/pbagora.s3.amazonaws.com\/2023\/11\/29185606\/JANINE-DANTAS-caso-Padre-Ze-e1713901435351.jpg\" class=\"attachment-large size-large wp-post-image\" alt=\"\" loading=\"lazy\"><\/p>\n<p>A procuradora Maria Lurd\u00e9lia Diniz de Albuquerque, do Minist\u00e9rio P\u00fablico da Para\u00edba, encaminhou, na \u00faltima segunda-feira (22), um\u2026<\/p>\n","protected":false},"author":123457,"featured_media":0,"comment_status":"closed","ping_status":"closed","sticky":false,"template":"","format":"standard","meta":{"advgb_blocks_editor_width":"","advgb_blocks_columns_visual_guide":"","footnotes":""},"categories":[34],"tags":[35,10839,10844],"class_list":["post-49306","post","type-post","status-publish","format-standard","hentry","category-g1","tag-g1","tag-policial","tag-principal2"],"author_meta":{"display_name":"Reda\u00e7\u00e3o","author_link":"https:\/\/sindaopcpb.org.br\/author\/redacao\/"},"featured_img":null,"coauthors":[],"tax_additional":{"categories":{"linked":["<a href=\"https:\/\/sindaopcpb.org.br\/g1\/\" class=\"advgb-post-tax-term\">G1<\/a>"],"unlinked":["<span class=\"advgb-post-tax-term\">G1<\/span>"]},"tags":{"linked":["<a href=\"https:\/\/sindaopcpb.org.br\/g1\/\" class=\"advgb-post-tax-term\">g1<\/a>","<a href=\"https:\/\/sindaopcpb.org.br\/g1\/\" class=\"advgb-post-tax-term\">Policial<\/a>","<a href=\"https:\/\/sindaopcpb.org.br\/g1\/\" class=\"advgb-post-tax-term\">Principal2<\/a>"],"unlinked":["<span class=\"advgb-post-tax-term\">g1<\/span>","<span class=\"advgb-post-tax-term\">Policial<\/span>","<span class=\"advgb-post-tax-term\">Principal2<\/span>"]}},"comment_count":"0","relative_dates":{"created":"Publicado 2 anos atr\u00e1s","modified":"Atualizado 2 anos atr\u00e1s"},"absolute_dates":{"created":"Publicado em 24 de julho de 2024","modified":"Atualizado em 24 de julho de 2024"},"absolute_dates_time":{"created":"Publicado em 24 de julho de 2024 11:37","modified":"Atualizado em 24 de julho de 2024 11:37"},"featured_img_caption":"","series_order":"","_links":{"self":[{"href":"https:\/\/sindaopcpb.org.br\/index.php\/wp-json\/wp\/v2\/posts\/49306","targetHints":{"allow":["GET"]}}],"collection":[{"href":"https:\/\/sindaopcpb.org.br\/index.php\/wp-json\/wp\/v2\/posts"}],"about":[{"href":"https:\/\/sindaopcpb.org.br\/index.php\/wp-json\/wp\/v2\/types\/post"}],"author":[{"embeddable":true,"href":"https:\/\/sindaopcpb.org.br\/index.php\/wp-json\/wp\/v2\/users\/123457"}],"replies":[{"embeddable":true,"href":"https:\/\/sindaopcpb.org.br\/index.php\/wp-json\/wp\/v2\/comments?post=49306"}],"version-history":[{"count":1,"href":"https:\/\/sindaopcpb.org.br\/index.php\/wp-json\/wp\/v2\/posts\/49306\/revisions"}],"predecessor-version":[{"id":49307,"href":"https:\/\/sindaopcpb.org.br\/index.php\/wp-json\/wp\/v2\/posts\/49306\/revisions\/49307"}],"wp:attachment":[{"href":"https:\/\/sindaopcpb.org.br\/index.php\/wp-json\/wp\/v2\/media?parent=49306"}],"wp:term":[{"taxonomy":"category","embeddable":true,"href":"https:\/\/sindaopcpb.org.br\/index.php\/wp-json\/wp\/v2\/categories?post=49306"},{"taxonomy":"post_tag","embeddable":true,"href":"https:\/\/sindaopcpb.org.br\/index.php\/wp-json\/wp\/v2\/tags?post=49306"}],"curies":[{"name":"wp","href":"https:\/\/api.w.org\/{rel}","templated":true}]}}