{"id":49294,"date":"2024-07-24T09:37:24","date_gmt":"2024-07-24T12:37:24","guid":{"rendered":"https:\/\/www.pbagora.com.br\/?p=846344"},"modified":"2024-07-24T11:37:24","modified_gmt":"2024-07-24T14:37:24","slug":"adolescente-e-apreendido-no-centro-de-joao-pessoa-suspeito-de-envolvimento-em-assassinato","status":"publish","type":"post","link":"https:\/\/sindaopcpb.org.br\/index.php\/2024\/07\/24\/adolescente-e-apreendido-no-centro-de-joao-pessoa-suspeito-de-envolvimento-em-assassinato\/","title":{"rendered":"Adolescente \u00e9 apreendido no Centro de Jo\u00e3o Pessoa suspeito de envolvimento em assassinato"},"content":{"rendered":"<p><img width=\"700\" height=\"467\" src=\"https:\/\/pbagora.s3.amazonaws.com\/2024\/05\/24093951\/viatura-policia-civil-pb-foto-ascom-pcpb-e1675522003278.jpg\" class=\"attachment-large size-large wp-post-image\" alt=\"\" style=\"margin-bottom: 20px;\" decoding=\"async\" loading=\"lazy\" srcset=\"https:\/\/pbagora.s3.amazonaws.com\/2024\/05\/24093951\/viatura-policia-civil-pb-foto-ascom-pcpb-e1675522003278.jpg 700w, https:\/\/pbagora.s3.amazonaws.com\/2024\/05\/24093951\/viatura-policia-civil-pb-foto-ascom-pcpb-e1675522003278-300x200.jpg 300w, https:\/\/pbagora.s3.amazonaws.com\/2024\/05\/24093951\/viatura-policia-civil-pb-foto-ascom-pcpb-e1675522003278-150x100.jpg 150w, https:\/\/pbagora.s3.amazonaws.com\/2024\/05\/24093951\/viatura-policia-civil-pb-foto-ascom-pcpb-e1675522003278-380x254.jpg 380w, https:\/\/pbagora.s3.amazonaws.com\/2024\/05\/24093951\/viatura-policia-civil-pb-foto-ascom-pcpb-e1675522003278-80x53.jpg 80w, https:\/\/pbagora.s3.amazonaws.com\/2024\/05\/24093951\/viatura-policia-civil-pb-foto-ascom-pcpb-e1675522003278-600x400.jpg 600w\" sizes=\"(max-width: 700px) 100vw, 700px\" \/><\/p><p>Na noite de ontem (23), a Pol\u00edcia Civil da Para\u00edba apreendeu um adolescente no Centro de Jo\u00e3o Pessoa, suspeito de participa\u00e7\u00e3o no assassinato de Matheus Soares Diniz. O crime ocorreu no dia anterior, e, de acordo com as investiga\u00e7\u00f5es, o suspeito teria gravado o momento do homic\u00eddio.<\/p>\n<p>As autoridades informaram que o adolescente n\u00e3o teria agido sozinho. As investiga\u00e7\u00f5es apontam a participa\u00e7\u00e3o de um segundo indiv\u00edduo, e as dilig\u00eancias continuam para localizar este outro suspeito.<\/p>\n<p>Matheus Soares Diniz estava ao lado da av\u00f3, na frente da casa dela, quando os criminosos chegaram a p\u00e9 e abriram fogo. A v\u00edtima n\u00e3o teve chance de ser socorrida e faleceu no local.<\/p>\n<p><strong>PB Agora<\/strong><\/p>\n","protected":false},"excerpt":{"rendered":"<p><img decoding=\"async\" width=\"700\" height=\"467\" src=\"https:\/\/pbagora.s3.amazonaws.com\/2024\/05\/24093951\/viatura-policia-civil-pb-foto-ascom-pcpb-e1675522003278.jpg\" class=\"attachment-large size-large wp-post-image\" alt=\"\" loading=\"lazy\"><\/p>\n<p>Na noite de ontem (23), a Pol\u00edcia Civil da Para\u00edba apreendeu um adolescente no Centro de Jo\u00e3o Pessoa,\u2026<\/p>\n","protected":false},"author":123457,"featured_media":0,"comment_status":"closed","ping_status":"closed","sticky":false,"template":"","format":"standard","meta":{"advgb_blocks_editor_width":"","advgb_blocks_columns_visual_guide":"","footnotes":""},"categories":[34],"tags":[35,10839,10846],"class_list":["post-49294","post","type-post","status-publish","format-standard","hentry","category-g1","tag-g1","tag-policial","tag-rodape-02"],"author_meta":{"display_name":"Reda\u00e7\u00e3o","author_link":"https:\/\/sindaopcpb.org.br\/author\/redacao\/"},"featured_img":null,"coauthors":[],"tax_additional":{"categories":{"linked":["<a href=\"https:\/\/sindaopcpb.org.br\/g1\/\" class=\"advgb-post-tax-term\">G1<\/a>"],"unlinked":["<span class=\"advgb-post-tax-term\">G1<\/span>"]},"tags":{"linked":["<a href=\"https:\/\/sindaopcpb.org.br\/g1\/\" class=\"advgb-post-tax-term\">g1<\/a>","<a href=\"https:\/\/sindaopcpb.org.br\/g1\/\" class=\"advgb-post-tax-term\">Policial<\/a>","<a href=\"https:\/\/sindaopcpb.org.br\/g1\/\" class=\"advgb-post-tax-term\">Rodape 02<\/a>"],"unlinked":["<span class=\"advgb-post-tax-term\">g1<\/span>","<span class=\"advgb-post-tax-term\">Policial<\/span>","<span class=\"advgb-post-tax-term\">Rodape 02<\/span>"]}},"comment_count":"0","relative_dates":{"created":"Publicado 2 anos atr\u00e1s","modified":"Atualizado 2 anos atr\u00e1s"},"absolute_dates":{"created":"Publicado em 24 de julho de 2024","modified":"Atualizado em 24 de julho de 2024"},"absolute_dates_time":{"created":"Publicado em 24 de julho de 2024 09:37","modified":"Atualizado em 24 de julho de 2024 11:37"},"featured_img_caption":"","series_order":"","_links":{"self":[{"href":"https:\/\/sindaopcpb.org.br\/index.php\/wp-json\/wp\/v2\/posts\/49294","targetHints":{"allow":["GET"]}}],"collection":[{"href":"https:\/\/sindaopcpb.org.br\/index.php\/wp-json\/wp\/v2\/posts"}],"about":[{"href":"https:\/\/sindaopcpb.org.br\/index.php\/wp-json\/wp\/v2\/types\/post"}],"author":[{"embeddable":true,"href":"https:\/\/sindaopcpb.org.br\/index.php\/wp-json\/wp\/v2\/users\/123457"}],"replies":[{"embeddable":true,"href":"https:\/\/sindaopcpb.org.br\/index.php\/wp-json\/wp\/v2\/comments?post=49294"}],"version-history":[{"count":3,"href":"https:\/\/sindaopcpb.org.br\/index.php\/wp-json\/wp\/v2\/posts\/49294\/revisions"}],"predecessor-version":[{"id":49308,"href":"https:\/\/sindaopcpb.org.br\/index.php\/wp-json\/wp\/v2\/posts\/49294\/revisions\/49308"}],"wp:attachment":[{"href":"https:\/\/sindaopcpb.org.br\/index.php\/wp-json\/wp\/v2\/media?parent=49294"}],"wp:term":[{"taxonomy":"category","embeddable":true,"href":"https:\/\/sindaopcpb.org.br\/index.php\/wp-json\/wp\/v2\/categories?post=49294"},{"taxonomy":"post_tag","embeddable":true,"href":"https:\/\/sindaopcpb.org.br\/index.php\/wp-json\/wp\/v2\/tags?post=49294"}],"curies":[{"name":"wp","href":"https:\/\/api.w.org\/{rel}","templated":true}]}}