{"id":49292,"date":"2024-07-24T09:56:51","date_gmt":"2024-07-24T12:56:51","guid":{"rendered":"https:\/\/www.pbagora.com.br\/?p=846355"},"modified":"2024-07-24T11:56:51","modified_gmt":"2024-07-24T14:56:51","slug":"24-horas-policia-civil-elucida-morte-de-morador-de-rua-em-joao-pessoa","status":"publish","type":"post","link":"https:\/\/sindaopcpb.org.br\/index.php\/2024\/07\/24\/24-horas-policia-civil-elucida-morte-de-morador-de-rua-em-joao-pessoa\/","title":{"rendered":"24 HORAS: Pol\u00edcia Civil elucida morte de morador de rua em Jo\u00e3o Pessoa"},"content":{"rendered":"<p><img width=\"683\" height=\"386\" src=\"https:\/\/pbagora.s3.amazonaws.com\/2023\/04\/27073301\/csm_Policia-Civil-PB-1-683x386-1_f8a3fdc277.jpg\" class=\"attachment-large size-large wp-post-image\" alt=\"\" style=\"margin-bottom: 20px;\" decoding=\"async\" srcset=\"https:\/\/pbagora.s3.amazonaws.com\/2023\/04\/27073301\/csm_Policia-Civil-PB-1-683x386-1_f8a3fdc277.jpg 683w, https:\/\/pbagora.s3.amazonaws.com\/2023\/04\/27073301\/csm_Policia-Civil-PB-1-683x386-1_f8a3fdc277-300x170.jpg 300w, https:\/\/pbagora.s3.amazonaws.com\/2023\/04\/27073301\/csm_Policia-Civil-PB-1-683x386-1_f8a3fdc277-150x85.jpg 150w, https:\/\/pbagora.s3.amazonaws.com\/2023\/04\/27073301\/csm_Policia-Civil-PB-1-683x386-1_f8a3fdc277-380x215.jpg 380w, https:\/\/pbagora.s3.amazonaws.com\/2023\/04\/27073301\/csm_Policia-Civil-PB-1-683x386-1_f8a3fdc277-80x46.jpg 80w, https:\/\/pbagora.s3.amazonaws.com\/2023\/04\/27073301\/csm_Policia-Civil-PB-1-683x386-1_f8a3fdc277-600x339.jpg 600w\" sizes=\"(max-width: 683px) 100vw, 683px\" \/><\/p><p>Mais um crime grave foi elucidado de forma r\u00e1pida pela Pol\u00edcia Civil da Para\u00edba, com a apreens\u00e3o de um adolescente nessa ter\u00e7a-feira, 23 de julho, suspeito de cometer ato infracional semelhante a homic\u00eddio contra o morador de rua. A apreens\u00e3o foi realizada pela Delegacia de Crimes contra a Pessoa (DCPES) e contou com o apoio da Guarda Municipal da capital.<\/p>\n<p>A v\u00edtima foi morta na noite de segunda-feira, 22, no Centro de Jo\u00e3o Pessoa. Na delegacia, o adolescente confessou o ato, alegando que o andarilho estaria cometendo crimes patrimoniais \u201cna minha \u00e1rea de dom\u00ednio\u201d, declarou.<\/p>\n<p>De acordo com a delegada Lu\u00edsa Correia Lima, a declara\u00e7\u00e3o do adolescente confirma algumas informa\u00e7\u00f5es probat\u00f3rias j\u00e1 coletadas pelos investigadores do caso.<\/p>\n<p>O adolescente est\u00e1 recolhido, \u00e0 disposi\u00e7\u00e3o da justi\u00e7a.<\/p>\n<p><strong>PB Agora<\/strong><\/p>\n","protected":false},"excerpt":{"rendered":"<p><img loading=\"lazy\" decoding=\"async\" width=\"683\" height=\"386\" src=\"https:\/\/pbagora.s3.amazonaws.com\/2023\/04\/27073301\/csm_Policia-Civil-PB-1-683x386-1_f8a3fdc277.jpg\" class=\"attachment-large size-large wp-post-image\" alt=\"\"><\/p>\n<p>Mais um crime grave foi elucidado de forma r\u00e1pida pela Pol\u00edcia Civil da Para\u00edba, com a apreens\u00e3o de\u2026<\/p>\n","protected":false},"author":123457,"featured_media":0,"comment_status":"closed","ping_status":"closed","sticky":false,"template":"","format":"standard","meta":{"advgb_blocks_editor_width":"","advgb_blocks_columns_visual_guide":"","footnotes":""},"categories":[34],"tags":[35,10839,10847],"class_list":["post-49292","post","type-post","status-publish","format-standard","hentry","category-g1","tag-g1","tag-policial","tag-rodape-03"],"author_meta":{"display_name":"Reda\u00e7\u00e3o","author_link":"https:\/\/sindaopcpb.org.br\/author\/redacao\/"},"featured_img":null,"coauthors":[],"tax_additional":{"categories":{"linked":["<a href=\"https:\/\/sindaopcpb.org.br\/g1\/\" class=\"advgb-post-tax-term\">G1<\/a>"],"unlinked":["<span class=\"advgb-post-tax-term\">G1<\/span>"]},"tags":{"linked":["<a href=\"https:\/\/sindaopcpb.org.br\/g1\/\" class=\"advgb-post-tax-term\">g1<\/a>","<a href=\"https:\/\/sindaopcpb.org.br\/g1\/\" class=\"advgb-post-tax-term\">Policial<\/a>","<a href=\"https:\/\/sindaopcpb.org.br\/g1\/\" class=\"advgb-post-tax-term\">Rodape 03<\/a>"],"unlinked":["<span class=\"advgb-post-tax-term\">g1<\/span>","<span class=\"advgb-post-tax-term\">Policial<\/span>","<span class=\"advgb-post-tax-term\">Rodape 03<\/span>"]}},"comment_count":"0","relative_dates":{"created":"Publicado 2 anos atr\u00e1s","modified":"Atualizado 2 anos atr\u00e1s"},"absolute_dates":{"created":"Publicado em 24 de julho de 2024","modified":"Atualizado em 24 de julho de 2024"},"absolute_dates_time":{"created":"Publicado em 24 de julho de 2024 09:56","modified":"Atualizado em 24 de julho de 2024 11:56"},"featured_img_caption":"","series_order":"","_links":{"self":[{"href":"https:\/\/sindaopcpb.org.br\/index.php\/wp-json\/wp\/v2\/posts\/49292","targetHints":{"allow":["GET"]}}],"collection":[{"href":"https:\/\/sindaopcpb.org.br\/index.php\/wp-json\/wp\/v2\/posts"}],"about":[{"href":"https:\/\/sindaopcpb.org.br\/index.php\/wp-json\/wp\/v2\/types\/post"}],"author":[{"embeddable":true,"href":"https:\/\/sindaopcpb.org.br\/index.php\/wp-json\/wp\/v2\/users\/123457"}],"replies":[{"embeddable":true,"href":"https:\/\/sindaopcpb.org.br\/index.php\/wp-json\/wp\/v2\/comments?post=49292"}],"version-history":[{"count":4,"href":"https:\/\/sindaopcpb.org.br\/index.php\/wp-json\/wp\/v2\/posts\/49292\/revisions"}],"predecessor-version":[{"id":49314,"href":"https:\/\/sindaopcpb.org.br\/index.php\/wp-json\/wp\/v2\/posts\/49292\/revisions\/49314"}],"wp:attachment":[{"href":"https:\/\/sindaopcpb.org.br\/index.php\/wp-json\/wp\/v2\/media?parent=49292"}],"wp:term":[{"taxonomy":"category","embeddable":true,"href":"https:\/\/sindaopcpb.org.br\/index.php\/wp-json\/wp\/v2\/categories?post=49292"},{"taxonomy":"post_tag","embeddable":true,"href":"https:\/\/sindaopcpb.org.br\/index.php\/wp-json\/wp\/v2\/tags?post=49292"}],"curies":[{"name":"wp","href":"https:\/\/api.w.org\/{rel}","templated":true}]}}