{"id":49288,"date":"2024-07-24T06:12:46","date_gmt":"2024-07-24T09:12:46","guid":{"rendered":"https:\/\/www.pbagora.com.br\/?p=846309"},"modified":"2024-07-24T09:12:46","modified_gmt":"2024-07-24T12:12:46","slug":"violencia-contra-a-mulher-empresario-e-suspeito-de-agredir-e-manter-mulher-em-carcere-privado-em-jp","status":"publish","type":"post","link":"https:\/\/sindaopcpb.org.br\/index.php\/2024\/07\/24\/violencia-contra-a-mulher-empresario-e-suspeito-de-agredir-e-manter-mulher-em-carcere-privado-em-jp\/","title":{"rendered":"Viol\u00eancia contra a mulher: Empres\u00e1rio \u00e9 suspeito de agredir e manter mulher em c\u00e1rcere privado em JP"},"content":{"rendered":"<p><img width=\"600\" height=\"400\" src=\"https:\/\/pbagora.s3.amazonaws.com\/2021\/06\/18164251\/violencia-contra-a-mulher-46976-article.jpg\" class=\"attachment-large size-large wp-post-image\" alt=\"\" style=\"margin-bottom: 20px;\" decoding=\"async\" loading=\"lazy\" srcset=\"https:\/\/pbagora.s3.amazonaws.com\/2021\/06\/18164251\/violencia-contra-a-mulher-46976-article.jpg 600w, https:\/\/pbagora.s3.amazonaws.com\/2021\/06\/18164251\/violencia-contra-a-mulher-46976-article-300x200.jpg 300w, https:\/\/pbagora.s3.amazonaws.com\/2021\/06\/18164251\/violencia-contra-a-mulher-46976-article-150x100.jpg 150w, https:\/\/pbagora.s3.amazonaws.com\/2021\/06\/18164251\/violencia-contra-a-mulher-46976-article-380x253.jpg 380w, https:\/\/pbagora.s3.amazonaws.com\/2021\/06\/18164251\/violencia-contra-a-mulher-46976-article-80x53.jpg 80w\" sizes=\"(max-width: 600px) 100vw, 600px\" \/><\/p><p>A justi\u00e7a concedeu na madrugada de ontem (23), uma medida protetiva de urg\u00eancia concedida a uma mulher no bairro de Mana\u00edra, em Jo\u00e3o Pessoa, ap\u00f3s ela relatar ter sido mantida em c\u00e1rcere privado e agredida pelo pr\u00f3prio marido.<\/p>\n<p>A v\u00edtima revelou que j\u00e1 sofreu diversas formas de viol\u00eancia f\u00edsica e psicol\u00f3gica por parte do marido, mas nunca havia denunciado anteriormente por medo. Eles estavam juntos h\u00e1 aproximadamente tr\u00eas anos e n\u00e3o t\u00eam filhos em comum.<\/p>\n<p>At\u00e9 a noite de ontem, o suspeito ainda n\u00e3o havia se apresentado \u00e0 delegacia. Dados iniciais, apontam que a v\u00edtima, exerce a profiss\u00e3o de psic\u00f3loga e foi atacada pelo marido enquanto dormia. Ele pressionou o joelho contra o pesco\u00e7o dela, resultando em sufocamento. A mulher perdeu a consci\u00eancia parcialmente e, ao despertar, percebeu que estava trancada.<\/p>\n<p>O agressor, que retornou sob efeito de drogas, jogou a mulher ao ch\u00e3o e tomou seu celular. A v\u00edtima apresentava m\u00faltiplas marcas de agress\u00e3o no corpo, causadas por socos, chutes e empurr\u00f5es. Ap\u00f3s conseguir escapar para a casa de uma tia, a mulher acionou a pol\u00edcia. Ela foi levada \u00e0 Delegacia Especializada de Atendimento \u00e0 Mulher, onde passou por exame de corpo de delito.<\/p>\n<p>Reda\u00e7\u00e3o<\/p>\n","protected":false},"excerpt":{"rendered":"<p><img decoding=\"async\" width=\"600\" height=\"400\" src=\"https:\/\/pbagora.s3.amazonaws.com\/2021\/06\/18164251\/violencia-contra-a-mulher-46976-article.jpg\" class=\"attachment-large size-large wp-post-image\" alt=\"\" loading=\"lazy\"><\/p>\n<p>A justi\u00e7a concedeu na madrugada de ontem (23), uma medida protetiva de urg\u00eancia concedida a uma mulher no\u2026<\/p>\n","protected":false},"author":123457,"featured_media":0,"comment_status":"closed","ping_status":"closed","sticky":false,"template":"","format":"standard","meta":{"advgb_blocks_editor_width":"","advgb_blocks_columns_visual_guide":"","footnotes":""},"categories":[34],"tags":[10841,35,10839],"class_list":["post-49288","post","type-post","status-publish","format-standard","hentry","category-g1","tag-destaque-centro-02","tag-g1","tag-policial"],"author_meta":{"display_name":"Reda\u00e7\u00e3o","author_link":"https:\/\/sindaopcpb.org.br\/author\/redacao\/"},"featured_img":null,"coauthors":[],"tax_additional":{"categories":{"linked":["<a href=\"https:\/\/sindaopcpb.org.br\/g1\/\" class=\"advgb-post-tax-term\">G1<\/a>"],"unlinked":["<span class=\"advgb-post-tax-term\">G1<\/span>"]},"tags":{"linked":["<a href=\"https:\/\/sindaopcpb.org.br\/g1\/\" class=\"advgb-post-tax-term\">Destaque Centro 02<\/a>","<a href=\"https:\/\/sindaopcpb.org.br\/g1\/\" class=\"advgb-post-tax-term\">g1<\/a>","<a href=\"https:\/\/sindaopcpb.org.br\/g1\/\" class=\"advgb-post-tax-term\">Policial<\/a>"],"unlinked":["<span class=\"advgb-post-tax-term\">Destaque Centro 02<\/span>","<span class=\"advgb-post-tax-term\">g1<\/span>","<span class=\"advgb-post-tax-term\">Policial<\/span>"]}},"comment_count":"0","relative_dates":{"created":"Publicado 2 anos atr\u00e1s","modified":"Atualizado 2 anos atr\u00e1s"},"absolute_dates":{"created":"Publicado em 24 de julho de 2024","modified":"Atualizado em 24 de julho de 2024"},"absolute_dates_time":{"created":"Publicado em 24 de julho de 2024 06:12","modified":"Atualizado em 24 de julho de 2024 09:12"},"featured_img_caption":"","series_order":"","_links":{"self":[{"href":"https:\/\/sindaopcpb.org.br\/index.php\/wp-json\/wp\/v2\/posts\/49288","targetHints":{"allow":["GET"]}}],"collection":[{"href":"https:\/\/sindaopcpb.org.br\/index.php\/wp-json\/wp\/v2\/posts"}],"about":[{"href":"https:\/\/sindaopcpb.org.br\/index.php\/wp-json\/wp\/v2\/types\/post"}],"author":[{"embeddable":true,"href":"https:\/\/sindaopcpb.org.br\/index.php\/wp-json\/wp\/v2\/users\/123457"}],"replies":[{"embeddable":true,"href":"https:\/\/sindaopcpb.org.br\/index.php\/wp-json\/wp\/v2\/comments?post=49288"}],"version-history":[{"count":2,"href":"https:\/\/sindaopcpb.org.br\/index.php\/wp-json\/wp\/v2\/posts\/49288\/revisions"}],"predecessor-version":[{"id":49296,"href":"https:\/\/sindaopcpb.org.br\/index.php\/wp-json\/wp\/v2\/posts\/49288\/revisions\/49296"}],"wp:attachment":[{"href":"https:\/\/sindaopcpb.org.br\/index.php\/wp-json\/wp\/v2\/media?parent=49288"}],"wp:term":[{"taxonomy":"category","embeddable":true,"href":"https:\/\/sindaopcpb.org.br\/index.php\/wp-json\/wp\/v2\/categories?post=49288"},{"taxonomy":"post_tag","embeddable":true,"href":"https:\/\/sindaopcpb.org.br\/index.php\/wp-json\/wp\/v2\/tags?post=49288"}],"curies":[{"name":"wp","href":"https:\/\/api.w.org\/{rel}","templated":true}]}}