{"id":49274,"date":"2024-07-23T17:00:26","date_gmt":"2024-07-23T20:00:26","guid":{"rendered":"https:\/\/www.pbagora.com.br\/?p=846262"},"modified":"2024-07-23T17:00:26","modified_gmt":"2024-07-23T20:00:26","slug":"justica-da-pb-determina-que-homem-acusado-de-furto-sem-provas-seja-indenizado","status":"publish","type":"post","link":"https:\/\/sindaopcpb.org.br\/index.php\/2024\/07\/23\/justica-da-pb-determina-que-homem-acusado-de-furto-sem-provas-seja-indenizado\/","title":{"rendered":"Justi\u00e7a da PB determina que homem acusado de furto sem provas seja indenizado"},"content":{"rendered":"<p><img width=\"1024\" height=\"685\" src=\"https:\/\/pbagora.s3.amazonaws.com\/2022\/11\/22101722\/Fachada_do_TJPB_Foto_Ednaldo_Araujo_29-1024x685.jpg\" class=\"attachment-large size-large wp-post-image\" alt=\"\" style=\"margin-bottom: 20px;\" decoding=\"async\" srcset=\"https:\/\/pbagora.s3.amazonaws.com\/2022\/11\/22101722\/Fachada_do_TJPB_Foto_Ednaldo_Araujo_29-1024x685.jpg 1024w, https:\/\/pbagora.s3.amazonaws.com\/2022\/11\/22101722\/Fachada_do_TJPB_Foto_Ednaldo_Araujo_29-300x201.jpg 300w, https:\/\/pbagora.s3.amazonaws.com\/2022\/11\/22101722\/Fachada_do_TJPB_Foto_Ednaldo_Araujo_29-150x100.jpg 150w, https:\/\/pbagora.s3.amazonaws.com\/2022\/11\/22101722\/Fachada_do_TJPB_Foto_Ednaldo_Araujo_29-768x514.jpg 768w, https:\/\/pbagora.s3.amazonaws.com\/2022\/11\/22101722\/Fachada_do_TJPB_Foto_Ednaldo_Araujo_29-1536x1028.jpg 1536w, https:\/\/pbagora.s3.amazonaws.com\/2022\/11\/22101722\/Fachada_do_TJPB_Foto_Ednaldo_Araujo_29-2048x1371.jpg 2048w, https:\/\/pbagora.s3.amazonaws.com\/2022\/11\/22101722\/Fachada_do_TJPB_Foto_Ednaldo_Araujo_29-380x254.jpg 380w, https:\/\/pbagora.s3.amazonaws.com\/2022\/11\/22101722\/Fachada_do_TJPB_Foto_Ednaldo_Araujo_29-800x536.jpg 800w, https:\/\/pbagora.s3.amazonaws.com\/2022\/11\/22101722\/Fachada_do_TJPB_Foto_Ednaldo_Araujo_29-1160x777.jpg 1160w, https:\/\/pbagora.s3.amazonaws.com\/2022\/11\/22101722\/Fachada_do_TJPB_Foto_Ednaldo_Araujo_29-80x54.jpg 80w, https:\/\/pbagora.s3.amazonaws.com\/2022\/11\/22101722\/Fachada_do_TJPB_Foto_Ednaldo_Araujo_29-3072x2056.jpg 3072w, https:\/\/pbagora.s3.amazonaws.com\/2022\/11\/22101722\/Fachada_do_TJPB_Foto_Ednaldo_Araujo_29-760x509.jpg 760w, https:\/\/pbagora.s3.amazonaws.com\/2022\/11\/22101722\/Fachada_do_TJPB_Foto_Ednaldo_Araujo_29-600x402.jpg 600w, https:\/\/pbagora.s3.amazonaws.com\/2022\/11\/22101722\/Fachada_do_TJPB_Foto_Ednaldo_Araujo_29-scaled.jpg 2560w\" sizes=\"(max-width: 1024px) 100vw, 1024px\" \/><\/p><p>A acusa\u00e7\u00e3o infundada de furto causa constrangimento, abala a honra e a imagem da pessoa indevidamente acusada, fato que gera o direito a indeniza\u00e7\u00e3o pelos danos morais sofridos. Assim entendeu a Quarta C\u00e2mara C\u00edvel do Tribunal de Justi\u00e7a da Para\u00edba que fixou em R$ 8 mil o valor da indeniza\u00e7\u00e3o, por danos morais, em favor de um homem que foi acusado, sem provas, de ter furtado um motor de betoneira e vendido para um propriet\u00e1rio de material de constru\u00e7\u00e3o na cidade de Nova Olinda.<\/p>\n<p>O caso foi julgado na Apela\u00e7\u00e3o C\u00edvel n\u00ba 0800448-62.2017.815.1161, que teve a relatoria do desembargador Oswaldo Trigueiro do Valle Filho.<\/p>\n<p>O autor da a\u00e7\u00e3o afirma que a popula\u00e7\u00e3o da cidade de Nova Olinda tomou conhecimento da imputa\u00e7\u00e3o do crime de furto, passando a ter dificuldades at\u00e9 para conseguir emprego.<\/p>\n<p>Na senten\u00e7a, o magistrado afirma que &#8220;o fato gerou grave repercuss\u00e3o negativa \u00e0 imagem do promovente, sendo ineg\u00e1vel que a divulga\u00e7\u00e3o de que teria furtado o motor e ter sido chamado de ladr\u00e3o pelo promovido, ainda mais quando nenhuma prova \u00e9 apresentada neste sentido, causa s\u00e9rios transtornos morais que ultrapassam os simples aborrecimentos&#8221;.<\/p>\n<p>J\u00e1 no julgamento do recurso, o relator acolheu o pedido de majora\u00e7\u00e3o do dano moral, que no primeiro grau foi no patamar de R$ 5 mil. &#8220;A meu sentir, diante da ilicitude cometida, o valor de R$ 5 mil fixado na inst\u00e2ncia prima \u00e9 por demais irrazo\u00e1vel e n\u00e3o se presta a atender ao car\u00e1ter pedag\u00f3gico que deve ter a condena\u00e7\u00e3o. Nesse contexto, majoro o montante da indeniza\u00e7\u00e3o por danos morais para R$ 8.000,00, por ser condizente com as circunst\u00e2ncias f\u00e1ticas, a gravidade objetiva do dano e seu efeito lesivo&#8221;, pontuou o desembargador.<\/p>\n<p>Da decis\u00e3o cabe recurso.<\/p>\n<p>&nbsp;<\/p>\n<p><em><strong>Ascom \/ TJPB<\/strong><\/em><\/p>\n","protected":false},"excerpt":{"rendered":"<p><img loading=\"lazy\" decoding=\"async\" width=\"1024\" height=\"685\" src=\"https:\/\/pbagora.s3.amazonaws.com\/2022\/11\/22101722\/Fachada_do_TJPB_Foto_Ednaldo_Araujo_29-1024x685.jpg\" class=\"attachment-large size-large wp-post-image\" alt=\"\"><\/p>\n<p>A acusa\u00e7\u00e3o infundada de furto causa constrangimento, abala a honra e a imagem da pessoa indevidamente acusada, fato\u2026<\/p>\n","protected":false},"author":123457,"featured_media":0,"comment_status":"closed","ping_status":"closed","sticky":false,"template":"","format":"standard","meta":{"advgb_blocks_editor_width":"","advgb_blocks_columns_visual_guide":"","footnotes":""},"categories":[34],"tags":[10841,35,10839],"class_list":["post-49274","post","type-post","status-publish","format-standard","hentry","category-g1","tag-destaque-centro-02","tag-g1","tag-policial"],"author_meta":{"display_name":"Reda\u00e7\u00e3o","author_link":"https:\/\/sindaopcpb.org.br\/author\/redacao\/"},"featured_img":null,"coauthors":[],"tax_additional":{"categories":{"linked":["<a href=\"https:\/\/sindaopcpb.org.br\/g1\/\" class=\"advgb-post-tax-term\">G1<\/a>"],"unlinked":["<span class=\"advgb-post-tax-term\">G1<\/span>"]},"tags":{"linked":["<a href=\"https:\/\/sindaopcpb.org.br\/g1\/\" class=\"advgb-post-tax-term\">Destaque Centro 02<\/a>","<a href=\"https:\/\/sindaopcpb.org.br\/g1\/\" class=\"advgb-post-tax-term\">g1<\/a>","<a href=\"https:\/\/sindaopcpb.org.br\/g1\/\" class=\"advgb-post-tax-term\">Policial<\/a>"],"unlinked":["<span class=\"advgb-post-tax-term\">Destaque Centro 02<\/span>","<span class=\"advgb-post-tax-term\">g1<\/span>","<span class=\"advgb-post-tax-term\">Policial<\/span>"]}},"comment_count":"0","relative_dates":{"created":"Publicado 2 anos atr\u00e1s","modified":"Atualizado 2 anos atr\u00e1s"},"absolute_dates":{"created":"Publicado em 23 de julho de 2024","modified":"Atualizado em 23 de julho de 2024"},"absolute_dates_time":{"created":"Publicado em 23 de julho de 2024 17:00","modified":"Atualizado em 23 de julho de 2024 17:00"},"featured_img_caption":"","series_order":"","_links":{"self":[{"href":"https:\/\/sindaopcpb.org.br\/index.php\/wp-json\/wp\/v2\/posts\/49274","targetHints":{"allow":["GET"]}}],"collection":[{"href":"https:\/\/sindaopcpb.org.br\/index.php\/wp-json\/wp\/v2\/posts"}],"about":[{"href":"https:\/\/sindaopcpb.org.br\/index.php\/wp-json\/wp\/v2\/types\/post"}],"author":[{"embeddable":true,"href":"https:\/\/sindaopcpb.org.br\/index.php\/wp-json\/wp\/v2\/users\/123457"}],"replies":[{"embeddable":true,"href":"https:\/\/sindaopcpb.org.br\/index.php\/wp-json\/wp\/v2\/comments?post=49274"}],"version-history":[{"count":3,"href":"https:\/\/sindaopcpb.org.br\/index.php\/wp-json\/wp\/v2\/posts\/49274\/revisions"}],"predecessor-version":[{"id":49291,"href":"https:\/\/sindaopcpb.org.br\/index.php\/wp-json\/wp\/v2\/posts\/49274\/revisions\/49291"}],"wp:attachment":[{"href":"https:\/\/sindaopcpb.org.br\/index.php\/wp-json\/wp\/v2\/media?parent=49274"}],"wp:term":[{"taxonomy":"category","embeddable":true,"href":"https:\/\/sindaopcpb.org.br\/index.php\/wp-json\/wp\/v2\/categories?post=49274"},{"taxonomy":"post_tag","embeddable":true,"href":"https:\/\/sindaopcpb.org.br\/index.php\/wp-json\/wp\/v2\/tags?post=49274"}],"curies":[{"name":"wp","href":"https:\/\/api.w.org\/{rel}","templated":true}]}}