{"id":49260,"date":"2024-07-23T11:30:43","date_gmt":"2024-07-23T14:30:43","guid":{"rendered":"https:\/\/www.pbagora.com.br\/?p=846139"},"modified":"2024-07-23T11:30:43","modified_gmt":"2024-07-23T14:30:43","slug":"suspeito-de-homicidio-no-sertao-e-preso-pelas-policias-civil-e-militar","status":"publish","type":"post","link":"https:\/\/sindaopcpb.org.br\/index.php\/2024\/07\/23\/suspeito-de-homicidio-no-sertao-e-preso-pelas-policias-civil-e-militar\/","title":{"rendered":"Suspeito de homic\u00eddio no Sert\u00e3o \u00e9 preso pelas pol\u00edcias Civil e Militar"},"content":{"rendered":"<p><img width=\"996\" height=\"734\" src=\"https:\/\/pbagora.s3.amazonaws.com\/20200428074036\/algemado11.jpg\" class=\"attachment-large size-large wp-post-image\" alt=\"\" style=\"margin-bottom: 20px;\" decoding=\"async\" loading=\"lazy\" srcset=\"https:\/\/pbagora.s3.amazonaws.com\/20200428074036\/algemado11.jpg 996w, https:\/\/pbagora.s3.amazonaws.com\/20200428074036\/algemado11-300x221.jpg 300w, https:\/\/pbagora.s3.amazonaws.com\/20200428074036\/algemado11-150x111.jpg 150w, https:\/\/pbagora.s3.amazonaws.com\/20200428074036\/algemado11-768x566.jpg 768w, https:\/\/pbagora.s3.amazonaws.com\/20200428074036\/algemado11-800x590.jpg 800w, https:\/\/pbagora.s3.amazonaws.com\/20200428074036\/algemado11-80x60.jpg 80w, https:\/\/pbagora.s3.amazonaws.com\/20200428074036\/algemado11-600x442.jpg 600w\" sizes=\"(max-width: 996px) 100vw, 996px\" \/><\/p><p>Uma investiga\u00e7\u00e3o da Pol\u00edcia Civil resultou no mandado de busca e apreens\u00e3o que culminou na pris\u00e3o, nesta ter\u00e7a-feira, 23 de julho, de um homem suspeito de assassinar Francisco Severino da Costa, mais conhecido como \u201cNaldo de Lagoa\u201d, 45 anos. A a\u00e7\u00e3o contou com o apoio da Pol\u00edcia Militar.<\/p>\n<p>Durante as buscas autorizadas pela justi\u00e7a, o alvo das investiga\u00e7\u00f5es tentou se desfazer de uma arma de fogo, mas foi flagrado pelos policiais. A pistola estava com numera\u00e7\u00e3o raspada e foi apreendida para exames periciais no IPC da Pol\u00edcia Civil.<\/p>\n<p>O crime<\/p>\n<p>Naldo foi assassinado a tiros no dia 15 de julho deste ano, no munic\u00edpio de Pombal. Foi o primeiro registro de homic\u00eddio na cidade em 2024, crime que pode ser esclarecido nos pr\u00f3ximos dias.<\/p>\n<p><strong>PB Agora<\/strong><\/p>\n","protected":false},"excerpt":{"rendered":"<p><img loading=\"lazy\" decoding=\"async\" width=\"996\" height=\"734\" src=\"https:\/\/pbagora.s3.amazonaws.com\/20200428074036\/algemado11.jpg\" class=\"attachment-large size-large wp-post-image\" alt=\"\"><\/p>\n<p>Uma investiga\u00e7\u00e3o da Pol\u00edcia Civil resultou no mandado de busca e apreens\u00e3o que culminou na pris\u00e3o, nesta ter\u00e7a-feira,\u2026<\/p>\n","protected":false},"author":123457,"featured_media":0,"comment_status":"closed","ping_status":"closed","sticky":false,"template":"","format":"standard","meta":{"advgb_blocks_editor_width":"","advgb_blocks_columns_visual_guide":"","footnotes":""},"categories":[34],"tags":[35,10839,10842],"class_list":["post-49260","post","type-post","status-publish","format-standard","hentry","category-g1","tag-g1","tag-policial","tag-principal3"],"author_meta":{"display_name":"Reda\u00e7\u00e3o","author_link":"https:\/\/sindaopcpb.org.br\/author\/redacao\/"},"featured_img":null,"coauthors":[],"tax_additional":{"categories":{"linked":["<a href=\"https:\/\/sindaopcpb.org.br\/g1\/\" class=\"advgb-post-tax-term\">G1<\/a>"],"unlinked":["<span class=\"advgb-post-tax-term\">G1<\/span>"]},"tags":{"linked":["<a href=\"https:\/\/sindaopcpb.org.br\/g1\/\" class=\"advgb-post-tax-term\">g1<\/a>","<a href=\"https:\/\/sindaopcpb.org.br\/g1\/\" class=\"advgb-post-tax-term\">Policial<\/a>","<a href=\"https:\/\/sindaopcpb.org.br\/g1\/\" class=\"advgb-post-tax-term\">Principal3<\/a>"],"unlinked":["<span class=\"advgb-post-tax-term\">g1<\/span>","<span class=\"advgb-post-tax-term\">Policial<\/span>","<span class=\"advgb-post-tax-term\">Principal3<\/span>"]}},"comment_count":"0","relative_dates":{"created":"Publicado 2 anos atr\u00e1s","modified":"Atualizado 2 anos atr\u00e1s"},"absolute_dates":{"created":"Publicado em 23 de julho de 2024","modified":"Atualizado em 23 de julho de 2024"},"absolute_dates_time":{"created":"Publicado em 23 de julho de 2024 11:30","modified":"Atualizado em 23 de julho de 2024 11:30"},"featured_img_caption":"","series_order":"","_links":{"self":[{"href":"https:\/\/sindaopcpb.org.br\/index.php\/wp-json\/wp\/v2\/posts\/49260","targetHints":{"allow":["GET"]}}],"collection":[{"href":"https:\/\/sindaopcpb.org.br\/index.php\/wp-json\/wp\/v2\/posts"}],"about":[{"href":"https:\/\/sindaopcpb.org.br\/index.php\/wp-json\/wp\/v2\/types\/post"}],"author":[{"embeddable":true,"href":"https:\/\/sindaopcpb.org.br\/index.php\/wp-json\/wp\/v2\/users\/123457"}],"replies":[{"embeddable":true,"href":"https:\/\/sindaopcpb.org.br\/index.php\/wp-json\/wp\/v2\/comments?post=49260"}],"version-history":[{"count":2,"href":"https:\/\/sindaopcpb.org.br\/index.php\/wp-json\/wp\/v2\/posts\/49260\/revisions"}],"predecessor-version":[{"id":49273,"href":"https:\/\/sindaopcpb.org.br\/index.php\/wp-json\/wp\/v2\/posts\/49260\/revisions\/49273"}],"wp:attachment":[{"href":"https:\/\/sindaopcpb.org.br\/index.php\/wp-json\/wp\/v2\/media?parent=49260"}],"wp:term":[{"taxonomy":"category","embeddable":true,"href":"https:\/\/sindaopcpb.org.br\/index.php\/wp-json\/wp\/v2\/categories?post=49260"},{"taxonomy":"post_tag","embeddable":true,"href":"https:\/\/sindaopcpb.org.br\/index.php\/wp-json\/wp\/v2\/tags?post=49260"}],"curies":[{"name":"wp","href":"https:\/\/api.w.org\/{rel}","templated":true}]}}