{"id":49253,"date":"2024-07-23T09:30:28","date_gmt":"2024-07-23T12:30:28","guid":{"rendered":"https:\/\/www.pbagora.com.br\/?p=846098"},"modified":"2024-07-23T11:30:28","modified_gmt":"2024-07-23T14:30:28","slug":"empresario-e-procurado-suspeito-de-agredir-companheira-no-bairro-de-manaira-na-capital","status":"publish","type":"post","link":"https:\/\/sindaopcpb.org.br\/index.php\/2024\/07\/23\/empresario-e-procurado-suspeito-de-agredir-companheira-no-bairro-de-manaira-na-capital\/","title":{"rendered":"Empres\u00e1rio \u00e9 procurado suspeito de agredir companheira no bairro de Mana\u00edra, na capital"},"content":{"rendered":"<p><img width=\"1024\" height=\"683\" src=\"https:\/\/pbagora.s3.amazonaws.com\/20210526172113\/violencis-domestica-20130827-002-1024x683.jpg\" class=\"attachment-large size-large wp-post-image\" alt=\"\" style=\"margin-bottom: 20px;\" decoding=\"async\" loading=\"lazy\" srcset=\"https:\/\/pbagora.s3.amazonaws.com\/20210526172113\/violencis-domestica-20130827-002-1024x683.jpg 1024w, https:\/\/pbagora.s3.amazonaws.com\/20210526172113\/violencis-domestica-20130827-002-300x200.jpg 300w, https:\/\/pbagora.s3.amazonaws.com\/20210526172113\/violencis-domestica-20130827-002-150x100.jpg 150w, https:\/\/pbagora.s3.amazonaws.com\/20210526172113\/violencis-domestica-20130827-002-768x512.jpg 768w, https:\/\/pbagora.s3.amazonaws.com\/20210526172113\/violencis-domestica-20130827-002-380x253.jpg 380w, https:\/\/pbagora.s3.amazonaws.com\/20210526172113\/violencis-domestica-20130827-002-800x533.jpg 800w, https:\/\/pbagora.s3.amazonaws.com\/20210526172113\/violencis-domestica-20130827-002-1160x773.jpg 1160w, https:\/\/pbagora.s3.amazonaws.com\/20210526172113\/violencis-domestica-20130827-002-80x53.jpg 80w, https:\/\/pbagora.s3.amazonaws.com\/20210526172113\/violencis-domestica-20130827-002-760x507.jpg 760w, https:\/\/pbagora.s3.amazonaws.com\/20210526172113\/violencis-domestica-20130827-002-600x400.jpg 600w, https:\/\/pbagora.s3.amazonaws.com\/20210526172113\/violencis-domestica-20130827-002.jpg 1500w\" sizes=\"(max-width: 1024px) 100vw, 1024px\" \/><\/p><p>Uma mulher foi v\u00edtima de agress\u00e3o f\u00edsica durante a madrugada de hoje (23) no bairro de Mana\u00edra, na capital. Segundo mat\u00e9ria da TV Arapuan o caso ocorreu no bairro de Mana\u00edra, na Zona Leste da capital.<\/p>\n<p>O suspeito \u00e9, um empres\u00e1rio do ramo de refrigera\u00e7\u00e3o, que seria companheiro da v\u00edtima. As agress\u00f5es teriam ocorrido durante toda a noite. O suspeito, segundo as primeiras informa\u00e7\u00f5es, seria Lucas Dantas Rabelo.<\/p>\n<p>A mulher, que atua na \u00e1rea da psicologia, denunciou o caso \u00e0 delegacia da mulher de Jo\u00e3o Pessoa e a situa\u00e7\u00e3o est\u00e1 sendo investigada. O suspeito n\u00e3o foi encontrado pela pol\u00edcia no local. O caso est\u00e1 sendo investigado.<\/p>\n<p>Reda\u00e7\u00e3o<\/p>\n","protected":false},"excerpt":{"rendered":"<p><img decoding=\"async\" width=\"1024\" height=\"683\" src=\"https:\/\/pbagora.s3.amazonaws.com\/20210526172113\/violencis-domestica-20130827-002-1024x683.jpg\" class=\"attachment-large size-large wp-post-image\" alt=\"\" loading=\"lazy\"><\/p>\n<p>Uma mulher foi v\u00edtima de agress\u00e3o f\u00edsica durante a madrugada de hoje (23) no bairro de Mana\u00edra, na\u2026<\/p>\n","protected":false},"author":123457,"featured_media":0,"comment_status":"closed","ping_status":"closed","sticky":false,"template":"","format":"standard","meta":{"advgb_blocks_editor_width":"","advgb_blocks_columns_visual_guide":"","footnotes":""},"categories":[34],"tags":[35,10839,10846],"class_list":["post-49253","post","type-post","status-publish","format-standard","hentry","category-g1","tag-g1","tag-policial","tag-rodape-02"],"author_meta":{"display_name":"Reda\u00e7\u00e3o","author_link":"https:\/\/sindaopcpb.org.br\/author\/redacao\/"},"featured_img":null,"coauthors":[],"tax_additional":{"categories":{"linked":["<a href=\"https:\/\/sindaopcpb.org.br\/g1\/\" class=\"advgb-post-tax-term\">G1<\/a>"],"unlinked":["<span class=\"advgb-post-tax-term\">G1<\/span>"]},"tags":{"linked":["<a href=\"https:\/\/sindaopcpb.org.br\/g1\/\" class=\"advgb-post-tax-term\">g1<\/a>","<a href=\"https:\/\/sindaopcpb.org.br\/g1\/\" class=\"advgb-post-tax-term\">Policial<\/a>","<a href=\"https:\/\/sindaopcpb.org.br\/g1\/\" class=\"advgb-post-tax-term\">Rodape 02<\/a>"],"unlinked":["<span class=\"advgb-post-tax-term\">g1<\/span>","<span class=\"advgb-post-tax-term\">Policial<\/span>","<span class=\"advgb-post-tax-term\">Rodape 02<\/span>"]}},"comment_count":"0","relative_dates":{"created":"Publicado 2 anos atr\u00e1s","modified":"Atualizado 2 anos atr\u00e1s"},"absolute_dates":{"created":"Publicado em 23 de julho de 2024","modified":"Atualizado em 23 de julho de 2024"},"absolute_dates_time":{"created":"Publicado em 23 de julho de 2024 09:30","modified":"Atualizado em 23 de julho de 2024 11:30"},"featured_img_caption":"","series_order":"","_links":{"self":[{"href":"https:\/\/sindaopcpb.org.br\/index.php\/wp-json\/wp\/v2\/posts\/49253","targetHints":{"allow":["GET"]}}],"collection":[{"href":"https:\/\/sindaopcpb.org.br\/index.php\/wp-json\/wp\/v2\/posts"}],"about":[{"href":"https:\/\/sindaopcpb.org.br\/index.php\/wp-json\/wp\/v2\/types\/post"}],"author":[{"embeddable":true,"href":"https:\/\/sindaopcpb.org.br\/index.php\/wp-json\/wp\/v2\/users\/123457"}],"replies":[{"embeddable":true,"href":"https:\/\/sindaopcpb.org.br\/index.php\/wp-json\/wp\/v2\/comments?post=49253"}],"version-history":[{"count":2,"href":"https:\/\/sindaopcpb.org.br\/index.php\/wp-json\/wp\/v2\/posts\/49253\/revisions"}],"predecessor-version":[{"id":49265,"href":"https:\/\/sindaopcpb.org.br\/index.php\/wp-json\/wp\/v2\/posts\/49253\/revisions\/49265"}],"wp:attachment":[{"href":"https:\/\/sindaopcpb.org.br\/index.php\/wp-json\/wp\/v2\/media?parent=49253"}],"wp:term":[{"taxonomy":"category","embeddable":true,"href":"https:\/\/sindaopcpb.org.br\/index.php\/wp-json\/wp\/v2\/categories?post=49253"},{"taxonomy":"post_tag","embeddable":true,"href":"https:\/\/sindaopcpb.org.br\/index.php\/wp-json\/wp\/v2\/tags?post=49253"}],"curies":[{"name":"wp","href":"https:\/\/api.w.org\/{rel}","templated":true}]}}