{"id":49249,"date":"2024-07-23T07:43:37","date_gmt":"2024-07-23T10:43:37","guid":{"rendered":"https:\/\/www.pbagora.com.br\/?p=846086"},"modified":"2024-07-23T11:30:37","modified_gmt":"2024-07-23T14:30:37","slug":"policia-prende-idoso-com-videos-de-abuso-sexual-infantil-no-bairro-de-mangabeira","status":"publish","type":"post","link":"https:\/\/sindaopcpb.org.br\/index.php\/2024\/07\/23\/policia-prende-idoso-com-videos-de-abuso-sexual-infantil-no-bairro-de-mangabeira\/","title":{"rendered":"Pol\u00edcia prende idoso com v\u00eddeos de abuso sexual infantil, no bairro de Mangabeira"},"content":{"rendered":"<p><img width=\"787\" height=\"653\" src=\"https:\/\/pbagora.s3.amazonaws.com\/20190903061745\/SUSPEITO_ESTUPRO.jpg\" class=\"attachment-large size-large wp-post-image\" alt=\"\" style=\"margin-bottom: 20px;\" decoding=\"async\" loading=\"lazy\" srcset=\"https:\/\/pbagora.s3.amazonaws.com\/20190903061745\/SUSPEITO_ESTUPRO.jpg 787w, https:\/\/pbagora.s3.amazonaws.com\/20190903061745\/SUSPEITO_ESTUPRO-300x249.jpg 300w, https:\/\/pbagora.s3.amazonaws.com\/20190903061745\/SUSPEITO_ESTUPRO-150x124.jpg 150w, https:\/\/pbagora.s3.amazonaws.com\/20190903061745\/SUSPEITO_ESTUPRO-768x637.jpg 768w, https:\/\/pbagora.s3.amazonaws.com\/20190903061745\/SUSPEITO_ESTUPRO-80x66.jpg 80w, https:\/\/pbagora.s3.amazonaws.com\/20190903061745\/SUSPEITO_ESTUPRO-600x498.jpg 600w\" sizes=\"(max-width: 787px) 100vw, 787px\" \/><\/p><p>A Pol\u00edcia Civil, prendeu na manh\u00e3 de hoje (23), um idoso durante uma a\u00e7\u00e3o contra divulga\u00e7\u00e3o de conte\u00fados com abuso sexual infantil.<\/p>\n<p>Dados iniciais da pol\u00edcia, d\u00e3o conta que a pris\u00e3o se deu no bairro de Mangabeira, Zona Sul da capital. Segundo o delegado Jo\u00e3o Ricardo, da Delegacia de Crimes Cibern\u00e9ticos (DECC), o acusado tem 62 anos de idade.<\/p>\n<p>Inicialmente, seria cumprido apenas um mandado de busca e apreens\u00e3o, por\u00e9m em meio a a\u00e7\u00e3o o idoso foi preso em flagrante com com v\u00e1rios arquivos contendo abuso sexual infantil. De acordo com o delegado Jo\u00e3o Ricardo, o idoso tamb\u00e9m fazia parte de grupos em aplicativos de conversas exclusivos sobre troca de material porno infantil.<\/p>\n<p>\u201cA investiga\u00e7\u00e3o se iniciou no ciberlab do Minist\u00e9rio da Justoca e foi enviada \u00e0 DECC para continuidade\u201d, explicou o delegado. As investiga\u00e7\u00f5es tiveram in\u00edcio no m\u00eas de janeiro, ap\u00f3s identifica\u00e7\u00e3o do suspeito em grupos de pornografia infantil, por parte do Minist\u00e9rio da Justi\u00e7a. Com o suspeito foram apreendidos notebooks e telefones. O crime estaria ocorrendo h\u00e1 mais de um ano.<\/p>\n<p>Reda\u00e7\u00e3o<\/p>\n","protected":false},"excerpt":{"rendered":"<p><img decoding=\"async\" width=\"787\" height=\"653\" src=\"https:\/\/pbagora.s3.amazonaws.com\/20190903061745\/SUSPEITO_ESTUPRO.jpg\" class=\"attachment-large size-large wp-post-image\" alt=\"\" loading=\"lazy\"><\/p>\n<p>A Pol\u00edcia Civil, prendeu na manh\u00e3 de hoje (23), um idoso durante uma a\u00e7\u00e3o contra divulga\u00e7\u00e3o de conte\u00fados\u2026<\/p>\n","protected":false},"author":123457,"featured_media":0,"comment_status":"closed","ping_status":"closed","sticky":false,"template":"","format":"standard","meta":{"advgb_blocks_editor_width":"","advgb_blocks_columns_visual_guide":"","footnotes":""},"categories":[34],"tags":[35,10839,10850],"class_list":["post-49249","post","type-post","status-publish","format-standard","hentry","category-g1","tag-g1","tag-policial","tag-voceviu"],"author_meta":{"display_name":"Reda\u00e7\u00e3o","author_link":"https:\/\/sindaopcpb.org.br\/author\/redacao\/"},"featured_img":null,"coauthors":[],"tax_additional":{"categories":{"linked":["<a href=\"https:\/\/sindaopcpb.org.br\/g1\/\" class=\"advgb-post-tax-term\">G1<\/a>"],"unlinked":["<span class=\"advgb-post-tax-term\">G1<\/span>"]},"tags":{"linked":["<a href=\"https:\/\/sindaopcpb.org.br\/g1\/\" class=\"advgb-post-tax-term\">g1<\/a>","<a href=\"https:\/\/sindaopcpb.org.br\/g1\/\" class=\"advgb-post-tax-term\">Policial<\/a>","<a href=\"https:\/\/sindaopcpb.org.br\/g1\/\" class=\"advgb-post-tax-term\">Voceviu?<\/a>"],"unlinked":["<span class=\"advgb-post-tax-term\">g1<\/span>","<span class=\"advgb-post-tax-term\">Policial<\/span>","<span class=\"advgb-post-tax-term\">Voceviu?<\/span>"]}},"comment_count":"0","relative_dates":{"created":"Publicado 2 anos atr\u00e1s","modified":"Atualizado 2 anos atr\u00e1s"},"absolute_dates":{"created":"Publicado em 23 de julho de 2024","modified":"Atualizado em 23 de julho de 2024"},"absolute_dates_time":{"created":"Publicado em 23 de julho de 2024 07:43","modified":"Atualizado em 23 de julho de 2024 11:30"},"featured_img_caption":"","series_order":"","_links":{"self":[{"href":"https:\/\/sindaopcpb.org.br\/index.php\/wp-json\/wp\/v2\/posts\/49249","targetHints":{"allow":["GET"]}}],"collection":[{"href":"https:\/\/sindaopcpb.org.br\/index.php\/wp-json\/wp\/v2\/posts"}],"about":[{"href":"https:\/\/sindaopcpb.org.br\/index.php\/wp-json\/wp\/v2\/types\/post"}],"author":[{"embeddable":true,"href":"https:\/\/sindaopcpb.org.br\/index.php\/wp-json\/wp\/v2\/users\/123457"}],"replies":[{"embeddable":true,"href":"https:\/\/sindaopcpb.org.br\/index.php\/wp-json\/wp\/v2\/comments?post=49249"}],"version-history":[{"count":3,"href":"https:\/\/sindaopcpb.org.br\/index.php\/wp-json\/wp\/v2\/posts\/49249\/revisions"}],"predecessor-version":[{"id":49264,"href":"https:\/\/sindaopcpb.org.br\/index.php\/wp-json\/wp\/v2\/posts\/49249\/revisions\/49264"}],"wp:attachment":[{"href":"https:\/\/sindaopcpb.org.br\/index.php\/wp-json\/wp\/v2\/media?parent=49249"}],"wp:term":[{"taxonomy":"category","embeddable":true,"href":"https:\/\/sindaopcpb.org.br\/index.php\/wp-json\/wp\/v2\/categories?post=49249"},{"taxonomy":"post_tag","embeddable":true,"href":"https:\/\/sindaopcpb.org.br\/index.php\/wp-json\/wp\/v2\/tags?post=49249"}],"curies":[{"name":"wp","href":"https:\/\/api.w.org\/{rel}","templated":true}]}}