{"id":49238,"date":"2024-07-22T13:12:41","date_gmt":"2024-07-22T16:12:41","guid":{"rendered":"https:\/\/www.pbagora.com.br\/?p=845917"},"modified":"2024-07-22T13:12:41","modified_gmt":"2024-07-22T16:12:41","slug":"policia-civil-abre-inquerito-para-investigar-acidente-no-sertao-paraibano-que-deixou-quatro-mortos","status":"publish","type":"post","link":"https:\/\/sindaopcpb.org.br\/index.php\/2024\/07\/22\/policia-civil-abre-inquerito-para-investigar-acidente-no-sertao-paraibano-que-deixou-quatro-mortos\/","title":{"rendered":"Pol\u00edcia Civil abre inqu\u00e9rito para investigar acidente no Sert\u00e3o paraibano que deixou quatro mortos"},"content":{"rendered":"<p><img width=\"800\" height=\"475\" src=\"https:\/\/pbagora.s3.amazonaws.com\/2024\/07\/22124137\/acidente-time-de-futebol-1.webp\" class=\"attachment-large size-large wp-post-image\" alt=\"\" style=\"margin-bottom: 20px;\" decoding=\"async\" loading=\"lazy\" srcset=\"https:\/\/pbagora.s3.amazonaws.com\/2024\/07\/22124137\/acidente-time-de-futebol-1.webp 800w, https:\/\/pbagora.s3.amazonaws.com\/2024\/07\/22124137\/acidente-time-de-futebol-1-300x178.webp 300w, https:\/\/pbagora.s3.amazonaws.com\/2024\/07\/22124137\/acidente-time-de-futebol-1-150x89.webp 150w, https:\/\/pbagora.s3.amazonaws.com\/2024\/07\/22124137\/acidente-time-de-futebol-1-768x456.webp 768w, https:\/\/pbagora.s3.amazonaws.com\/2024\/07\/22124137\/acidente-time-de-futebol-1-380x226.webp 380w, https:\/\/pbagora.s3.amazonaws.com\/2024\/07\/22124137\/acidente-time-de-futebol-1-80x48.webp 80w, https:\/\/pbagora.s3.amazonaws.com\/2024\/07\/22124137\/acidente-time-de-futebol-1-760x451.webp 760w, https:\/\/pbagora.s3.amazonaws.com\/2024\/07\/22124137\/acidente-time-de-futebol-1-600x356.webp 600w\" sizes=\"(max-width: 800px) 100vw, 800px\" \/><\/p><p>A Pol\u00edcia Civil da Para\u00edba abriu um inqu\u00e9rito para investigar as causas do acidente que resultou na morte de quatro pessoas e deixou v\u00e1rios feridos na tarde desse domingo (21) em um trecho da BR-306, que liga os munic\u00edpios de \u00c1gua Branca a Imaculada, no Sert\u00e3o da Para\u00edba.<\/p>\n<p>As v\u00edtimas estavam na carroceria de uma caminhonete para participar de um campeonato de futebol amador quando o ve\u00edculo sofreu o acidente. Jos\u00e9 Marcos Gomes Leite, de 33 anos, Audizio Gomes Sales, de 43 anos, Jose Gomes de Sales, de 74 anos, o t\u00e9cnico do time, e Eronildo de Sousa Gomes, de 26 anos, morreram em decorr\u00eancia do acidente.<\/p>\n<p>Os demais ocupantes do ve\u00edculo, 17 pessoas, seguem em observa\u00e7\u00e3o m\u00e9dica, com alguns apresentando quadro de sa\u00fade considerado delicado.<\/p>\n<p>A pol\u00edcia abriu o inqu\u00e9rito e vai fazer uma per\u00edcia no ve\u00edculo.<\/p>\n<p><em><strong>PB Agora<\/strong><\/em><\/p>\n","protected":false},"excerpt":{"rendered":"<p><img decoding=\"async\" width=\"800\" height=\"475\" src=\"https:\/\/pbagora.s3.amazonaws.com\/2024\/07\/22124137\/acidente-time-de-futebol-1.webp\" class=\"attachment-large size-large wp-post-image\" alt=\"\" loading=\"lazy\"><\/p>\n<p>A Pol\u00edcia Civil da Para\u00edba abriu um inqu\u00e9rito para investigar as causas do acidente que resultou na morte\u2026<\/p>\n","protected":false},"author":123457,"featured_media":0,"comment_status":"closed","ping_status":"closed","sticky":false,"template":"","format":"standard","meta":{"advgb_blocks_editor_width":"","advgb_blocks_columns_visual_guide":"","footnotes":""},"categories":[34],"tags":[35,10839],"class_list":["post-49238","post","type-post","status-publish","format-standard","hentry","category-g1","tag-g1","tag-policial"],"author_meta":{"display_name":"Reda\u00e7\u00e3o","author_link":"https:\/\/sindaopcpb.org.br\/author\/redacao\/"},"featured_img":null,"coauthors":[],"tax_additional":{"categories":{"linked":["<a href=\"https:\/\/sindaopcpb.org.br\/g1\/\" class=\"advgb-post-tax-term\">G1<\/a>"],"unlinked":["<span class=\"advgb-post-tax-term\">G1<\/span>"]},"tags":{"linked":["<a href=\"https:\/\/sindaopcpb.org.br\/g1\/\" class=\"advgb-post-tax-term\">g1<\/a>","<a href=\"https:\/\/sindaopcpb.org.br\/g1\/\" class=\"advgb-post-tax-term\">Policial<\/a>"],"unlinked":["<span class=\"advgb-post-tax-term\">g1<\/span>","<span class=\"advgb-post-tax-term\">Policial<\/span>"]}},"comment_count":"0","relative_dates":{"created":"Publicado 2 anos atr\u00e1s","modified":"Atualizado 2 anos atr\u00e1s"},"absolute_dates":{"created":"Publicado em 22 de julho de 2024","modified":"Atualizado em 22 de julho de 2024"},"absolute_dates_time":{"created":"Publicado em 22 de julho de 2024 13:12","modified":"Atualizado em 22 de julho de 2024 13:12"},"featured_img_caption":"","series_order":"","_links":{"self":[{"href":"https:\/\/sindaopcpb.org.br\/index.php\/wp-json\/wp\/v2\/posts\/49238","targetHints":{"allow":["GET"]}}],"collection":[{"href":"https:\/\/sindaopcpb.org.br\/index.php\/wp-json\/wp\/v2\/posts"}],"about":[{"href":"https:\/\/sindaopcpb.org.br\/index.php\/wp-json\/wp\/v2\/types\/post"}],"author":[{"embeddable":true,"href":"https:\/\/sindaopcpb.org.br\/index.php\/wp-json\/wp\/v2\/users\/123457"}],"replies":[{"embeddable":true,"href":"https:\/\/sindaopcpb.org.br\/index.php\/wp-json\/wp\/v2\/comments?post=49238"}],"version-history":[{"count":1,"href":"https:\/\/sindaopcpb.org.br\/index.php\/wp-json\/wp\/v2\/posts\/49238\/revisions"}],"predecessor-version":[{"id":49239,"href":"https:\/\/sindaopcpb.org.br\/index.php\/wp-json\/wp\/v2\/posts\/49238\/revisions\/49239"}],"wp:attachment":[{"href":"https:\/\/sindaopcpb.org.br\/index.php\/wp-json\/wp\/v2\/media?parent=49238"}],"wp:term":[{"taxonomy":"category","embeddable":true,"href":"https:\/\/sindaopcpb.org.br\/index.php\/wp-json\/wp\/v2\/categories?post=49238"},{"taxonomy":"post_tag","embeddable":true,"href":"https:\/\/sindaopcpb.org.br\/index.php\/wp-json\/wp\/v2\/tags?post=49238"}],"curies":[{"name":"wp","href":"https:\/\/api.w.org\/{rel}","templated":true}]}}