{"id":49231,"date":"2024-07-22T15:06:31","date_gmt":"2024-07-22T18:06:31","guid":{"rendered":"https:\/\/www.pbagora.com.br\/?p=845982"},"modified":"2024-07-22T15:06:31","modified_gmt":"2024-07-22T18:06:31","slug":"prf-na-paraiba-intensifica-acoes-e-recupera-veiculos-prende-foragida-e-tira-maconha-de-circulacao","status":"publish","type":"post","link":"https:\/\/sindaopcpb.org.br\/index.php\/2024\/07\/22\/prf-na-paraiba-intensifica-acoes-e-recupera-veiculos-prende-foragida-e-tira-maconha-de-circulacao\/","title":{"rendered":"PRF na Para\u00edba intensifica a\u00e7\u00f5es e recupera ve\u00edculos, prende foragida e tira maconha de circula\u00e7\u00e3o"},"content":{"rendered":"<p><img width=\"1024\" height=\"676\" src=\"https:\/\/pbagora.s3.amazonaws.com\/2024\/07\/22142609\/b0624a3f-8bdd-4045-a6c8-dc97d115bbf1-1024x676.jpeg\" class=\"attachment-large size-large wp-post-image\" alt=\"\" style=\"margin-bottom: 20px;\" decoding=\"async\" srcset=\"https:\/\/pbagora.s3.amazonaws.com\/2024\/07\/22142609\/b0624a3f-8bdd-4045-a6c8-dc97d115bbf1-1024x676.jpeg 1024w, https:\/\/pbagora.s3.amazonaws.com\/2024\/07\/22142609\/b0624a3f-8bdd-4045-a6c8-dc97d115bbf1-300x198.jpeg 300w, https:\/\/pbagora.s3.amazonaws.com\/2024\/07\/22142609\/b0624a3f-8bdd-4045-a6c8-dc97d115bbf1-150x99.jpeg 150w, https:\/\/pbagora.s3.amazonaws.com\/2024\/07\/22142609\/b0624a3f-8bdd-4045-a6c8-dc97d115bbf1-768x507.jpeg 768w, https:\/\/pbagora.s3.amazonaws.com\/2024\/07\/22142609\/b0624a3f-8bdd-4045-a6c8-dc97d115bbf1-380x251.jpeg 380w, https:\/\/pbagora.s3.amazonaws.com\/2024\/07\/22142609\/b0624a3f-8bdd-4045-a6c8-dc97d115bbf1-800x528.jpeg 800w, https:\/\/pbagora.s3.amazonaws.com\/2024\/07\/22142609\/b0624a3f-8bdd-4045-a6c8-dc97d115bbf1-1160x766.jpeg 1160w, https:\/\/pbagora.s3.amazonaws.com\/2024\/07\/22142609\/b0624a3f-8bdd-4045-a6c8-dc97d115bbf1-80x53.jpeg 80w, https:\/\/pbagora.s3.amazonaws.com\/2024\/07\/22142609\/b0624a3f-8bdd-4045-a6c8-dc97d115bbf1-760x502.jpeg 760w, https:\/\/pbagora.s3.amazonaws.com\/2024\/07\/22142609\/b0624a3f-8bdd-4045-a6c8-dc97d115bbf1-600x396.jpeg 600w, https:\/\/pbagora.s3.amazonaws.com\/2024\/07\/22142609\/b0624a3f-8bdd-4045-a6c8-dc97d115bbf1.jpeg 1200w\" sizes=\"(max-width: 1024px) 100vw, 1024px\" \/><\/p><p>A Pol\u00edcia Rodovi\u00e1ria Federal (PRF) realizou, por meio de fiscaliza\u00e7\u00f5es de combate a criminalidade e seguran\u00e7a vi\u00e1ria, empregadas entre os dias 19 e 21 de julho, a recupera\u00e7\u00e3o de dois ve\u00edculos, sendo um deles com registro de apropria\u00e7\u00e3o ind\u00e9bita e outro que havia sido roubado e circulava adulterado. Tamb\u00e9m ocorreu a captura de uma mulher com mandado de pris\u00e3o por roubo, furto e porte ilegal de arma de fogo. Durante as ocorr\u00eancias distintas, meio quilo de maconha foi apreendida. Um homem que se envolveu em sinistro de tr\u00e2nsito foi detido por estar alcoolizado.<\/p>\n<p>A primeira ocorr\u00eancia se deu no munic\u00edpio de Sobrado-PB, na BR-230, km 69, por volta das 10h, da \u00faltima sexta-feira (19), quando equipe policial abordou um Fiat Strada. No decorrer da fiscaliza\u00e7\u00e3o, foi identificado um registro de apropria\u00e7\u00e3o ind\u00e9bita em desfavor do autom\u00f3vel. O condutor, um homem de 32 anos, relatou desconhecer a queixa e afirmou ter adquirido o carro por meio de uma troca em um jet ski de sua propriedade mais algumas parcelas. Diante dos fatos observados, ele foi detido e encaminhado com o ve\u00edculo \u00e0 Delegacia de Pol\u00edcia Judici\u00e1ria, onde poder\u00e1 responder criminalmente por apropria\u00e7\u00e3o ind\u00e9bita.<\/p>\n<p>Cerca de tr\u00eas horas ap\u00f3s a ocorr\u00eancia anterior e no mesmo local, um carro modelo Virtus foi abordado a fim de ser realizada fiscaliza\u00e7\u00e3o de rotina. Durante os procedimentos padr\u00e3o, o condutor, um homem de 45 anos, alegou ter pegado o ve\u00edculo emprestado de um vizinho. Foram realizados os procedimentos de identifica\u00e7\u00e3o do autom\u00f3vel, momento em que foi constatado que ele estava adulterado. O Virtus havia sido roubado em dezembro de 2019 no estado do Rio de Janeiro. Sendo assim, o indiv\u00edduo que conduzia o ve\u00edculo foi detido e encaminhado para as autoridades cab\u00edveis, onde poder\u00e1 responder criminalmente por adultera\u00e7\u00e3o e recepta\u00e7\u00e3o.<\/p>\n<p>J\u00e1 no final da tarde do s\u00e1bado (20), \u00e0s 17h15, no munic\u00edpio de S\u00e3o Mamede-PB, equipe da PRF visualizou e abordou um ve\u00edculo modelo Gol com dois ocupantes, sendo eles um casal. O condutor, um homem de 29 anos, a todo momento demonstrou bastante nervosismo. Questionado o motivo, ele relatou ter passagem por tr\u00e1fico de drogas. Seguindo os protocolos de fiscaliza\u00e7\u00e3o, foi realizada inspe\u00e7\u00e3o no interior do autom\u00f3vel, momento em que foi localizado um saco preto contendo um volume suspeito e um odor caracter\u00edstico de entorpecente. Ao realizar a abertura, ficou constatado tratar-se de 500g de subst\u00e2ncia an\u00e1loga \u00e0 maconha. Sendo assim, o indiv\u00edduo foi detido e encaminhado com a droga para a Delegacia de Pol\u00edcia Judici\u00e1ria de Patos, onde poder\u00e1 responder criminalmente por tr\u00e1fico de drogas.<\/p>\n<p>No in\u00edcio da noite do mesmo dia, \u00e0s 18h51, no munic\u00edpio de Queimadas-PB, agentes da PRF foram acionados para comparecer ao km 136, da BR-104, para atender um sinistro de tr\u00e2nsito, onde um ve\u00edculo Fiat Palio atingiu barreira de terra \u00e0s margens da rodovia, ficando imobilizado no acostamento. Chegando ao local, equipe da Pol\u00edcia Militar e Corpo de Bombeiros realizavam os procedimentos de socorro cab\u00edveis. Os policiais rodovi\u00e1rios federais notaram que o condutor, um homem de 60 anos, apresentava forte odor et\u00edlico, vestes em desordem e desorienta\u00e7\u00e3o. Ele assumiu para os agentes de seguran\u00e7a que havia ingerido cacha\u00e7a h\u00e1 poucos minutos. Diante dos fatos observados, foi elaborado um termo de constata\u00e7\u00e3o de embriaguez ao volante. Ele foi conduzido \u00e0 Delegacia de Pol\u00edcia Judici\u00e1ria, onde poder\u00e1 responder criminalmente por conduzir ve\u00edculo com capacidade psicomotora alterada em raz\u00e3o da influ\u00eancia de \u00e1lcool.<\/p>\n<p>A \u00faltima ocorr\u00eancia se deu no domingo (21), \u00e0s 16h50, no munic\u00edpio de Rio Tinto-PB, na BR-101, km 29, quando policiais rodovi\u00e1rios federais avistaram um casal andando \u00e0s margens da rodovia. Prontamente, abordaram a fim de prestar aux\u00edlio. Foram solicitados os documentos de identifica\u00e7\u00e3o pessoal, momento em que foi verificada a exist\u00eancia de mandado de pris\u00e3o em desfavor da mulher de 32 anos. Ela estava foragida pelos crimes de furto, roubo e porte ilegal de arma de fogo. Sendo assim, ela foi presa e encaminhada para as autoridades cab\u00edveis, onde ficar\u00e1 \u00e0 disposi\u00e7\u00e3o para cumprimento da pena imposta pela Justi\u00e7a.<\/p>\n<p>Todos os ve\u00edculos recuperados nas ocorr\u00eancias distintas passar\u00e3o pelos tr\u00e2mites cab\u00edveis para serem devolvidos aos seus leg\u00edtimos donos.<\/p>\n","protected":false},"excerpt":{"rendered":"<p><img loading=\"lazy\" decoding=\"async\" width=\"1024\" height=\"676\" src=\"https:\/\/pbagora.s3.amazonaws.com\/2024\/07\/22142609\/b0624a3f-8bdd-4045-a6c8-dc97d115bbf1-1024x676.jpeg\" class=\"attachment-large size-large wp-post-image\" alt=\"\"><\/p>\n<p>A Pol\u00edcia Rodovi\u00e1ria Federal (PRF) realizou, por meio de fiscaliza\u00e7\u00f5es de combate a criminalidade e seguran\u00e7a vi\u00e1ria, empregadas\u2026<\/p>\n","protected":false},"author":123458,"featured_media":0,"comment_status":"closed","ping_status":"closed","sticky":false,"template":"","format":"standard","meta":{"advgb_blocks_editor_width":"","advgb_blocks_columns_visual_guide":"","footnotes":""},"categories":[34],"tags":[10845,35,10839],"class_list":["post-49231","post","type-post","status-publish","format-standard","hentry","category-g1","tag-destaque-centro-01","tag-g1","tag-policial"],"author_meta":{"display_name":"Feliphe Rojas","author_link":"https:\/\/sindaopcpb.org.br\/author\/feliphe-rojas\/"},"featured_img":null,"coauthors":[],"tax_additional":{"categories":{"linked":["<a href=\"https:\/\/sindaopcpb.org.br\/g1\/\" class=\"advgb-post-tax-term\">G1<\/a>"],"unlinked":["<span class=\"advgb-post-tax-term\">G1<\/span>"]},"tags":{"linked":["<a href=\"https:\/\/sindaopcpb.org.br\/g1\/\" class=\"advgb-post-tax-term\">Destaque Centro 01<\/a>","<a href=\"https:\/\/sindaopcpb.org.br\/g1\/\" class=\"advgb-post-tax-term\">g1<\/a>","<a href=\"https:\/\/sindaopcpb.org.br\/g1\/\" class=\"advgb-post-tax-term\">Policial<\/a>"],"unlinked":["<span class=\"advgb-post-tax-term\">Destaque Centro 01<\/span>","<span class=\"advgb-post-tax-term\">g1<\/span>","<span class=\"advgb-post-tax-term\">Policial<\/span>"]}},"comment_count":"0","relative_dates":{"created":"Publicado 2 anos atr\u00e1s","modified":"Atualizado 2 anos atr\u00e1s"},"absolute_dates":{"created":"Publicado em 22 de julho de 2024","modified":"Atualizado em 22 de julho de 2024"},"absolute_dates_time":{"created":"Publicado em 22 de julho de 2024 15:06","modified":"Atualizado em 22 de julho de 2024 15:06"},"featured_img_caption":"","series_order":"","_links":{"self":[{"href":"https:\/\/sindaopcpb.org.br\/index.php\/wp-json\/wp\/v2\/posts\/49231","targetHints":{"allow":["GET"]}}],"collection":[{"href":"https:\/\/sindaopcpb.org.br\/index.php\/wp-json\/wp\/v2\/posts"}],"about":[{"href":"https:\/\/sindaopcpb.org.br\/index.php\/wp-json\/wp\/v2\/types\/post"}],"author":[{"embeddable":true,"href":"https:\/\/sindaopcpb.org.br\/index.php\/wp-json\/wp\/v2\/users\/123458"}],"replies":[{"embeddable":true,"href":"https:\/\/sindaopcpb.org.br\/index.php\/wp-json\/wp\/v2\/comments?post=49231"}],"version-history":[{"count":3,"href":"https:\/\/sindaopcpb.org.br\/index.php\/wp-json\/wp\/v2\/posts\/49231\/revisions"}],"predecessor-version":[{"id":49242,"href":"https:\/\/sindaopcpb.org.br\/index.php\/wp-json\/wp\/v2\/posts\/49231\/revisions\/49242"}],"wp:attachment":[{"href":"https:\/\/sindaopcpb.org.br\/index.php\/wp-json\/wp\/v2\/media?parent=49231"}],"wp:term":[{"taxonomy":"category","embeddable":true,"href":"https:\/\/sindaopcpb.org.br\/index.php\/wp-json\/wp\/v2\/categories?post=49231"},{"taxonomy":"post_tag","embeddable":true,"href":"https:\/\/sindaopcpb.org.br\/index.php\/wp-json\/wp\/v2\/tags?post=49231"}],"curies":[{"name":"wp","href":"https:\/\/api.w.org\/{rel}","templated":true}]}}