{"id":49224,"date":"2024-07-22T11:26:39","date_gmt":"2024-07-22T14:26:39","guid":{"rendered":"https:\/\/www.pbagora.com.br\/?p=845901"},"modified":"2024-07-22T13:27:39","modified_gmt":"2024-07-22T16:27:39","slug":"policia-investiga-se-suspeito-de-matar-adolescente-em-monteiro-usaria-comercio-para-aliciar-menores","status":"publish","type":"post","link":"https:\/\/sindaopcpb.org.br\/index.php\/2024\/07\/22\/policia-investiga-se-suspeito-de-matar-adolescente-em-monteiro-usaria-comercio-para-aliciar-menores\/","title":{"rendered":"Pol\u00edcia investiga se suspeito de matar adolescente em Monteiro usaria com\u00e9rcio para aliciar menores"},"content":{"rendered":"<p><img width=\"696\" height=\"392\" src=\"https:\/\/pbagora.s3.amazonaws.com\/2024\/07\/22112632\/assassino-adolescente-monteiro.webp\" class=\"attachment-large size-large wp-post-image\" alt=\"\" style=\"margin-bottom: 20px;\" decoding=\"async\" srcset=\"https:\/\/pbagora.s3.amazonaws.com\/2024\/07\/22112632\/assassino-adolescente-monteiro.webp 696w, https:\/\/pbagora.s3.amazonaws.com\/2024\/07\/22112632\/assassino-adolescente-monteiro-300x169.webp 300w, https:\/\/pbagora.s3.amazonaws.com\/2024\/07\/22112632\/assassino-adolescente-monteiro-150x84.webp 150w, https:\/\/pbagora.s3.amazonaws.com\/2024\/07\/22112632\/assassino-adolescente-monteiro-380x214.webp 380w, https:\/\/pbagora.s3.amazonaws.com\/2024\/07\/22112632\/assassino-adolescente-monteiro-80x46.webp 80w, https:\/\/pbagora.s3.amazonaws.com\/2024\/07\/22112632\/assassino-adolescente-monteiro-600x338.webp 600w\" sizes=\"(max-width: 696px) 100vw, 696px\" \/><\/p><p>A Pol\u00edcia Civil da Para\u00edba est\u00e1 investigando se o empres\u00e1rio Gilson Cruz, principal suspeito de matar a adolescente Maria Vit\u00f3ria, de 15 anos, em Monteiro, mantinha rela\u00e7\u00f5es com outras menores de idade. As informa\u00e7\u00f5es foram divulgadas em uma reportagem do Fant\u00e1stico nesse domingo (21).<\/p>\n<p>Maria Vit\u00f3ria foi morta pelo empres\u00e1rio de 56 anos no dia 14 de julho. A jovem come\u00e7ou a trabalhar na padaria de Gilson em 2022, e, segundo a fam\u00edlia, o relacionamento entre os dois come\u00e7ou poucos meses depois, quando ela tinha apenas 13 anos.<\/p>\n<p>A reportagem trouxe \u00e0 tona relatos de testemunhas que afirmam que Gilson promovia festas regadas a bebidas alco\u00f3licas com as amigas de Maria Vit\u00f3ria, outras menores de idade. O delegado S\u00e1vio Siqueira informou que a pol\u00edcia pretende ouvir as amigas da v\u00edtima e ex-funcion\u00e1rias da padaria, local supostamente utilizado para atrair essas meninas.<\/p>\n<p>Uma ex-funcion\u00e1ria, atualmente maior de idade, contou que precisou ser mais r\u00edgida para afastar as investidas de Gilson.<\/p>\n<p>\u201cDe primeira, ele j\u00e1 quis ficar comigo porque ele falou que eu era muito bonita e que ia me dar muito bem no trabalho, n\u00e9? A\u00ed depois que eu passei um bom tempo l\u00e1, n\u00e9, na padaria, eu comecei a cortar, comecei a ser mais r\u00edgida, porque eu vi que n\u00e3o precisava mais daquilo\u201d,\u201d, relatou a ex-funcion\u00e1ria.<\/p>\n<p>A pol\u00edcia est\u00e1 aprofundando as investiga\u00e7\u00f5es para determinar a extens\u00e3o das poss\u00edveis rela\u00e7\u00f5es de Gilson com outras menores e se ele utilizava a padaria como fachada para atrair meninas.<\/p>\n<p><strong>PB Agora<\/strong><\/p>\n","protected":false},"excerpt":{"rendered":"<p><img loading=\"lazy\" decoding=\"async\" width=\"696\" height=\"392\" src=\"https:\/\/pbagora.s3.amazonaws.com\/2024\/07\/22112632\/assassino-adolescente-monteiro.webp\" class=\"attachment-large size-large wp-post-image\" alt=\"\"><\/p>\n<p>A Pol\u00edcia Civil da Para\u00edba est\u00e1 investigando se o empres\u00e1rio Gilson Cruz, principal suspeito de matar a adolescente\u2026<\/p>\n","protected":false},"author":123457,"featured_media":0,"comment_status":"closed","ping_status":"closed","sticky":false,"template":"","format":"standard","meta":{"advgb_blocks_editor_width":"","advgb_blocks_columns_visual_guide":"","footnotes":""},"categories":[34],"tags":[10845,35,10839],"class_list":["post-49224","post","type-post","status-publish","format-standard","hentry","category-g1","tag-destaque-centro-01","tag-g1","tag-policial"],"author_meta":{"display_name":"Reda\u00e7\u00e3o","author_link":"https:\/\/sindaopcpb.org.br\/author\/redacao\/"},"featured_img":null,"coauthors":[],"tax_additional":{"categories":{"linked":["<a href=\"https:\/\/sindaopcpb.org.br\/g1\/\" class=\"advgb-post-tax-term\">G1<\/a>"],"unlinked":["<span class=\"advgb-post-tax-term\">G1<\/span>"]},"tags":{"linked":["<a href=\"https:\/\/sindaopcpb.org.br\/g1\/\" class=\"advgb-post-tax-term\">Destaque Centro 01<\/a>","<a href=\"https:\/\/sindaopcpb.org.br\/g1\/\" class=\"advgb-post-tax-term\">g1<\/a>","<a href=\"https:\/\/sindaopcpb.org.br\/g1\/\" class=\"advgb-post-tax-term\">Policial<\/a>"],"unlinked":["<span class=\"advgb-post-tax-term\">Destaque Centro 01<\/span>","<span class=\"advgb-post-tax-term\">g1<\/span>","<span class=\"advgb-post-tax-term\">Policial<\/span>"]}},"comment_count":"0","relative_dates":{"created":"Publicado 2 anos atr\u00e1s","modified":"Atualizado 2 anos atr\u00e1s"},"absolute_dates":{"created":"Publicado em 22 de julho de 2024","modified":"Atualizado em 22 de julho de 2024"},"absolute_dates_time":{"created":"Publicado em 22 de julho de 2024 11:26","modified":"Atualizado em 22 de julho de 2024 13:27"},"featured_img_caption":"","series_order":"","_links":{"self":[{"href":"https:\/\/sindaopcpb.org.br\/index.php\/wp-json\/wp\/v2\/posts\/49224","targetHints":{"allow":["GET"]}}],"collection":[{"href":"https:\/\/sindaopcpb.org.br\/index.php\/wp-json\/wp\/v2\/posts"}],"about":[{"href":"https:\/\/sindaopcpb.org.br\/index.php\/wp-json\/wp\/v2\/types\/post"}],"author":[{"embeddable":true,"href":"https:\/\/sindaopcpb.org.br\/index.php\/wp-json\/wp\/v2\/users\/123457"}],"replies":[{"embeddable":true,"href":"https:\/\/sindaopcpb.org.br\/index.php\/wp-json\/wp\/v2\/comments?post=49224"}],"version-history":[{"count":3,"href":"https:\/\/sindaopcpb.org.br\/index.php\/wp-json\/wp\/v2\/posts\/49224\/revisions"}],"predecessor-version":[{"id":49235,"href":"https:\/\/sindaopcpb.org.br\/index.php\/wp-json\/wp\/v2\/posts\/49224\/revisions\/49235"}],"wp:attachment":[{"href":"https:\/\/sindaopcpb.org.br\/index.php\/wp-json\/wp\/v2\/media?parent=49224"}],"wp:term":[{"taxonomy":"category","embeddable":true,"href":"https:\/\/sindaopcpb.org.br\/index.php\/wp-json\/wp\/v2\/categories?post=49224"},{"taxonomy":"post_tag","embeddable":true,"href":"https:\/\/sindaopcpb.org.br\/index.php\/wp-json\/wp\/v2\/tags?post=49224"}],"curies":[{"name":"wp","href":"https:\/\/api.w.org\/{rel}","templated":true}]}}