{"id":49220,"date":"2024-07-22T06:15:10","date_gmt":"2024-07-22T09:15:10","guid":{"rendered":"https:\/\/www.pbagora.com.br\/?p=845797"},"modified":"2024-07-22T11:15:10","modified_gmt":"2024-07-22T14:15:10","slug":"policia-militar-prende-novamente-homem-com-drogas-no-bairro-de-jose-pinheiro-em-campina-grande","status":"publish","type":"post","link":"https:\/\/sindaopcpb.org.br\/index.php\/2024\/07\/22\/policia-militar-prende-novamente-homem-com-drogas-no-bairro-de-jose-pinheiro-em-campina-grande\/","title":{"rendered":"Pol\u00edcia Militar prende novamente homem com drogas no bairro de Jos\u00e9 Pinheiro, em Campina Grande"},"content":{"rendered":"<p><img width=\"931\" height=\"419\" src=\"https:\/\/pbagora.s3.amazonaws.com\/2024\/07\/22061501\/Sem-titulo-25.jpg\" class=\"attachment-large size-large wp-post-image\" alt=\"\" style=\"margin-bottom: 20px;\" decoding=\"async\" loading=\"lazy\" srcset=\"https:\/\/pbagora.s3.amazonaws.com\/2024\/07\/22061501\/Sem-titulo-25.jpg 931w, https:\/\/pbagora.s3.amazonaws.com\/2024\/07\/22061501\/Sem-titulo-25-300x135.jpg 300w, https:\/\/pbagora.s3.amazonaws.com\/2024\/07\/22061501\/Sem-titulo-25-150x68.jpg 150w, https:\/\/pbagora.s3.amazonaws.com\/2024\/07\/22061501\/Sem-titulo-25-768x346.jpg 768w, https:\/\/pbagora.s3.amazonaws.com\/2024\/07\/22061501\/Sem-titulo-25-380x171.jpg 380w, https:\/\/pbagora.s3.amazonaws.com\/2024\/07\/22061501\/Sem-titulo-25-800x360.jpg 800w, https:\/\/pbagora.s3.amazonaws.com\/2024\/07\/22061501\/Sem-titulo-25-80x36.jpg 80w, https:\/\/pbagora.s3.amazonaws.com\/2024\/07\/22061501\/Sem-titulo-25-760x342.jpg 760w, https:\/\/pbagora.s3.amazonaws.com\/2024\/07\/22061501\/Sem-titulo-25-600x270.jpg 600w\" sizes=\"(max-width: 931px) 100vw, 931px\" \/><\/p><p>A Pol\u00edcia Militar prendeu na manh\u00e3 de ontem (21) um homem acusado de tr\u00e1fico de drogas, no bairro de Jos\u00e9 Pinheiro, em Campina Grande. O preso j\u00e1 havia, havia sido apreendido outras nove vezes quando era menor de idade.<\/p>\n<p>De acordo com o 2\u00ba Esquadr\u00e3o do Regimento de Opera\u00e7\u00f5es T\u00e1ticas com Apoio de Motocicletas (Rotam), o acusado foi flagrado tentando se livrar de drogas ao perceber a aproxima\u00e7\u00e3o da PM. Durante a abordagem ao suspeito e no local onde ele estava, os policiais do motopatrulhamento t\u00e1tico encontraram v\u00e1rias por\u00e7\u00f5es de drogas, embalagens e dinheiro.<\/p>\n<p>Ainda de acordo com o 2\u00ba Esquadr\u00e3o, o acusado tem 18 anos de idade e j\u00e1 havia sido preso por tr\u00e1fico e, quando menor, foi apreendido nove vezes por atos infracionais similares ao tr\u00e1fico de drogas e posse ilegal de arma de fogo.<\/p>\n<p>A ocorr\u00eancia foi encaminhada \u00e0 Central de Pol\u00edcia para os procedimentos legais necess\u00e1rios.<\/p>\n<p>Reda\u00e7\u00e3o<\/p>\n","protected":false},"excerpt":{"rendered":"<p><img loading=\"lazy\" decoding=\"async\" width=\"931\" height=\"419\" src=\"https:\/\/pbagora.s3.amazonaws.com\/2024\/07\/22061501\/Sem-titulo-25.jpg\" class=\"attachment-large size-large wp-post-image\" alt=\"\"><\/p>\n<p>A Pol\u00edcia Militar prendeu na manh\u00e3 de ontem (21) um homem acusado de tr\u00e1fico de drogas, no bairro\u2026<\/p>\n","protected":false},"author":123457,"featured_media":0,"comment_status":"closed","ping_status":"closed","sticky":false,"template":"","format":"standard","meta":{"advgb_blocks_editor_width":"","advgb_blocks_columns_visual_guide":"","footnotes":""},"categories":[34],"tags":[35,10839,10848],"class_list":["post-49220","post","type-post","status-publish","format-standard","hentry","category-g1","tag-g1","tag-policial","tag-rodape-01"],"author_meta":{"display_name":"Reda\u00e7\u00e3o","author_link":"https:\/\/sindaopcpb.org.br\/author\/redacao\/"},"featured_img":null,"coauthors":[],"tax_additional":{"categories":{"linked":["<a href=\"https:\/\/sindaopcpb.org.br\/g1\/\" class=\"advgb-post-tax-term\">G1<\/a>"],"unlinked":["<span class=\"advgb-post-tax-term\">G1<\/span>"]},"tags":{"linked":["<a href=\"https:\/\/sindaopcpb.org.br\/g1\/\" class=\"advgb-post-tax-term\">g1<\/a>","<a href=\"https:\/\/sindaopcpb.org.br\/g1\/\" class=\"advgb-post-tax-term\">Policial<\/a>","<a href=\"https:\/\/sindaopcpb.org.br\/g1\/\" class=\"advgb-post-tax-term\">Rodape 01<\/a>"],"unlinked":["<span class=\"advgb-post-tax-term\">g1<\/span>","<span class=\"advgb-post-tax-term\">Policial<\/span>","<span class=\"advgb-post-tax-term\">Rodape 01<\/span>"]}},"comment_count":"0","relative_dates":{"created":"Publicado 2 anos atr\u00e1s","modified":"Atualizado 2 anos atr\u00e1s"},"absolute_dates":{"created":"Publicado em 22 de julho de 2024","modified":"Atualizado em 22 de julho de 2024"},"absolute_dates_time":{"created":"Publicado em 22 de julho de 2024 06:15","modified":"Atualizado em 22 de julho de 2024 11:15"},"featured_img_caption":"","series_order":"","_links":{"self":[{"href":"https:\/\/sindaopcpb.org.br\/index.php\/wp-json\/wp\/v2\/posts\/49220","targetHints":{"allow":["GET"]}}],"collection":[{"href":"https:\/\/sindaopcpb.org.br\/index.php\/wp-json\/wp\/v2\/posts"}],"about":[{"href":"https:\/\/sindaopcpb.org.br\/index.php\/wp-json\/wp\/v2\/types\/post"}],"author":[{"embeddable":true,"href":"https:\/\/sindaopcpb.org.br\/index.php\/wp-json\/wp\/v2\/users\/123457"}],"replies":[{"embeddable":true,"href":"https:\/\/sindaopcpb.org.br\/index.php\/wp-json\/wp\/v2\/comments?post=49220"}],"version-history":[{"count":3,"href":"https:\/\/sindaopcpb.org.br\/index.php\/wp-json\/wp\/v2\/posts\/49220\/revisions"}],"predecessor-version":[{"id":49228,"href":"https:\/\/sindaopcpb.org.br\/index.php\/wp-json\/wp\/v2\/posts\/49220\/revisions\/49228"}],"wp:attachment":[{"href":"https:\/\/sindaopcpb.org.br\/index.php\/wp-json\/wp\/v2\/media?parent=49220"}],"wp:term":[{"taxonomy":"category","embeddable":true,"href":"https:\/\/sindaopcpb.org.br\/index.php\/wp-json\/wp\/v2\/categories?post=49220"},{"taxonomy":"post_tag","embeddable":true,"href":"https:\/\/sindaopcpb.org.br\/index.php\/wp-json\/wp\/v2\/tags?post=49220"}],"curies":[{"name":"wp","href":"https:\/\/api.w.org\/{rel}","templated":true}]}}