{"id":49213,"date":"2024-07-21T15:40:37","date_gmt":"2024-07-21T18:40:37","guid":{"rendered":"https:\/\/www.pbagora.com.br\/?p=845754"},"modified":"2024-07-21T18:00:37","modified_gmt":"2024-07-21T21:00:37","slug":"violencia-homem-e-assassinado-a-tiros-em-plena-luz-do-dia-no-distrito-de-varzea-nova-em-santa-rita","status":"publish","type":"post","link":"https:\/\/sindaopcpb.org.br\/index.php\/2024\/07\/21\/violencia-homem-e-assassinado-a-tiros-em-plena-luz-do-dia-no-distrito-de-varzea-nova-em-santa-rita\/","title":{"rendered":"VIOL\u00caNCIA: homem \u00e9 assassinado a tiros em plena luz do dia no distrito de V\u00e1rzea Nova, em Santa Rita"},"content":{"rendered":"<p><img width=\"786\" height=\"523\" src=\"https:\/\/pbagora.s3.amazonaws.com\/20200323192140\/SIRENE11.jpg\" class=\"attachment-large size-large wp-post-image\" alt=\"\" style=\"margin-bottom: 20px;\" decoding=\"async\" srcset=\"https:\/\/pbagora.s3.amazonaws.com\/20200323192140\/SIRENE11.jpg 786w, https:\/\/pbagora.s3.amazonaws.com\/20200323192140\/SIRENE11-300x200.jpg 300w, https:\/\/pbagora.s3.amazonaws.com\/20200323192140\/SIRENE11-150x100.jpg 150w, https:\/\/pbagora.s3.amazonaws.com\/20200323192140\/SIRENE11-768x511.jpg 768w, https:\/\/pbagora.s3.amazonaws.com\/20200323192140\/SIRENE11-80x53.jpg 80w, https:\/\/pbagora.s3.amazonaws.com\/20200323192140\/SIRENE11-600x399.jpg 600w\" sizes=\"(max-width: 786px) 100vw, 786px\" \/><\/p><p>Na manh\u00e3 deste domingo (21), um homem foi assassinado a tiros no meio da rua no distrito de V\u00e1rzea Nova, em Santa Rita, na Grande Jo\u00e3o Pessoa.<\/p>\n<p>De acordo com informa\u00e7\u00f5es preliminares, a v\u00edtima foi surpreendida por um homem armado que efetuou tr\u00eas disparos, sendo dois deles na regi\u00e3o da cabe\u00e7a da v\u00edtima. Ferido gravemente, o homem n\u00e3o resistiu e morreu no local antes de receber atendimento m\u00e9dico.<\/p>\n<p>A Pol\u00edcia Militar foi acionada, mas at\u00e9 a publica\u00e7\u00e3o desta mat\u00e9ria, o autor do assassinato ainda n\u00e3o havia sido identificado.<\/p>\n<p>A pol\u00edcia est\u00e1 conduzindo as investiga\u00e7\u00f5es para apurar as circunst\u00e2ncias do crime e localizar o respons\u00e1vel.<\/p>\n<p>A Pol\u00edcia Militar continua em dilig\u00eancias na tentativa de encontrar pistas que levem ao autor dos disparos.<\/p>\n<p><strong>PB Agora<\/strong><\/p>\n","protected":false},"excerpt":{"rendered":"<p><img loading=\"lazy\" decoding=\"async\" width=\"786\" height=\"523\" src=\"https:\/\/pbagora.s3.amazonaws.com\/20200323192140\/SIRENE11.jpg\" class=\"attachment-large size-large wp-post-image\" alt=\"\"><\/p>\n<p>Na manh\u00e3 deste domingo (21), um homem foi assassinado a tiros no meio da rua no distrito de\u2026<\/p>\n","protected":false},"author":123457,"featured_media":0,"comment_status":"closed","ping_status":"closed","sticky":false,"template":"","format":"standard","meta":{"advgb_blocks_editor_width":"","advgb_blocks_columns_visual_guide":"","footnotes":""},"categories":[34],"tags":[10845,35,10839],"class_list":["post-49213","post","type-post","status-publish","format-standard","hentry","category-g1","tag-destaque-centro-01","tag-g1","tag-policial"],"author_meta":{"display_name":"Reda\u00e7\u00e3o","author_link":"https:\/\/sindaopcpb.org.br\/author\/redacao\/"},"featured_img":null,"coauthors":[],"tax_additional":{"categories":{"linked":["<a href=\"https:\/\/sindaopcpb.org.br\/g1\/\" class=\"advgb-post-tax-term\">G1<\/a>"],"unlinked":["<span class=\"advgb-post-tax-term\">G1<\/span>"]},"tags":{"linked":["<a href=\"https:\/\/sindaopcpb.org.br\/g1\/\" class=\"advgb-post-tax-term\">Destaque Centro 01<\/a>","<a href=\"https:\/\/sindaopcpb.org.br\/g1\/\" class=\"advgb-post-tax-term\">g1<\/a>","<a href=\"https:\/\/sindaopcpb.org.br\/g1\/\" class=\"advgb-post-tax-term\">Policial<\/a>"],"unlinked":["<span class=\"advgb-post-tax-term\">Destaque Centro 01<\/span>","<span class=\"advgb-post-tax-term\">g1<\/span>","<span class=\"advgb-post-tax-term\">Policial<\/span>"]}},"comment_count":"0","relative_dates":{"created":"Publicado 2 anos atr\u00e1s","modified":"Atualizado 2 anos atr\u00e1s"},"absolute_dates":{"created":"Publicado em 21 de julho de 2024","modified":"Atualizado em 21 de julho de 2024"},"absolute_dates_time":{"created":"Publicado em 21 de julho de 2024 15:40","modified":"Atualizado em 21 de julho de 2024 18:00"},"featured_img_caption":"","series_order":"","_links":{"self":[{"href":"https:\/\/sindaopcpb.org.br\/index.php\/wp-json\/wp\/v2\/posts\/49213","targetHints":{"allow":["GET"]}}],"collection":[{"href":"https:\/\/sindaopcpb.org.br\/index.php\/wp-json\/wp\/v2\/posts"}],"about":[{"href":"https:\/\/sindaopcpb.org.br\/index.php\/wp-json\/wp\/v2\/types\/post"}],"author":[{"embeddable":true,"href":"https:\/\/sindaopcpb.org.br\/index.php\/wp-json\/wp\/v2\/users\/123457"}],"replies":[{"embeddable":true,"href":"https:\/\/sindaopcpb.org.br\/index.php\/wp-json\/wp\/v2\/comments?post=49213"}],"version-history":[{"count":3,"href":"https:\/\/sindaopcpb.org.br\/index.php\/wp-json\/wp\/v2\/posts\/49213\/revisions"}],"predecessor-version":[{"id":49222,"href":"https:\/\/sindaopcpb.org.br\/index.php\/wp-json\/wp\/v2\/posts\/49213\/revisions\/49222"}],"wp:attachment":[{"href":"https:\/\/sindaopcpb.org.br\/index.php\/wp-json\/wp\/v2\/media?parent=49213"}],"wp:term":[{"taxonomy":"category","embeddable":true,"href":"https:\/\/sindaopcpb.org.br\/index.php\/wp-json\/wp\/v2\/categories?post=49213"},{"taxonomy":"post_tag","embeddable":true,"href":"https:\/\/sindaopcpb.org.br\/index.php\/wp-json\/wp\/v2\/tags?post=49213"}],"curies":[{"name":"wp","href":"https:\/\/api.w.org\/{rel}","templated":true}]}}