{"id":49197,"date":"2024-07-20T18:13:04","date_gmt":"2024-07-20T21:13:04","guid":{"rendered":"https:\/\/www.pbagora.com.br\/?p=845678"},"modified":"2024-07-21T08:13:04","modified_gmt":"2024-07-21T11:13:04","slug":"homem-e-morto-a-tiros-em-rua-de-catole-do-rocha-no-sertao-paraibano","status":"publish","type":"post","link":"https:\/\/sindaopcpb.org.br\/index.php\/2024\/07\/20\/homem-e-morto-a-tiros-em-rua-de-catole-do-rocha-no-sertao-paraibano\/","title":{"rendered":"Homem \u00e9  morto a tiros em rua de Catol\u00e9 do Rocha, no Sert\u00e3o paraibano"},"content":{"rendered":"<p><img width=\"800\" height=\"500\" src=\"https:\/\/pbagora.s3.amazonaws.com\/2024\/07\/20181255\/Design-sem-nome-6_Easy-Resize.com_.webp\" class=\"attachment-large size-large wp-post-image\" alt=\"\" style=\"margin-bottom: 20px;\" decoding=\"async\" loading=\"lazy\" srcset=\"https:\/\/pbagora.s3.amazonaws.com\/2024\/07\/20181255\/Design-sem-nome-6_Easy-Resize.com_.webp 800w, https:\/\/pbagora.s3.amazonaws.com\/2024\/07\/20181255\/Design-sem-nome-6_Easy-Resize.com_-300x188.webp 300w, https:\/\/pbagora.s3.amazonaws.com\/2024\/07\/20181255\/Design-sem-nome-6_Easy-Resize.com_-150x94.webp 150w, https:\/\/pbagora.s3.amazonaws.com\/2024\/07\/20181255\/Design-sem-nome-6_Easy-Resize.com_-768x480.webp 768w, https:\/\/pbagora.s3.amazonaws.com\/2024\/07\/20181255\/Design-sem-nome-6_Easy-Resize.com_-380x238.webp 380w, https:\/\/pbagora.s3.amazonaws.com\/2024\/07\/20181255\/Design-sem-nome-6_Easy-Resize.com_-80x50.webp 80w, https:\/\/pbagora.s3.amazonaws.com\/2024\/07\/20181255\/Design-sem-nome-6_Easy-Resize.com_-760x475.webp 760w, https:\/\/pbagora.s3.amazonaws.com\/2024\/07\/20181255\/Design-sem-nome-6_Easy-Resize.com_-600x375.webp 600w\" sizes=\"(max-width: 800px) 100vw, 800px\" \/><\/p><p>Na tarde deste s\u00e1bado (20), um homem identificado como Danilo Pereira da Silva foi morto a tiros no loteamento S\u00e3o Paulo, em Catol\u00e9 do Rocha, no Sert\u00e3o da Para\u00edba. Segundo informa\u00e7\u00f5es repassadas \u00e0 Pol\u00edcia Civil, Danilo estava na rua quando foi surpreendido por dois suspeitos que efetuaram disparos contra ele.<\/p>\n<p>O Servi\u00e7o de Atendimento M\u00f3vel de Urg\u00eancia (Samu) foi acionado e chegou a socorrer a v\u00edtima, mas Danilo n\u00e3o resistiu \u00e0 gravidade dos ferimentos e morreu no local.<\/p>\n<p>A Pol\u00edcia Civil j\u00e1 iniciou as investiga\u00e7\u00f5es para identificar os suspeitos e descobrir a motiva\u00e7\u00e3o do crime. Testemunhas est\u00e3o sendo ouvidas, e a \u00e1rea foi isolada para a realiza\u00e7\u00e3o da per\u00edcia.<\/p>\n<p><strong>PB Agora<\/strong><\/p>\n","protected":false},"excerpt":{"rendered":"<p><img decoding=\"async\" width=\"800\" height=\"500\" src=\"https:\/\/pbagora.s3.amazonaws.com\/2024\/07\/20181255\/Design-sem-nome-6_Easy-Resize.com_.webp\" class=\"attachment-large size-large wp-post-image\" alt=\"\" loading=\"lazy\"><\/p>\n<p>Na tarde deste s\u00e1bado (20), um homem identificado como Danilo Pereira da Silva foi morto a tiros no\u2026<\/p>\n","protected":false},"author":123457,"featured_media":0,"comment_status":"closed","ping_status":"closed","sticky":false,"template":"","format":"standard","meta":{"advgb_blocks_editor_width":"","advgb_blocks_columns_visual_guide":"","footnotes":""},"categories":[34],"tags":[35,10839,10848],"class_list":["post-49197","post","type-post","status-publish","format-standard","hentry","category-g1","tag-g1","tag-policial","tag-rodape-01"],"author_meta":{"display_name":"Reda\u00e7\u00e3o","author_link":"https:\/\/sindaopcpb.org.br\/author\/redacao\/"},"featured_img":null,"coauthors":[],"tax_additional":{"categories":{"linked":["<a href=\"https:\/\/sindaopcpb.org.br\/g1\/\" class=\"advgb-post-tax-term\">G1<\/a>"],"unlinked":["<span class=\"advgb-post-tax-term\">G1<\/span>"]},"tags":{"linked":["<a href=\"https:\/\/sindaopcpb.org.br\/g1\/\" class=\"advgb-post-tax-term\">g1<\/a>","<a href=\"https:\/\/sindaopcpb.org.br\/g1\/\" class=\"advgb-post-tax-term\">Policial<\/a>","<a href=\"https:\/\/sindaopcpb.org.br\/g1\/\" class=\"advgb-post-tax-term\">Rodape 01<\/a>"],"unlinked":["<span class=\"advgb-post-tax-term\">g1<\/span>","<span class=\"advgb-post-tax-term\">Policial<\/span>","<span class=\"advgb-post-tax-term\">Rodape 01<\/span>"]}},"comment_count":"0","relative_dates":{"created":"Publicado 2 anos atr\u00e1s","modified":"Atualizado 2 anos atr\u00e1s"},"absolute_dates":{"created":"Publicado em 20 de julho de 2024","modified":"Atualizado em 21 de julho de 2024"},"absolute_dates_time":{"created":"Publicado em 20 de julho de 2024 18:13","modified":"Atualizado em 21 de julho de 2024 08:13"},"featured_img_caption":"","series_order":"","_links":{"self":[{"href":"https:\/\/sindaopcpb.org.br\/index.php\/wp-json\/wp\/v2\/posts\/49197","targetHints":{"allow":["GET"]}}],"collection":[{"href":"https:\/\/sindaopcpb.org.br\/index.php\/wp-json\/wp\/v2\/posts"}],"about":[{"href":"https:\/\/sindaopcpb.org.br\/index.php\/wp-json\/wp\/v2\/types\/post"}],"author":[{"embeddable":true,"href":"https:\/\/sindaopcpb.org.br\/index.php\/wp-json\/wp\/v2\/users\/123457"}],"replies":[{"embeddable":true,"href":"https:\/\/sindaopcpb.org.br\/index.php\/wp-json\/wp\/v2\/comments?post=49197"}],"version-history":[{"count":2,"href":"https:\/\/sindaopcpb.org.br\/index.php\/wp-json\/wp\/v2\/posts\/49197\/revisions"}],"predecessor-version":[{"id":49207,"href":"https:\/\/sindaopcpb.org.br\/index.php\/wp-json\/wp\/v2\/posts\/49197\/revisions\/49207"}],"wp:attachment":[{"href":"https:\/\/sindaopcpb.org.br\/index.php\/wp-json\/wp\/v2\/media?parent=49197"}],"wp:term":[{"taxonomy":"category","embeddable":true,"href":"https:\/\/sindaopcpb.org.br\/index.php\/wp-json\/wp\/v2\/categories?post=49197"},{"taxonomy":"post_tag","embeddable":true,"href":"https:\/\/sindaopcpb.org.br\/index.php\/wp-json\/wp\/v2\/tags?post=49197"}],"curies":[{"name":"wp","href":"https:\/\/api.w.org\/{rel}","templated":true}]}}