{"id":49192,"date":"2024-07-20T12:28:46","date_gmt":"2024-07-20T15:28:46","guid":{"rendered":"https:\/\/www.pbagora.com.br\/?p=845647"},"modified":"2024-07-20T18:00:46","modified_gmt":"2024-07-20T21:00:46","slug":"elucidado-policia-civil-prende-suspeito-de-estuprar-adolescente-em-brejo-do-cruz","status":"publish","type":"post","link":"https:\/\/sindaopcpb.org.br\/index.php\/2024\/07\/20\/elucidado-policia-civil-prende-suspeito-de-estuprar-adolescente-em-brejo-do-cruz\/","title":{"rendered":"ELUCIDADO: Pol\u00edcia Civil prende suspeito de estuprar adolescente em Brejo do Cruz"},"content":{"rendered":"<p><img width=\"678\" height=\"452\" src=\"https:\/\/pbagora.s3.amazonaws.com\/20191021091320\/abuso.jpg\" class=\"attachment-large size-large wp-post-image\" alt=\"\" style=\"margin-bottom: 20px;\" decoding=\"async\" loading=\"lazy\" srcset=\"https:\/\/pbagora.s3.amazonaws.com\/20191021091320\/abuso.jpg 678w, https:\/\/pbagora.s3.amazonaws.com\/20191021091320\/abuso-300x200.jpg 300w, https:\/\/pbagora.s3.amazonaws.com\/20191021091320\/abuso-150x100.jpg 150w, https:\/\/pbagora.s3.amazonaws.com\/20191021091320\/abuso-80x53.jpg 80w, https:\/\/pbagora.s3.amazonaws.com\/20191021091320\/abuso-600x400.jpg 600w\" sizes=\"(max-width: 678px) 100vw, 678px\" \/><\/p><p>Mais um crime grave est\u00e1 elucidado pela Pol\u00edcia Civil da Para\u00edba, com a pris\u00e3o nessa sexta-feira, 19 de julho, de um homem de 29 anos de idade, suspeito de estuprar uma menina de 14 anos, no munic\u00edpio de Brejo do Cruz. O crime aconteceu no dia 04 deste m\u00eas.<\/p>\n<p>O investigado foi preso em sua resid\u00eancia, por policiais das delegacias de Brejo do Cruz e S\u00e3o Bento. O mandado de pris\u00e3o foi expedido pela justi\u00e7a com base nas investiga\u00e7\u00f5es realizadas pela Delegacia onde o crime ocorreu.<\/p>\n<p>O crime<\/p>\n<p>De acordo com as informa\u00e7\u00f5es apuradas, a adolescente foi aborda pelo suspeito em um carro e for\u00e7ada a entrar no ve\u00edculo. Em seguida, ela foi levada para um matagal, onde sofreu os abusos. <\/p>\n<p>A pris\u00e3o do indiciado foi comunicada \u00e0 justi\u00e7a. <\/p>\n<p><strong>PB Agora<\/strong><\/p>\n","protected":false},"excerpt":{"rendered":"<p><img decoding=\"async\" width=\"678\" height=\"452\" src=\"https:\/\/pbagora.s3.amazonaws.com\/20191021091320\/abuso.jpg\" class=\"attachment-large size-large wp-post-image\" alt=\"\" loading=\"lazy\"><\/p>\n<p>Mais um crime grave est\u00e1 elucidado pela Pol\u00edcia Civil da Para\u00edba, com a pris\u00e3o nessa sexta-feira, 19 de\u2026<\/p>\n","protected":false},"author":123457,"featured_media":0,"comment_status":"closed","ping_status":"closed","sticky":false,"template":"","format":"standard","meta":{"advgb_blocks_editor_width":"","advgb_blocks_columns_visual_guide":"","footnotes":""},"categories":[34],"tags":[10840,35,10839],"class_list":["post-49192","post","type-post","status-publish","format-standard","hentry","category-g1","tag-destaque-centro-03","tag-g1","tag-policial"],"author_meta":{"display_name":"Reda\u00e7\u00e3o","author_link":"https:\/\/sindaopcpb.org.br\/author\/redacao\/"},"featured_img":null,"coauthors":[],"tax_additional":{"categories":{"linked":["<a href=\"https:\/\/sindaopcpb.org.br\/g1\/\" class=\"advgb-post-tax-term\">G1<\/a>"],"unlinked":["<span class=\"advgb-post-tax-term\">G1<\/span>"]},"tags":{"linked":["<a href=\"https:\/\/sindaopcpb.org.br\/g1\/\" class=\"advgb-post-tax-term\">Destaque Centro 03<\/a>","<a href=\"https:\/\/sindaopcpb.org.br\/g1\/\" class=\"advgb-post-tax-term\">g1<\/a>","<a href=\"https:\/\/sindaopcpb.org.br\/g1\/\" class=\"advgb-post-tax-term\">Policial<\/a>"],"unlinked":["<span class=\"advgb-post-tax-term\">Destaque Centro 03<\/span>","<span class=\"advgb-post-tax-term\">g1<\/span>","<span class=\"advgb-post-tax-term\">Policial<\/span>"]}},"comment_count":"0","relative_dates":{"created":"Publicado 2 anos atr\u00e1s","modified":"Atualizado 2 anos atr\u00e1s"},"absolute_dates":{"created":"Publicado em 20 de julho de 2024","modified":"Atualizado em 20 de julho de 2024"},"absolute_dates_time":{"created":"Publicado em 20 de julho de 2024 12:28","modified":"Atualizado em 20 de julho de 2024 18:00"},"featured_img_caption":"","series_order":"","_links":{"self":[{"href":"https:\/\/sindaopcpb.org.br\/index.php\/wp-json\/wp\/v2\/posts\/49192","targetHints":{"allow":["GET"]}}],"collection":[{"href":"https:\/\/sindaopcpb.org.br\/index.php\/wp-json\/wp\/v2\/posts"}],"about":[{"href":"https:\/\/sindaopcpb.org.br\/index.php\/wp-json\/wp\/v2\/types\/post"}],"author":[{"embeddable":true,"href":"https:\/\/sindaopcpb.org.br\/index.php\/wp-json\/wp\/v2\/users\/123457"}],"replies":[{"embeddable":true,"href":"https:\/\/sindaopcpb.org.br\/index.php\/wp-json\/wp\/v2\/comments?post=49192"}],"version-history":[{"count":2,"href":"https:\/\/sindaopcpb.org.br\/index.php\/wp-json\/wp\/v2\/posts\/49192\/revisions"}],"predecessor-version":[{"id":49201,"href":"https:\/\/sindaopcpb.org.br\/index.php\/wp-json\/wp\/v2\/posts\/49192\/revisions\/49201"}],"wp:attachment":[{"href":"https:\/\/sindaopcpb.org.br\/index.php\/wp-json\/wp\/v2\/media?parent=49192"}],"wp:term":[{"taxonomy":"category","embeddable":true,"href":"https:\/\/sindaopcpb.org.br\/index.php\/wp-json\/wp\/v2\/categories?post=49192"},{"taxonomy":"post_tag","embeddable":true,"href":"https:\/\/sindaopcpb.org.br\/index.php\/wp-json\/wp\/v2\/tags?post=49192"}],"curies":[{"name":"wp","href":"https:\/\/api.w.org\/{rel}","templated":true}]}}