{"id":4919,"date":"2022-10-11T07:25:41","date_gmt":"2022-10-11T10:25:41","guid":{"rendered":"https:\/\/g1.globo.com\/pb\/paraiba\/noticia\/2022\/10\/11\/crianca-de-9-anos-que-caiu-de-5o-andar-de-predio-em-joao-pessoa-nao-resiste-aos-ferimentos-e-morre-em-hospital.ghtml"},"modified":"2022-10-11T07:25:41","modified_gmt":"2022-10-11T10:25:41","slug":"crianca-de-9-anos-que-caiu-de-5o-andar-de-predio-em-joao-pessoa-nao-resiste-aos-ferimentos-e-morre-em-hospital","status":"publish","type":"post","link":"https:\/\/sindaopcpb.org.br\/index.php\/2022\/10\/11\/crianca-de-9-anos-que-caiu-de-5o-andar-de-predio-em-joao-pessoa-nao-resiste-aos-ferimentos-e-morre-em-hospital\/","title":{"rendered":"Crian\u00e7a de 9 anos que caiu de 5\u00ba andar de pr\u00e9dio em Jo\u00e3o Pessoa n\u00e3o resiste aos ferimentos e morre em hospital"},"content":{"rendered":"   <img src=\"https:\/\/s2.glbimg.com\/mYalIRtuoSBlKv3q6ciBBERuVDU=\/i.s3.glbimg.com\/v1\/AUTH_59edd422c0c84a879bd37670ae4f538a\/internal_photos\/bs\/2018\/u\/Z\/k7aD69QbS0BL0NLXxo9Q\/trauma.jpg\" \/><br \/>   Queda de 15 metros aconteceu na segunda-feira, em um edif\u00edcio no bairro de Miramar. Hospital de Emerg\u00eancia e Trauma de Jo\u00e3o Pessoa\nReprodu\u00e7\u00e3o\/TV Cabo Branco\nO menino de 9 anos que caiu do 5\u00ba andar de um pr\u00e9dio em Jo\u00e3o Pessoa, na tarde da segunda-feira (10), n\u00e3o resistiu aos ferimentos e morreu durante atendimento no Hospital de Emerg\u00eancia e Trauma de Jo\u00e3o Pessoa. De acordo com a dire\u00e7\u00e3o do hospital, ele teve duas paradas card\u00edacas durante uma cirurgia de estabiliza\u00e7\u00e3o das m\u00faltiplas fraturas que sofreu, ainda na noite da segunda-feira.\n Segundo informa\u00e7\u00f5es recebidas pela equipe do hospital, a crian\u00e7a teria ca\u00eddo de uma janela do 5\u00ba andar do edif\u00edcio onde morava, no bairro do Miramar. O local n\u00e3o tinha tela de prote\u00e7\u00e3o e a queda foi de aproximadamente 15 metros. \n Segundo o diretor do Hospital de Trauma e Jo\u00e3o Pessoa, La\u00e9cio Bragante, o menino teve politraumatismo grave, com fraturas e ferimentos em diversas partes do corpo, como no t\u00f3rax, abd\u00f4men, cervical e membros.\n \u201cEle deu entrada com uma condi\u00e7\u00e3o grav\u00edssima e foi levada ao centro cir\u00fargico, onde teve o apoio de todas as equipes necess\u00e1rias para este atendimento, j\u00e1 com uma vaga reservada na UTI pedi\u00e1trica. Por\u00e9m, por volta das 20h30 ele teve dois epis\u00f3dios de parada card\u00edaca e n\u00e3o resistiu\u201d, disse La\u00e9cio.\n O corpo do menino foi liberado ainda na noite da segunda-feira. Ainda n\u00e3o h\u00e1 informa\u00e7\u00f5es de como teria acontecido a queda, mas segundo o diretor, algumas pessoas disseram que o menino caiu ap\u00f3s uma discuss\u00e3o com a irm\u00e3, de 11 anos.\nV\u00eddeos mais assistidos da Para\u00edba ","protected":false},"excerpt":{"rendered":"<p>      Queda de 15 metros aconteceu na segunda-feira, em um edif\u00edcio no bairro de Miramar. Hospital de Emerg\u00eancia e Trauma de Jo\u00e3o Pessoa<br \/>\nReprodu\u00e7\u00e3o\/TV Cabo Branco<br \/>\nO menino de 9 anos que caiu do 5\u00ba andar de um pr\u00e9dio em Jo\u00e3o Pessoa, na tarde da segunda-&#8230;<\/p>\n","protected":false},"author":2,"featured_media":0,"comment_status":"closed","ping_status":"closed","sticky":false,"template":"","format":"standard","meta":{"advgb_blocks_editor_width":"","advgb_blocks_columns_visual_guide":"","footnotes":""},"categories":[34],"tags":[35],"class_list":["post-4919","post","type-post","status-publish","format-standard","hentry","category-g1","tag-g1"],"author_meta":{"display_name":"g1 &gt; Para\u00edba","author_link":"https:\/\/sindaopcpb.org.br\/author\/g1-paraiba\/"},"featured_img":null,"coauthors":[],"tax_additional":{"categories":{"linked":["<a href=\"https:\/\/sindaopcpb.org.br\/g1\/\" class=\"advgb-post-tax-term\">G1<\/a>"],"unlinked":["<span class=\"advgb-post-tax-term\">G1<\/span>"]},"tags":{"linked":["<a href=\"https:\/\/sindaopcpb.org.br\/g1\/\" class=\"advgb-post-tax-term\">g1<\/a>"],"unlinked":["<span class=\"advgb-post-tax-term\">g1<\/span>"]}},"comment_count":"0","relative_dates":{"created":"Publicado 4 anos atr\u00e1s","modified":"Atualizado 4 anos atr\u00e1s"},"absolute_dates":{"created":"Publicado em 11 de outubro de 2022","modified":"Atualizado em 11 de outubro de 2022"},"absolute_dates_time":{"created":"Publicado em 11 de outubro de 2022 07:25","modified":"Atualizado em 11 de outubro de 2022 07:25"},"featured_img_caption":"","series_order":"","_links":{"self":[{"href":"https:\/\/sindaopcpb.org.br\/index.php\/wp-json\/wp\/v2\/posts\/4919","targetHints":{"allow":["GET"]}}],"collection":[{"href":"https:\/\/sindaopcpb.org.br\/index.php\/wp-json\/wp\/v2\/posts"}],"about":[{"href":"https:\/\/sindaopcpb.org.br\/index.php\/wp-json\/wp\/v2\/types\/post"}],"author":[{"embeddable":true,"href":"https:\/\/sindaopcpb.org.br\/index.php\/wp-json\/wp\/v2\/users\/2"}],"replies":[{"embeddable":true,"href":"https:\/\/sindaopcpb.org.br\/index.php\/wp-json\/wp\/v2\/comments?post=4919"}],"version-history":[{"count":1,"href":"https:\/\/sindaopcpb.org.br\/index.php\/wp-json\/wp\/v2\/posts\/4919\/revisions"}],"predecessor-version":[{"id":4920,"href":"https:\/\/sindaopcpb.org.br\/index.php\/wp-json\/wp\/v2\/posts\/4919\/revisions\/4920"}],"wp:attachment":[{"href":"https:\/\/sindaopcpb.org.br\/index.php\/wp-json\/wp\/v2\/media?parent=4919"}],"wp:term":[{"taxonomy":"category","embeddable":true,"href":"https:\/\/sindaopcpb.org.br\/index.php\/wp-json\/wp\/v2\/categories?post=4919"},{"taxonomy":"post_tag","embeddable":true,"href":"https:\/\/sindaopcpb.org.br\/index.php\/wp-json\/wp\/v2\/tags?post=4919"}],"curies":[{"name":"wp","href":"https:\/\/api.w.org\/{rel}","templated":true}]}}