{"id":49183,"date":"2024-07-19T10:59:50","date_gmt":"2024-07-19T13:59:50","guid":{"rendered":"https:\/\/www.pbagora.com.br\/?p=845439"},"modified":"2024-07-19T10:59:50","modified_gmt":"2024-07-19T13:59:50","slug":"policia-civil-prende-traficante-foragido-da-justica-na-regiao-de-santa-ines","status":"publish","type":"post","link":"https:\/\/sindaopcpb.org.br\/index.php\/2024\/07\/19\/policia-civil-prende-traficante-foragido-da-justica-na-regiao-de-santa-ines\/","title":{"rendered":"Pol\u00edcia Civil prende traficante foragido da justi\u00e7a na regi\u00e3o de Santa In\u00eas"},"content":{"rendered":"<p><img width=\"687\" height=\"463\" src=\"https:\/\/pbagora.s3.amazonaws.com\/2022\/09\/01070538\/civil.jpg\" class=\"attachment-large size-large wp-post-image\" alt=\"\" style=\"margin-bottom: 20px;\" decoding=\"async\" loading=\"lazy\" srcset=\"https:\/\/pbagora.s3.amazonaws.com\/2022\/09\/01070538\/civil.jpg 687w, https:\/\/pbagora.s3.amazonaws.com\/2022\/09\/01070538\/civil-300x202.jpg 300w, https:\/\/pbagora.s3.amazonaws.com\/2022\/09\/01070538\/civil-150x101.jpg 150w, https:\/\/pbagora.s3.amazonaws.com\/2022\/09\/01070538\/civil-380x256.jpg 380w, https:\/\/pbagora.s3.amazonaws.com\/2022\/09\/01070538\/civil-80x54.jpg 80w, https:\/\/pbagora.s3.amazonaws.com\/2022\/09\/01070538\/civil-600x404.jpg 600w\" sizes=\"(max-width: 687px) 100vw, 687px\" \/><\/p><p>Um traficante de 33 anos de idade foi preso nessa quinta-feira, 18 de julho, pelas pol\u00edcias Civil e Militar, na divisa entre os munic\u00edpios de Riach\u00e3o e Santa In\u00eas. Ele j\u00e1 cumpriu pena por v\u00e1rios crimes e estava foragido da justi\u00e7a.<\/p>\n<p>W.D.S.B. \u00e9 \u2018conselheiro\u2019 de uma fac\u00e7\u00e3o criminosa na Para\u00edba. O mandado de pris\u00e3o que havia em seu desfavor foi expedido pela 1\u00aa Vara de Entorpecentes de Jo\u00e3o Pessoa, pelos crimes de tr\u00e1fico de drogas e posse ilegal de arma de fogo. <\/p>\n<p>O traficante n\u00e3o \u00e9 da regi\u00e3o onde foi preso, e as investiga\u00e7\u00f5es da Pol\u00edcia Civil indicam que ele estaria morando na localidade para comandar o tr\u00e1fico de entorpecentes na \u00e1rea.<\/p>\n<p>A pris\u00e3o foi comunicada \u00e0 justi\u00e7a.<\/p>\n<p><strong>PB Agora<\/strong><\/p>\n","protected":false},"excerpt":{"rendered":"<p><img decoding=\"async\" width=\"687\" height=\"463\" src=\"https:\/\/pbagora.s3.amazonaws.com\/2022\/09\/01070538\/civil.jpg\" class=\"attachment-large size-large wp-post-image\" alt=\"\" loading=\"lazy\"><\/p>\n<p>Um traficante de 33 anos de idade foi preso nessa quinta-feira, 18 de julho, pelas pol\u00edcias Civil e\u2026<\/p>\n","protected":false},"author":123457,"featured_media":0,"comment_status":"closed","ping_status":"closed","sticky":false,"template":"","format":"standard","meta":{"advgb_blocks_editor_width":"","advgb_blocks_columns_visual_guide":"","footnotes":""},"categories":[34],"tags":[35,10839,10842],"class_list":["post-49183","post","type-post","status-publish","format-standard","hentry","category-g1","tag-g1","tag-policial","tag-principal3"],"author_meta":{"display_name":"Reda\u00e7\u00e3o","author_link":"https:\/\/sindaopcpb.org.br\/author\/redacao\/"},"featured_img":null,"coauthors":[],"tax_additional":{"categories":{"linked":["<a href=\"https:\/\/sindaopcpb.org.br\/g1\/\" class=\"advgb-post-tax-term\">G1<\/a>"],"unlinked":["<span class=\"advgb-post-tax-term\">G1<\/span>"]},"tags":{"linked":["<a href=\"https:\/\/sindaopcpb.org.br\/g1\/\" class=\"advgb-post-tax-term\">g1<\/a>","<a href=\"https:\/\/sindaopcpb.org.br\/g1\/\" class=\"advgb-post-tax-term\">Policial<\/a>","<a href=\"https:\/\/sindaopcpb.org.br\/g1\/\" class=\"advgb-post-tax-term\">Principal3<\/a>"],"unlinked":["<span class=\"advgb-post-tax-term\">g1<\/span>","<span class=\"advgb-post-tax-term\">Policial<\/span>","<span class=\"advgb-post-tax-term\">Principal3<\/span>"]}},"comment_count":"0","relative_dates":{"created":"Publicado 2 anos atr\u00e1s","modified":"Atualizado 2 anos atr\u00e1s"},"absolute_dates":{"created":"Publicado em 19 de julho de 2024","modified":"Atualizado em 19 de julho de 2024"},"absolute_dates_time":{"created":"Publicado em 19 de julho de 2024 10:59","modified":"Atualizado em 19 de julho de 2024 10:59"},"featured_img_caption":"","series_order":"","_links":{"self":[{"href":"https:\/\/sindaopcpb.org.br\/index.php\/wp-json\/wp\/v2\/posts\/49183","targetHints":{"allow":["GET"]}}],"collection":[{"href":"https:\/\/sindaopcpb.org.br\/index.php\/wp-json\/wp\/v2\/posts"}],"about":[{"href":"https:\/\/sindaopcpb.org.br\/index.php\/wp-json\/wp\/v2\/types\/post"}],"author":[{"embeddable":true,"href":"https:\/\/sindaopcpb.org.br\/index.php\/wp-json\/wp\/v2\/users\/123457"}],"replies":[{"embeddable":true,"href":"https:\/\/sindaopcpb.org.br\/index.php\/wp-json\/wp\/v2\/comments?post=49183"}],"version-history":[{"count":1,"href":"https:\/\/sindaopcpb.org.br\/index.php\/wp-json\/wp\/v2\/posts\/49183\/revisions"}],"predecessor-version":[{"id":49184,"href":"https:\/\/sindaopcpb.org.br\/index.php\/wp-json\/wp\/v2\/posts\/49183\/revisions\/49184"}],"wp:attachment":[{"href":"https:\/\/sindaopcpb.org.br\/index.php\/wp-json\/wp\/v2\/media?parent=49183"}],"wp:term":[{"taxonomy":"category","embeddable":true,"href":"https:\/\/sindaopcpb.org.br\/index.php\/wp-json\/wp\/v2\/categories?post=49183"},{"taxonomy":"post_tag","embeddable":true,"href":"https:\/\/sindaopcpb.org.br\/index.php\/wp-json\/wp\/v2\/tags?post=49183"}],"curies":[{"name":"wp","href":"https:\/\/api.w.org\/{rel}","templated":true}]}}