{"id":49181,"date":"2024-07-19T11:00:38","date_gmt":"2024-07-19T14:00:38","guid":{"rendered":"https:\/\/www.pbagora.com.br\/?p=845443"},"modified":"2024-07-19T11:00:38","modified_gmt":"2024-07-19T14:00:38","slug":"condenado-por-roubo-e-receptacao-de-veiculos-em-cg-e-preso-pela-5a-vez","status":"publish","type":"post","link":"https:\/\/sindaopcpb.org.br\/index.php\/2024\/07\/19\/condenado-por-roubo-e-receptacao-de-veiculos-em-cg-e-preso-pela-5a-vez\/","title":{"rendered":"Condenado por roubo e recepta\u00e7\u00e3o de ve\u00edculos em CG \u00e9 preso pela 5\u00aa vez"},"content":{"rendered":"<p><img width=\"996\" height=\"734\" src=\"https:\/\/pbagora.s3.amazonaws.com\/20200323192022\/algemado1.jpg\" class=\"attachment-large size-large wp-post-image\" alt=\"\" style=\"margin-bottom: 20px;\" decoding=\"async\" loading=\"lazy\" srcset=\"https:\/\/pbagora.s3.amazonaws.com\/20200323192022\/algemado1.jpg 996w, https:\/\/pbagora.s3.amazonaws.com\/20200323192022\/algemado1-300x221.jpg 300w, https:\/\/pbagora.s3.amazonaws.com\/20200323192022\/algemado1-150x111.jpg 150w, https:\/\/pbagora.s3.amazonaws.com\/20200323192022\/algemado1-768x566.jpg 768w, https:\/\/pbagora.s3.amazonaws.com\/20200323192022\/algemado1-800x590.jpg 800w, https:\/\/pbagora.s3.amazonaws.com\/20200323192022\/algemado1-80x60.jpg 80w, https:\/\/pbagora.s3.amazonaws.com\/20200323192022\/algemado1-600x442.jpg 600w\" sizes=\"(max-width: 996px) 100vw, 996px\" \/><\/p><p>A Pol\u00edcia Civil da Para\u00edba prendeu pela quinta vez, num per\u00edodo de cinco anos, um homem condenado por roubo, adultera\u00e7\u00e3o e recepta\u00e7\u00e3o de ve\u00edculos em Campina Grande. A pris\u00e3o mais recente aconteceu nessa quinta-feira, 18 de julho, por equipes da Delegacia de Roubos e Furtos (DRF).<\/p>\n<p>2019<\/p>\n<p>O criminoso de iniciais W.C.G., 31 anos, foi preso pela primeira vez com drogas e dois ve\u00edculos automotores adulterados no ano 2019, capturado pela DRF. Com ele, a Pol\u00edcia Civil apreendeu um Nissan Versa de cor cinza e Toyota Etios de cor prata.<\/p>\n<p><strong>Janeiro\/2023<\/strong><\/p>\n<p>Ap\u00f3s conseguir liberdade provis\u00f3ria, W.C.G. foi preso novamente \u2013 desta vez pela Pol\u00edcia Rodovi\u00e1ria Federal \u2013, em janeiro de 2023, no munic\u00edpio de Mamanguape. Ele estava com um ve\u00edculo Fox de cor branca que havia sido roubado em Jo\u00e3o Pessoa. <\/p>\n<p><strong>Janeiro\/2024<\/strong><\/p>\n<p>Um ano ap\u00f3s ser preso pela PRF, o criminoso foi mais uma vez capturado pela Pol\u00edcia Civil, em janeiro de 2024, investigado pelo roubo de um ve\u00edculo GM Onix de cor branca. O crime aconteceu no dia 10 de outubro de 2023, na cidade de Lagoa Seca.<\/p>\n<p><strong>Abril\/2024<\/strong><\/p>\n<p>Tr\u00eas meses depois, W.C.G. foi flagrado pela Pol\u00edcia Militar com outro GM Onix, adulterado e com registro de roubo\/furto. Ele foi levado \u00e0 delegacia, onde ficou preso, mas foi liberado em audi\u00eancia de cust\u00f3dia. <\/p>\n<p><strong>Julho\/2024<\/strong><\/p>\n<p>Nessa quinta-feira, 18, as equipes da DRF cumpriram o mandado de pris\u00e3o que havia em desfavor do reincidente, fruto de Inqu\u00e9rito Policial da pr\u00f3pria delegacia. W.C.G. foi preso no bairro de Santa Terezinha. <\/p>\n<p><strong>PB Agora<\/strong><\/p>\n","protected":false},"excerpt":{"rendered":"<p><img decoding=\"async\" width=\"996\" height=\"734\" src=\"https:\/\/pbagora.s3.amazonaws.com\/20200323192022\/algemado1.jpg\" class=\"attachment-large size-large wp-post-image\" alt=\"\" loading=\"lazy\"><\/p>\n<p>A Pol\u00edcia Civil da Para\u00edba prendeu pela quinta vez, num per\u00edodo de cinco anos, um homem condenado por\u2026<\/p>\n","protected":false},"author":123457,"featured_media":0,"comment_status":"closed","ping_status":"closed","sticky":false,"template":"","format":"standard","meta":{"advgb_blocks_editor_width":"","advgb_blocks_columns_visual_guide":"","footnotes":""},"categories":[34],"tags":[35,10839,10842],"class_list":["post-49181","post","type-post","status-publish","format-standard","hentry","category-g1","tag-g1","tag-policial","tag-principal3"],"author_meta":{"display_name":"Reda\u00e7\u00e3o","author_link":"https:\/\/sindaopcpb.org.br\/author\/redacao\/"},"featured_img":null,"coauthors":[],"tax_additional":{"categories":{"linked":["<a href=\"https:\/\/sindaopcpb.org.br\/g1\/\" class=\"advgb-post-tax-term\">G1<\/a>"],"unlinked":["<span class=\"advgb-post-tax-term\">G1<\/span>"]},"tags":{"linked":["<a href=\"https:\/\/sindaopcpb.org.br\/g1\/\" class=\"advgb-post-tax-term\">g1<\/a>","<a href=\"https:\/\/sindaopcpb.org.br\/g1\/\" class=\"advgb-post-tax-term\">Policial<\/a>","<a href=\"https:\/\/sindaopcpb.org.br\/g1\/\" class=\"advgb-post-tax-term\">Principal3<\/a>"],"unlinked":["<span class=\"advgb-post-tax-term\">g1<\/span>","<span class=\"advgb-post-tax-term\">Policial<\/span>","<span class=\"advgb-post-tax-term\">Principal3<\/span>"]}},"comment_count":"0","relative_dates":{"created":"Publicado 2 anos atr\u00e1s","modified":"Atualizado 2 anos atr\u00e1s"},"absolute_dates":{"created":"Publicado em 19 de julho de 2024","modified":"Atualizado em 19 de julho de 2024"},"absolute_dates_time":{"created":"Publicado em 19 de julho de 2024 11:00","modified":"Atualizado em 19 de julho de 2024 11:00"},"featured_img_caption":"","series_order":"","_links":{"self":[{"href":"https:\/\/sindaopcpb.org.br\/index.php\/wp-json\/wp\/v2\/posts\/49181","targetHints":{"allow":["GET"]}}],"collection":[{"href":"https:\/\/sindaopcpb.org.br\/index.php\/wp-json\/wp\/v2\/posts"}],"about":[{"href":"https:\/\/sindaopcpb.org.br\/index.php\/wp-json\/wp\/v2\/types\/post"}],"author":[{"embeddable":true,"href":"https:\/\/sindaopcpb.org.br\/index.php\/wp-json\/wp\/v2\/users\/123457"}],"replies":[{"embeddable":true,"href":"https:\/\/sindaopcpb.org.br\/index.php\/wp-json\/wp\/v2\/comments?post=49181"}],"version-history":[{"count":1,"href":"https:\/\/sindaopcpb.org.br\/index.php\/wp-json\/wp\/v2\/posts\/49181\/revisions"}],"predecessor-version":[{"id":49182,"href":"https:\/\/sindaopcpb.org.br\/index.php\/wp-json\/wp\/v2\/posts\/49181\/revisions\/49182"}],"wp:attachment":[{"href":"https:\/\/sindaopcpb.org.br\/index.php\/wp-json\/wp\/v2\/media?parent=49181"}],"wp:term":[{"taxonomy":"category","embeddable":true,"href":"https:\/\/sindaopcpb.org.br\/index.php\/wp-json\/wp\/v2\/categories?post=49181"},{"taxonomy":"post_tag","embeddable":true,"href":"https:\/\/sindaopcpb.org.br\/index.php\/wp-json\/wp\/v2\/tags?post=49181"}],"curies":[{"name":"wp","href":"https:\/\/api.w.org\/{rel}","templated":true}]}}