{"id":49172,"date":"2024-07-19T07:33:08","date_gmt":"2024-07-19T10:33:08","guid":{"rendered":"https:\/\/www.pbagora.com.br\/?p=845399"},"modified":"2024-07-19T11:20:08","modified_gmt":"2024-07-19T14:20:08","slug":"tres-paraibanos-morrem-em-acidente-no-ceara","status":"publish","type":"post","link":"https:\/\/sindaopcpb.org.br\/index.php\/2024\/07\/19\/tres-paraibanos-morrem-em-acidente-no-ceara\/","title":{"rendered":"Tr\u00eas paraibanos morrem em acidente no Cear\u00e1"},"content":{"rendered":"<p><img width=\"971\" height=\"450\" src=\"https:\/\/pbagora.s3.amazonaws.com\/2024\/07\/19073258\/ACID.avif\" class=\"attachment-large size-large wp-post-image\" alt=\"\" style=\"margin-bottom: 20px;\" decoding=\"async\" loading=\"lazy\" srcset=\"https:\/\/pbagora.s3.amazonaws.com\/2024\/07\/19073258\/ACID.avif 971w, https:\/\/pbagora.s3.amazonaws.com\/2024\/07\/19073258\/ACID-300x139.avif 300w, https:\/\/pbagora.s3.amazonaws.com\/2024\/07\/19073258\/ACID-150x70.avif 150w, https:\/\/pbagora.s3.amazonaws.com\/2024\/07\/19073258\/ACID-768x356.avif 768w, https:\/\/pbagora.s3.amazonaws.com\/2024\/07\/19073258\/ACID-380x176.avif 380w, https:\/\/pbagora.s3.amazonaws.com\/2024\/07\/19073258\/ACID-800x371.avif 800w, https:\/\/pbagora.s3.amazonaws.com\/2024\/07\/19073258\/ACID-80x37.avif 80w, https:\/\/pbagora.s3.amazonaws.com\/2024\/07\/19073258\/ACID-760x352.avif 760w, https:\/\/pbagora.s3.amazonaws.com\/2024\/07\/19073258\/ACID-600x278.avif 600w\" sizes=\"(max-width: 971px) 100vw, 971px\" \/><\/p><p>Uma trag\u00e9dia e fam\u00edlias ilutadas. Tr\u00eas paraibanos morreram em um acidente entre um carro e um caminh\u00e3o na rodovia CE-293, em Abaiara, no interior do Cear\u00e1, na tarde desta quinta-feira (18). As v\u00edtimas s\u00e3o uma advogada e um casal de amigos. O carro em que eles estavam bateu de frente com um caminh\u00e3o enquanto o grupo se dirigia a uma festa para comemorar o anivers\u00e1rio da advogada.<\/p>\n<p>&nbsp;<\/p>\n<p>As v\u00edtimas sa\u00edram de Itaporanga, na Para\u00edba, com destino a um festival de m\u00fasica no Crato. As v\u00edtimas foram identificadas como sendo, Rayssa Mendes, advogada, Larissa Lemos, nutricionista e Samuel Carneiro, advogado e namorado de Larissa.<\/p>\n<p>Segundo apurou a pol\u00edcia, quem dirigia o carro era o namorado de Rayssa, o advogado Diorgennes Kaio Xavier. Ele ficou ferido e foi socorrido para o Hospital Regional do Cariri, em Juazeiro do Norte. O motorista do caminh\u00e3o envolvido no acidente ficou no local at\u00e9 a chegada da pol\u00edcia.<\/p>\n<p>Samuel e Larissa eram naturais de Itaporanga, enquanto Rayssa era natural de Pianc\u00f3, na Para\u00edba. Em nota, a prefeitura de Itaporanga lamentou a morte dos paraibanos. &#8220;Neste momento de dor, expressamos nossas mais sinceras condol\u00eancias \u00e0s fam\u00edlias e amigos, rogando para que encontrem conforto e for\u00e7a para superar essa irrepar\u00e1vel perda. Que a mem\u00f3ria de Samuel, Larissa e Rayssa permane\u00e7a viva em nossos cora\u00e7\u00f5es&#8221;, diz a nota.<\/p>\n<p><strong><em>Reda\u00e7\u00e3o<\/em><\/strong><\/p>\n","protected":false},"excerpt":{"rendered":"<p><img loading=\"lazy\" decoding=\"async\" width=\"971\" height=\"450\" src=\"https:\/\/pbagora.s3.amazonaws.com\/2024\/07\/19073258\/ACID.avif\" class=\"attachment-large size-large wp-post-image\" alt=\"\"><\/p>\n<p>Uma trag\u00e9dia e fam\u00edlias ilutadas. Tr\u00eas paraibanos morreram em um acidente entre um carro e um caminh\u00e3o na\u2026<\/p>\n","protected":false},"author":123457,"featured_media":0,"comment_status":"closed","ping_status":"closed","sticky":false,"template":"","format":"standard","meta":{"advgb_blocks_editor_width":"","advgb_blocks_columns_visual_guide":"","footnotes":""},"categories":[34],"tags":[35,10839,10848],"class_list":["post-49172","post","type-post","status-publish","format-standard","hentry","category-g1","tag-g1","tag-policial","tag-rodape-01"],"author_meta":{"display_name":"Reda\u00e7\u00e3o","author_link":"https:\/\/sindaopcpb.org.br\/author\/redacao\/"},"featured_img":null,"coauthors":[],"tax_additional":{"categories":{"linked":["<a href=\"https:\/\/sindaopcpb.org.br\/g1\/\" class=\"advgb-post-tax-term\">G1<\/a>"],"unlinked":["<span class=\"advgb-post-tax-term\">G1<\/span>"]},"tags":{"linked":["<a href=\"https:\/\/sindaopcpb.org.br\/g1\/\" class=\"advgb-post-tax-term\">g1<\/a>","<a href=\"https:\/\/sindaopcpb.org.br\/g1\/\" class=\"advgb-post-tax-term\">Policial<\/a>","<a href=\"https:\/\/sindaopcpb.org.br\/g1\/\" class=\"advgb-post-tax-term\">Rodape 01<\/a>"],"unlinked":["<span class=\"advgb-post-tax-term\">g1<\/span>","<span class=\"advgb-post-tax-term\">Policial<\/span>","<span class=\"advgb-post-tax-term\">Rodape 01<\/span>"]}},"comment_count":"0","relative_dates":{"created":"Publicado 2 anos atr\u00e1s","modified":"Atualizado 2 anos atr\u00e1s"},"absolute_dates":{"created":"Publicado em 19 de julho de 2024","modified":"Atualizado em 19 de julho de 2024"},"absolute_dates_time":{"created":"Publicado em 19 de julho de 2024 07:33","modified":"Atualizado em 19 de julho de 2024 11:20"},"featured_img_caption":"","series_order":"","_links":{"self":[{"href":"https:\/\/sindaopcpb.org.br\/index.php\/wp-json\/wp\/v2\/posts\/49172","targetHints":{"allow":["GET"]}}],"collection":[{"href":"https:\/\/sindaopcpb.org.br\/index.php\/wp-json\/wp\/v2\/posts"}],"about":[{"href":"https:\/\/sindaopcpb.org.br\/index.php\/wp-json\/wp\/v2\/types\/post"}],"author":[{"embeddable":true,"href":"https:\/\/sindaopcpb.org.br\/index.php\/wp-json\/wp\/v2\/users\/123457"}],"replies":[{"embeddable":true,"href":"https:\/\/sindaopcpb.org.br\/index.php\/wp-json\/wp\/v2\/comments?post=49172"}],"version-history":[{"count":4,"href":"https:\/\/sindaopcpb.org.br\/index.php\/wp-json\/wp\/v2\/posts\/49172\/revisions"}],"predecessor-version":[{"id":49189,"href":"https:\/\/sindaopcpb.org.br\/index.php\/wp-json\/wp\/v2\/posts\/49172\/revisions\/49189"}],"wp:attachment":[{"href":"https:\/\/sindaopcpb.org.br\/index.php\/wp-json\/wp\/v2\/media?parent=49172"}],"wp:term":[{"taxonomy":"category","embeddable":true,"href":"https:\/\/sindaopcpb.org.br\/index.php\/wp-json\/wp\/v2\/categories?post=49172"},{"taxonomy":"post_tag","embeddable":true,"href":"https:\/\/sindaopcpb.org.br\/index.php\/wp-json\/wp\/v2\/tags?post=49172"}],"curies":[{"name":"wp","href":"https:\/\/api.w.org\/{rel}","templated":true}]}}