{"id":49167,"date":"2024-07-19T06:09:59","date_gmt":"2024-07-19T09:09:59","guid":{"rendered":"https:\/\/www.pbagora.com.br\/?p=845365"},"modified":"2024-07-19T07:34:59","modified_gmt":"2024-07-19T10:34:59","slug":"justica-solta-mulher-suspeita-de-espancar-filha-de-5-anos-na-cidade-de-cabedelo","status":"publish","type":"post","link":"https:\/\/sindaopcpb.org.br\/index.php\/2024\/07\/19\/justica-solta-mulher-suspeita-de-espancar-filha-de-5-anos-na-cidade-de-cabedelo\/","title":{"rendered":"Justi\u00e7a solta mulher suspeita de espancar filha de 5 anos na cidade de Cabedelo"},"content":{"rendered":"<p><img width=\"1000\" height=\"727\" src=\"https:\/\/pbagora.s3.amazonaws.com\/2021\/11\/18180415\/Tornozeleira-eletronica.-Foto-de-Beiva-Daltrozo.-Secom.jpg\" class=\"attachment-large size-large wp-post-image\" alt=\"\" style=\"margin-bottom: 20px;\" decoding=\"async\" srcset=\"https:\/\/pbagora.s3.amazonaws.com\/2021\/11\/18180415\/Tornozeleira-eletronica.-Foto-de-Beiva-Daltrozo.-Secom.jpg 1000w, https:\/\/pbagora.s3.amazonaws.com\/2021\/11\/18180415\/Tornozeleira-eletronica.-Foto-de-Beiva-Daltrozo.-Secom-300x218.jpg 300w, https:\/\/pbagora.s3.amazonaws.com\/2021\/11\/18180415\/Tornozeleira-eletronica.-Foto-de-Beiva-Daltrozo.-Secom-150x109.jpg 150w, https:\/\/pbagora.s3.amazonaws.com\/2021\/11\/18180415\/Tornozeleira-eletronica.-Foto-de-Beiva-Daltrozo.-Secom-768x558.jpg 768w, https:\/\/pbagora.s3.amazonaws.com\/2021\/11\/18180415\/Tornozeleira-eletronica.-Foto-de-Beiva-Daltrozo.-Secom-380x276.jpg 380w, https:\/\/pbagora.s3.amazonaws.com\/2021\/11\/18180415\/Tornozeleira-eletronica.-Foto-de-Beiva-Daltrozo.-Secom-800x582.jpg 800w, https:\/\/pbagora.s3.amazonaws.com\/2021\/11\/18180415\/Tornozeleira-eletronica.-Foto-de-Beiva-Daltrozo.-Secom-80x58.jpg 80w, https:\/\/pbagora.s3.amazonaws.com\/2021\/11\/18180415\/Tornozeleira-eletronica.-Foto-de-Beiva-Daltrozo.-Secom-760x553.jpg 760w, https:\/\/pbagora.s3.amazonaws.com\/2021\/11\/18180415\/Tornozeleira-eletronica.-Foto-de-Beiva-Daltrozo.-Secom-600x436.jpg 600w\" sizes=\"(max-width: 1000px) 100vw, 1000px\" \/><\/p><p>Na \u00faltima quarta-feira (17), o Conselho Tutelar de Cabedelo atendeu a uma den\u00fancia de viol\u00eancia infantil envolvendo uma crian\u00e7a de 5 anos, encaminhada pela av\u00f3 da menina. A den\u00fancia revelou que a m\u00e3e da crian\u00e7a havia a agredido brutalmente.<\/p>\n<p>De acordo com o conselheiro Estev\u00e3o Viana, a den\u00fancia foi recebida por volta das 21h45 da ter\u00e7a-feira (16). Imediatamente, a equipe do Conselho Tutelar se dirigiu \u00e0 resid\u00eancia da m\u00e3e. No local, a m\u00e3e demonstrou resist\u00eancia em admitir as agress\u00f5es, e a crian\u00e7a estava coberta com roupas que dificultaram a verifica\u00e7\u00e3o inicial dos sinais de viol\u00eancia. Apesar disso, os conselheiros decidiram remover a menina da resid\u00eancia e a levaram para a casa da av\u00f3 materna.<\/p>\n<p>Na manh\u00e3 seguinte, o Conselho Tutelar revisitou o local e confirmou a presen\u00e7a de hematomas, dentes quebrados, l\u00e1bios feridos e nariz machucado na crian\u00e7a. A menina se queixava de dores abdominais e foi imediatamente levada ao hospital. Embora as dores n\u00e3o tenham sido causadas por les\u00f5es internas graves, os exames revelaram m\u00faltiplas escoria\u00e7\u00f5es pelo corpo, sugerindo um hist\u00f3rico de agress\u00f5es anteriores. O Instituto de Pol\u00edcia Cient\u00edfica (IPC) foi acionado para produzir laudos detalhados sobre as les\u00f5es.<\/p>\n<p>A fam\u00edlia paterna, residente no Rio Grande do Norte, foi chamada, e a crian\u00e7a foi colocada sob a responsabilidade deles. A m\u00e3e da menina foi presa sob suspeita de ter espancado a filha. O Conselho Tutelar e a Delegacia da Mulher est\u00e3o colaborando para garantir a prote\u00e7\u00e3o e os direitos da crian\u00e7a. Estev\u00e3o Viana destacou a import\u00e2ncia da a\u00e7\u00e3o r\u00e1pida e coordenada para assegurar o bem-estar da menor, ressaltando que a crian\u00e7a agora est\u00e1 em seguran\u00e7a e com seus direitos garantidos.<\/p>\n<p>Entretanto, no \u00e2mbito judicial, o caso gerou grande repercuss\u00e3o. A m\u00e3e e seu companheiro, que foram detidos em flagrante, passaram por audi\u00eancia de cust\u00f3dia e foram liberados com medidas cautelares, incluindo a imposi\u00e7\u00e3o de tornozeleiras eletr\u00f4nicas e restri\u00e7\u00f5es de movimento, como n\u00e3o sair da cidade e n\u00e3o permanecer na rua ap\u00f3s determinado hor\u00e1rio.<\/p>\n<p>A decis\u00e3o gerou indigna\u00e7\u00e3o p\u00fablica, com muitos questionando o tratamento legal dispensado aos envolvidos, considerando a gravidade das agress\u00f5es. A m\u00e3e e o companheiro, apesar das restri\u00e7\u00f5es, foram liberados e devem responder ao processo em liberdade.<\/p>\n<p>Reda\u00e7\u00e3o<\/p>\n","protected":false},"excerpt":{"rendered":"<p><img loading=\"lazy\" decoding=\"async\" width=\"1000\" height=\"727\" src=\"https:\/\/pbagora.s3.amazonaws.com\/2021\/11\/18180415\/Tornozeleira-eletronica.-Foto-de-Beiva-Daltrozo.-Secom.jpg\" class=\"attachment-large size-large wp-post-image\" alt=\"\"><\/p>\n<p>Na \u00faltima quarta-feira (17), o Conselho Tutelar de Cabedelo atendeu a uma den\u00fancia de viol\u00eancia infantil envolvendo uma\u2026<\/p>\n","protected":false},"author":123457,"featured_media":0,"comment_status":"closed","ping_status":"closed","sticky":false,"template":"","format":"standard","meta":{"advgb_blocks_editor_width":"","advgb_blocks_columns_visual_guide":"","footnotes":""},"categories":[34],"tags":[10841,35,10839],"class_list":["post-49167","post","type-post","status-publish","format-standard","hentry","category-g1","tag-destaque-centro-02","tag-g1","tag-policial"],"author_meta":{"display_name":"Reda\u00e7\u00e3o","author_link":"https:\/\/sindaopcpb.org.br\/author\/redacao\/"},"featured_img":null,"coauthors":[],"tax_additional":{"categories":{"linked":["<a href=\"https:\/\/sindaopcpb.org.br\/g1\/\" class=\"advgb-post-tax-term\">G1<\/a>"],"unlinked":["<span class=\"advgb-post-tax-term\">G1<\/span>"]},"tags":{"linked":["<a href=\"https:\/\/sindaopcpb.org.br\/g1\/\" class=\"advgb-post-tax-term\">Destaque Centro 02<\/a>","<a href=\"https:\/\/sindaopcpb.org.br\/g1\/\" class=\"advgb-post-tax-term\">g1<\/a>","<a href=\"https:\/\/sindaopcpb.org.br\/g1\/\" class=\"advgb-post-tax-term\">Policial<\/a>"],"unlinked":["<span class=\"advgb-post-tax-term\">Destaque Centro 02<\/span>","<span class=\"advgb-post-tax-term\">g1<\/span>","<span class=\"advgb-post-tax-term\">Policial<\/span>"]}},"comment_count":"0","relative_dates":{"created":"Publicado 2 anos atr\u00e1s","modified":"Atualizado 2 anos atr\u00e1s"},"absolute_dates":{"created":"Publicado em 19 de julho de 2024","modified":"Atualizado em 19 de julho de 2024"},"absolute_dates_time":{"created":"Publicado em 19 de julho de 2024 06:09","modified":"Atualizado em 19 de julho de 2024 07:34"},"featured_img_caption":"","series_order":"","_links":{"self":[{"href":"https:\/\/sindaopcpb.org.br\/index.php\/wp-json\/wp\/v2\/posts\/49167","targetHints":{"allow":["GET"]}}],"collection":[{"href":"https:\/\/sindaopcpb.org.br\/index.php\/wp-json\/wp\/v2\/posts"}],"about":[{"href":"https:\/\/sindaopcpb.org.br\/index.php\/wp-json\/wp\/v2\/types\/post"}],"author":[{"embeddable":true,"href":"https:\/\/sindaopcpb.org.br\/index.php\/wp-json\/wp\/v2\/users\/123457"}],"replies":[{"embeddable":true,"href":"https:\/\/sindaopcpb.org.br\/index.php\/wp-json\/wp\/v2\/comments?post=49167"}],"version-history":[{"count":3,"href":"https:\/\/sindaopcpb.org.br\/index.php\/wp-json\/wp\/v2\/posts\/49167\/revisions"}],"predecessor-version":[{"id":49177,"href":"https:\/\/sindaopcpb.org.br\/index.php\/wp-json\/wp\/v2\/posts\/49167\/revisions\/49177"}],"wp:attachment":[{"href":"https:\/\/sindaopcpb.org.br\/index.php\/wp-json\/wp\/v2\/media?parent=49167"}],"wp:term":[{"taxonomy":"category","embeddable":true,"href":"https:\/\/sindaopcpb.org.br\/index.php\/wp-json\/wp\/v2\/categories?post=49167"},{"taxonomy":"post_tag","embeddable":true,"href":"https:\/\/sindaopcpb.org.br\/index.php\/wp-json\/wp\/v2\/tags?post=49167"}],"curies":[{"name":"wp","href":"https:\/\/api.w.org\/{rel}","templated":true}]}}