{"id":49160,"date":"2024-07-18T19:40:25","date_gmt":"2024-07-18T22:40:25","guid":{"rendered":"https:\/\/www.pbagora.com.br\/?p=845327"},"modified":"2024-07-18T19:40:25","modified_gmt":"2024-07-18T22:40:25","slug":"em-guarabira-lea-toscano-confirma-pre-candidatura-a-prefeita","status":"publish","type":"post","link":"https:\/\/sindaopcpb.org.br\/index.php\/2024\/07\/18\/em-guarabira-lea-toscano-confirma-pre-candidatura-a-prefeita\/","title":{"rendered":"Em Guarabira, L\u00e9a Toscano confirma pr\u00e9-candidatura a prefeita"},"content":{"rendered":"<p><img width=\"1024\" height=\"804\" src=\"https:\/\/pbagora.s3.amazonaws.com\/2024\/07\/18172040\/lea-toscano-e1721334067125-1024x804.jpeg\" class=\"attachment-large size-large wp-post-image\" alt=\"\" style=\"margin-bottom: 20px;\" decoding=\"async\" srcset=\"https:\/\/pbagora.s3.amazonaws.com\/2024\/07\/18172040\/lea-toscano-e1721334067125-1024x804.jpeg 1024w, https:\/\/pbagora.s3.amazonaws.com\/2024\/07\/18172040\/lea-toscano-e1721334067125-300x236.jpeg 300w, https:\/\/pbagora.s3.amazonaws.com\/2024\/07\/18172040\/lea-toscano-e1721334067125-150x118.jpeg 150w, https:\/\/pbagora.s3.amazonaws.com\/2024\/07\/18172040\/lea-toscano-e1721334067125-768x603.jpeg 768w, https:\/\/pbagora.s3.amazonaws.com\/2024\/07\/18172040\/lea-toscano-e1721334067125-380x298.jpeg 380w, https:\/\/pbagora.s3.amazonaws.com\/2024\/07\/18172040\/lea-toscano-e1721334067125-800x628.jpeg 800w, https:\/\/pbagora.s3.amazonaws.com\/2024\/07\/18172040\/lea-toscano-e1721334067125-1160x911.jpeg 1160w, https:\/\/pbagora.s3.amazonaws.com\/2024\/07\/18172040\/lea-toscano-e1721334067125-80x63.jpeg 80w, https:\/\/pbagora.s3.amazonaws.com\/2024\/07\/18172040\/lea-toscano-e1721334067125-760x597.jpeg 760w, https:\/\/pbagora.s3.amazonaws.com\/2024\/07\/18172040\/lea-toscano-e1721334067125-600x471.jpeg 600w, https:\/\/pbagora.s3.amazonaws.com\/2024\/07\/18172040\/lea-toscano-e1721334067125.jpeg 1480w\" sizes=\"(max-width: 1024px) 100vw, 1024px\" \/><\/p><p>Na tarde desta quinta-feira (18), a ex-deputada estadual e ex-prefeita de Guarabira, L\u00e9a Toscano, aceitou novamente disputar o Poder Executivo guarabirense. De acordo com a assessoria da, agora pr\u00e9-candidata, Ela aparece nas pesquisas eleitorais com mais de 60% das inten\u00e7\u00f5es de voto.<\/p>\n<p>Primeira mulher prefeita da cidade de Guarabira, em 1996, o \u00faltimo mandato de L\u00e9a Toscano terminou h\u00e1 20 anos, em 2004, ap\u00f3s ter sido reeleita no ano 2000. Atualmente, sua filha, Camila Toscano, \u00e9 deputada estadual pelo segundo mandato consecutivo.<\/p>\n<p>&#8211; Depois de conversar com meu povo, tomei minha decis\u00e3o. Estou pronta, Guarabira, sua filha aceita esse desafio e ser\u00e1 candidata a prefeita &#8211; disse L\u00e9a Toscano.<\/p>\n<p>Ainda segundo a assessoria, a conven\u00e7\u00e3o para homologa\u00e7\u00e3o da candidatura de L\u00e9a Toscano acontecer\u00e1 no pr\u00f3ximo dia 24 de julho no Gin\u00e1sio \u2018O Zenob\u00e3o\u2019. Os senadores Efraim Filho (Uni\u00e3o Brasil) e Veneziano Vital do R\u00eago (MDB) s\u00e3o esperados no evento.<\/p>\n<p>&nbsp;<\/p>\n<p><em><strong>PB Agora<\/strong><\/em><\/p>\n","protected":false},"excerpt":{"rendered":"<p><img loading=\"lazy\" decoding=\"async\" width=\"1024\" height=\"804\" src=\"https:\/\/pbagora.s3.amazonaws.com\/2024\/07\/18172040\/lea-toscano-e1721334067125-1024x804.jpeg\" class=\"attachment-large size-large wp-post-image\" alt=\"\"><\/p>\n<p>Na tarde desta quinta-feira (18), a ex-deputada estadual e ex-prefeita de Guarabira, L\u00e9a Toscano, aceitou novamente disputar o\u2026<\/p>\n","protected":false},"author":123457,"featured_media":0,"comment_status":"closed","ping_status":"closed","sticky":false,"template":"","format":"standard","meta":{"advgb_blocks_editor_width":"","advgb_blocks_columns_visual_guide":"","footnotes":""},"categories":[34],"tags":[10841,35,10839],"class_list":["post-49160","post","type-post","status-publish","format-standard","hentry","category-g1","tag-destaque-centro-02","tag-g1","tag-policial"],"author_meta":{"display_name":"Reda\u00e7\u00e3o","author_link":"https:\/\/sindaopcpb.org.br\/author\/redacao\/"},"featured_img":null,"coauthors":[],"tax_additional":{"categories":{"linked":["<a href=\"https:\/\/sindaopcpb.org.br\/g1\/\" class=\"advgb-post-tax-term\">G1<\/a>"],"unlinked":["<span class=\"advgb-post-tax-term\">G1<\/span>"]},"tags":{"linked":["<a href=\"https:\/\/sindaopcpb.org.br\/g1\/\" class=\"advgb-post-tax-term\">Destaque Centro 02<\/a>","<a href=\"https:\/\/sindaopcpb.org.br\/g1\/\" class=\"advgb-post-tax-term\">g1<\/a>","<a href=\"https:\/\/sindaopcpb.org.br\/g1\/\" class=\"advgb-post-tax-term\">Policial<\/a>"],"unlinked":["<span class=\"advgb-post-tax-term\">Destaque Centro 02<\/span>","<span class=\"advgb-post-tax-term\">g1<\/span>","<span class=\"advgb-post-tax-term\">Policial<\/span>"]}},"comment_count":"0","relative_dates":{"created":"Publicado 2 anos atr\u00e1s","modified":"Atualizado 2 anos atr\u00e1s"},"absolute_dates":{"created":"Publicado em 18 de julho de 2024","modified":"Atualizado em 18 de julho de 2024"},"absolute_dates_time":{"created":"Publicado em 18 de julho de 2024 19:40","modified":"Atualizado em 18 de julho de 2024 19:40"},"featured_img_caption":"","series_order":"","_links":{"self":[{"href":"https:\/\/sindaopcpb.org.br\/index.php\/wp-json\/wp\/v2\/posts\/49160","targetHints":{"allow":["GET"]}}],"collection":[{"href":"https:\/\/sindaopcpb.org.br\/index.php\/wp-json\/wp\/v2\/posts"}],"about":[{"href":"https:\/\/sindaopcpb.org.br\/index.php\/wp-json\/wp\/v2\/types\/post"}],"author":[{"embeddable":true,"href":"https:\/\/sindaopcpb.org.br\/index.php\/wp-json\/wp\/v2\/users\/123457"}],"replies":[{"embeddable":true,"href":"https:\/\/sindaopcpb.org.br\/index.php\/wp-json\/wp\/v2\/comments?post=49160"}],"version-history":[{"count":2,"href":"https:\/\/sindaopcpb.org.br\/index.php\/wp-json\/wp\/v2\/posts\/49160\/revisions"}],"predecessor-version":[{"id":49169,"href":"https:\/\/sindaopcpb.org.br\/index.php\/wp-json\/wp\/v2\/posts\/49160\/revisions\/49169"}],"wp:attachment":[{"href":"https:\/\/sindaopcpb.org.br\/index.php\/wp-json\/wp\/v2\/media?parent=49160"}],"wp:term":[{"taxonomy":"category","embeddable":true,"href":"https:\/\/sindaopcpb.org.br\/index.php\/wp-json\/wp\/v2\/categories?post=49160"},{"taxonomy":"post_tag","embeddable":true,"href":"https:\/\/sindaopcpb.org.br\/index.php\/wp-json\/wp\/v2\/tags?post=49160"}],"curies":[{"name":"wp","href":"https:\/\/api.w.org\/{rel}","templated":true}]}}