{"id":49142,"date":"2024-07-18T09:44:06","date_gmt":"2024-07-18T12:44:06","guid":{"rendered":"https:\/\/www.pbagora.com.br\/?p=845216"},"modified":"2024-07-18T14:10:06","modified_gmt":"2024-07-18T17:10:06","slug":"mulher-e-presa-em-cabedelo-suspeita-de-espancar-filha-de-cinco-anos-namorado-tambem-e-detido-por-omissao","status":"publish","type":"post","link":"https:\/\/sindaopcpb.org.br\/index.php\/2024\/07\/18\/mulher-e-presa-em-cabedelo-suspeita-de-espancar-filha-de-cinco-anos-namorado-tambem-e-detido-por-omissao\/","title":{"rendered":"Mulher \u00e9 presa em Cabedelo suspeita de espancar filha de cinco anos; namorado tamb\u00e9m \u00e9 detido por omiss\u00e3o"},"content":{"rendered":"<p><img width=\"508\" height=\"576\" src=\"https:\/\/pbagora.s3.amazonaws.com\/2024\/07\/18094329\/e43dbb008f2a513e29d31863f70c85e6-1-1024x576-1-e1721306634611.jpg\" class=\"attachment-large size-large wp-post-image\" alt=\"\" style=\"margin-bottom: 20px;\" decoding=\"async\" srcset=\"https:\/\/pbagora.s3.amazonaws.com\/2024\/07\/18094329\/e43dbb008f2a513e29d31863f70c85e6-1-1024x576-1-e1721306634611.jpg 508w, https:\/\/pbagora.s3.amazonaws.com\/2024\/07\/18094329\/e43dbb008f2a513e29d31863f70c85e6-1-1024x576-1-e1721306634611-265x300.jpg 265w, https:\/\/pbagora.s3.amazonaws.com\/2024\/07\/18094329\/e43dbb008f2a513e29d31863f70c85e6-1-1024x576-1-e1721306634611-132x150.jpg 132w, https:\/\/pbagora.s3.amazonaws.com\/2024\/07\/18094329\/e43dbb008f2a513e29d31863f70c85e6-1-1024x576-1-e1721306634611-380x431.jpg 380w, https:\/\/pbagora.s3.amazonaws.com\/2024\/07\/18094329\/e43dbb008f2a513e29d31863f70c85e6-1-1024x576-1-e1721306634611-80x91.jpg 80w, https:\/\/pbagora.s3.amazonaws.com\/2024\/07\/18094329\/e43dbb008f2a513e29d31863f70c85e6-1-1024x576-1-e1721306634611-71x80.jpg 71w\" sizes=\"(max-width: 508px) 100vw, 508px\" \/><\/p><p>Nessa quarta-feira (17), uma mulher de 23 anos foi presa em Cabedelo, na Grande Jo\u00e3o Pessoa, acusada de espancar sua pr\u00f3pria filha, uma menina de cinco anos.<\/p>\n<p>A den\u00fancia foi feita pela av\u00f3 paterna da crian\u00e7a, residente no Rio Grande do Norte, que notou algo suspeito durante videochamadas, onde a neta sempre aparecia coberta de roupas, mesmo em dias quentes.<\/p>\n<p>O Conselho Tutelar de Cabedelo foi acionado e ao visitar a casa da m\u00e3e por volta das 21h45, encontrou resist\u00eancia da suspeita em admitir as agress\u00f5es. A crian\u00e7a estava vestida com roupas compridas, dificultando a verifica\u00e7\u00e3o inicial dos sinais de viol\u00eancia. Apesar disso, os conselheiros decidiram remover a menina do ambiente e lev\u00e1-la para a casa da av\u00f3 materna.<\/p>\n<p>Na manh\u00e3 seguinte, o Conselho Tutelar retornou ao local e confirmou a presen\u00e7a de hematomas, dentes quebrados, l\u00e1bios feridos e nariz machucado na crian\u00e7a, que tamb\u00e9m se queixava de dores abdominais. Ela foi ent\u00e3o encaminhada ao hospital para atendimento m\u00e9dico.<\/p>\n<p>Al\u00e9m da m\u00e3e, o namorado dela tamb\u00e9m foi preso por presenciar as agress\u00f5es e n\u00e3o tomar nenhuma atitude. Ambos negam a autoria das agress\u00f5es, mas a gravidade das les\u00f5es na crian\u00e7a contradiz suas declara\u00e7\u00f5es. O casal passar\u00e1 por audi\u00eancia de cust\u00f3dia nesta quinta-feira (18).<\/p>\n<p>A crian\u00e7a foi encaminhada para o Rio Grande do Norte, onde ficar\u00e1 aos cuidados da av\u00f3 paterna.<\/p>\n<p><strong>PB Agora<\/strong><\/p>\n","protected":false},"excerpt":{"rendered":"<p><img loading=\"lazy\" decoding=\"async\" width=\"508\" height=\"576\" src=\"https:\/\/pbagora.s3.amazonaws.com\/2024\/07\/18094329\/e43dbb008f2a513e29d31863f70c85e6-1-1024x576-1-e1721306634611.jpg\" class=\"attachment-large size-large wp-post-image\" alt=\"\"><\/p>\n<p>Nessa quarta-feira (17), uma mulher de 23 anos foi presa em Cabedelo, na Grande Jo\u00e3o Pessoa, acusada de\u2026<\/p>\n","protected":false},"author":123457,"featured_media":0,"comment_status":"closed","ping_status":"closed","sticky":false,"template":"","format":"standard","meta":{"advgb_blocks_editor_width":"","advgb_blocks_columns_visual_guide":"","footnotes":""},"categories":[34],"tags":[10840,35,10839],"class_list":["post-49142","post","type-post","status-publish","format-standard","hentry","category-g1","tag-destaque-centro-03","tag-g1","tag-policial"],"author_meta":{"display_name":"Reda\u00e7\u00e3o","author_link":"https:\/\/sindaopcpb.org.br\/author\/redacao\/"},"featured_img":null,"coauthors":[],"tax_additional":{"categories":{"linked":["<a href=\"https:\/\/sindaopcpb.org.br\/g1\/\" class=\"advgb-post-tax-term\">G1<\/a>"],"unlinked":["<span class=\"advgb-post-tax-term\">G1<\/span>"]},"tags":{"linked":["<a href=\"https:\/\/sindaopcpb.org.br\/g1\/\" class=\"advgb-post-tax-term\">Destaque Centro 03<\/a>","<a href=\"https:\/\/sindaopcpb.org.br\/g1\/\" class=\"advgb-post-tax-term\">g1<\/a>","<a href=\"https:\/\/sindaopcpb.org.br\/g1\/\" class=\"advgb-post-tax-term\">Policial<\/a>"],"unlinked":["<span class=\"advgb-post-tax-term\">Destaque Centro 03<\/span>","<span class=\"advgb-post-tax-term\">g1<\/span>","<span class=\"advgb-post-tax-term\">Policial<\/span>"]}},"comment_count":"0","relative_dates":{"created":"Publicado 2 anos atr\u00e1s","modified":"Atualizado 2 anos atr\u00e1s"},"absolute_dates":{"created":"Publicado em 18 de julho de 2024","modified":"Atualizado em 18 de julho de 2024"},"absolute_dates_time":{"created":"Publicado em 18 de julho de 2024 09:44","modified":"Atualizado em 18 de julho de 2024 14:10"},"featured_img_caption":"","series_order":"","_links":{"self":[{"href":"https:\/\/sindaopcpb.org.br\/index.php\/wp-json\/wp\/v2\/posts\/49142","targetHints":{"allow":["GET"]}}],"collection":[{"href":"https:\/\/sindaopcpb.org.br\/index.php\/wp-json\/wp\/v2\/posts"}],"about":[{"href":"https:\/\/sindaopcpb.org.br\/index.php\/wp-json\/wp\/v2\/types\/post"}],"author":[{"embeddable":true,"href":"https:\/\/sindaopcpb.org.br\/index.php\/wp-json\/wp\/v2\/users\/123457"}],"replies":[{"embeddable":true,"href":"https:\/\/sindaopcpb.org.br\/index.php\/wp-json\/wp\/v2\/comments?post=49142"}],"version-history":[{"count":3,"href":"https:\/\/sindaopcpb.org.br\/index.php\/wp-json\/wp\/v2\/posts\/49142\/revisions"}],"predecessor-version":[{"id":49155,"href":"https:\/\/sindaopcpb.org.br\/index.php\/wp-json\/wp\/v2\/posts\/49142\/revisions\/49155"}],"wp:attachment":[{"href":"https:\/\/sindaopcpb.org.br\/index.php\/wp-json\/wp\/v2\/media?parent=49142"}],"wp:term":[{"taxonomy":"category","embeddable":true,"href":"https:\/\/sindaopcpb.org.br\/index.php\/wp-json\/wp\/v2\/categories?post=49142"},{"taxonomy":"post_tag","embeddable":true,"href":"https:\/\/sindaopcpb.org.br\/index.php\/wp-json\/wp\/v2\/tags?post=49142"}],"curies":[{"name":"wp","href":"https:\/\/api.w.org\/{rel}","templated":true}]}}