{"id":49133,"date":"2024-07-18T05:02:50","date_gmt":"2024-07-18T08:02:50","guid":{"rendered":"https:\/\/www.pbagora.com.br\/?p=845170"},"modified":"2024-07-18T05:02:50","modified_gmt":"2024-07-18T08:02:50","slug":"pm-prende-cadeirante-por-tentativa-de-homicidio-apos-negociacao-de-veiculo-em-jp","status":"publish","type":"post","link":"https:\/\/sindaopcpb.org.br\/index.php\/2024\/07\/18\/pm-prende-cadeirante-por-tentativa-de-homicidio-apos-negociacao-de-veiculo-em-jp\/","title":{"rendered":"PM prende cadeirante por tentativa de homic\u00eddio ap\u00f3s negocia\u00e7\u00e3o de ve\u00edculo em JP"},"content":{"rendered":"<p><img width=\"836\" height=\"430\" src=\"https:\/\/pbagora.s3.amazonaws.com\/2024\/07\/18050240\/Sem-titulo-24.jpg\" class=\"attachment-large size-large wp-post-image\" alt=\"\" style=\"margin-bottom: 20px;\" decoding=\"async\" loading=\"lazy\" srcset=\"https:\/\/pbagora.s3.amazonaws.com\/2024\/07\/18050240\/Sem-titulo-24.jpg 836w, https:\/\/pbagora.s3.amazonaws.com\/2024\/07\/18050240\/Sem-titulo-24-300x154.jpg 300w, https:\/\/pbagora.s3.amazonaws.com\/2024\/07\/18050240\/Sem-titulo-24-150x77.jpg 150w, https:\/\/pbagora.s3.amazonaws.com\/2024\/07\/18050240\/Sem-titulo-24-768x395.jpg 768w, https:\/\/pbagora.s3.amazonaws.com\/2024\/07\/18050240\/Sem-titulo-24-380x195.jpg 380w, https:\/\/pbagora.s3.amazonaws.com\/2024\/07\/18050240\/Sem-titulo-24-800x411.jpg 800w, https:\/\/pbagora.s3.amazonaws.com\/2024\/07\/18050240\/Sem-titulo-24-80x42.jpg 80w, https:\/\/pbagora.s3.amazonaws.com\/2024\/07\/18050240\/Sem-titulo-24-760x391.jpg 760w, https:\/\/pbagora.s3.amazonaws.com\/2024\/07\/18050240\/Sem-titulo-24-600x309.jpg 600w\" sizes=\"(max-width: 836px) 100vw, 836px\" \/><\/p><p>Uma a\u00e7\u00e3o da pol\u00edcia resultou na pris\u00e3o da noite de ontem (17), de um homem cadeirante que foi encaminhado \u00e0 central de flagrantes na cidade da pol\u00edcia, acusado de tentativa de homic\u00eddio. O caso, envolvendo uma negocia\u00e7\u00e3o de ve\u00edculo, ocorreu nas imedia\u00e7\u00f5es do bairro dos Novais.<\/p>\n<p>Dados iniciais da pol\u00edcia, revelam que o incidente teve in\u00edcio ap\u00f3s uma negocia\u00e7\u00e3o malsucedida em um site de vendas. O suspeito, que \u00e9 cadeirante, teria tentado atirar em uma mulher devido a um desentendimento sobre a venda de um carro. A pol\u00edcia foi acionada por volta do meio-dia, ap\u00f3s receber uma den\u00fancia via Centro Integrado de Comando e Controle, indicando que dois indiv\u00edduos em um ve\u00edculo sedan azul efetuaram disparos em uma resid\u00eancia.<\/p>\n<p>Entenda o caso \u2013 O desentendimento come\u00e7ou ap\u00f3s uma troca de ve\u00edculos entre o esposo da v\u00edtima e o sobrinho do suspeito. O marido da v\u00edtima relatou que trocou um carro Fit por uma moto, mas dias depois, o sobrinho do cadeirante come\u00e7ou a amea\u00e7\u00e1-lo, alegando que o carro trocado tinha pend\u00eancias financeiras n\u00e3o informadas. Em resposta, o marido da v\u00edtima afirmou que, se tivesse sido informado antes, teria desfeito a troca, mas a moto j\u00e1 havia sido vendida para quitar d\u00edvidas no banco.<\/p>\n<p>O suspeito cadeirante, ao ser questionado pela pol\u00edcia, negou as acusa\u00e7\u00f5es, afirmando que n\u00e3o estava no carro no momento do incidente e que n\u00e3o havia disparado nenhuma arma. O sobrinho, tamb\u00e9m detido, alegou que foi enganado na negocia\u00e7\u00e3o, recebendo um carro com quatro anos de atrasos nos pagamentos.<\/p>\n<p>Reda\u00e7\u00e3o<\/p>\n","protected":false},"excerpt":{"rendered":"<p><img loading=\"lazy\" decoding=\"async\" width=\"836\" height=\"430\" src=\"https:\/\/pbagora.s3.amazonaws.com\/2024\/07\/18050240\/Sem-titulo-24.jpg\" class=\"attachment-large size-large wp-post-image\" alt=\"\"><\/p>\n<p>Uma a\u00e7\u00e3o da pol\u00edcia resultou na pris\u00e3o da noite de ontem (17), de um homem cadeirante que foi\u2026<\/p>\n","protected":false},"author":123457,"featured_media":0,"comment_status":"closed","ping_status":"closed","sticky":false,"template":"","format":"standard","meta":{"advgb_blocks_editor_width":"","advgb_blocks_columns_visual_guide":"","footnotes":""},"categories":[34],"tags":[10840,35,10839],"class_list":["post-49133","post","type-post","status-publish","format-standard","hentry","category-g1","tag-destaque-centro-03","tag-g1","tag-policial"],"author_meta":{"display_name":"Reda\u00e7\u00e3o","author_link":"https:\/\/sindaopcpb.org.br\/author\/redacao\/"},"featured_img":null,"coauthors":[],"tax_additional":{"categories":{"linked":["<a href=\"https:\/\/sindaopcpb.org.br\/g1\/\" class=\"advgb-post-tax-term\">G1<\/a>"],"unlinked":["<span class=\"advgb-post-tax-term\">G1<\/span>"]},"tags":{"linked":["<a href=\"https:\/\/sindaopcpb.org.br\/g1\/\" class=\"advgb-post-tax-term\">Destaque Centro 03<\/a>","<a href=\"https:\/\/sindaopcpb.org.br\/g1\/\" class=\"advgb-post-tax-term\">g1<\/a>","<a href=\"https:\/\/sindaopcpb.org.br\/g1\/\" class=\"advgb-post-tax-term\">Policial<\/a>"],"unlinked":["<span class=\"advgb-post-tax-term\">Destaque Centro 03<\/span>","<span class=\"advgb-post-tax-term\">g1<\/span>","<span class=\"advgb-post-tax-term\">Policial<\/span>"]}},"comment_count":"0","relative_dates":{"created":"Publicado 2 anos atr\u00e1s","modified":"Atualizado 2 anos atr\u00e1s"},"absolute_dates":{"created":"Publicado em 18 de julho de 2024","modified":"Atualizado em 18 de julho de 2024"},"absolute_dates_time":{"created":"Publicado em 18 de julho de 2024 05:02","modified":"Atualizado em 18 de julho de 2024 05:02"},"featured_img_caption":"","series_order":"","_links":{"self":[{"href":"https:\/\/sindaopcpb.org.br\/index.php\/wp-json\/wp\/v2\/posts\/49133","targetHints":{"allow":["GET"]}}],"collection":[{"href":"https:\/\/sindaopcpb.org.br\/index.php\/wp-json\/wp\/v2\/posts"}],"about":[{"href":"https:\/\/sindaopcpb.org.br\/index.php\/wp-json\/wp\/v2\/types\/post"}],"author":[{"embeddable":true,"href":"https:\/\/sindaopcpb.org.br\/index.php\/wp-json\/wp\/v2\/users\/123457"}],"replies":[{"embeddable":true,"href":"https:\/\/sindaopcpb.org.br\/index.php\/wp-json\/wp\/v2\/comments?post=49133"}],"version-history":[{"count":2,"href":"https:\/\/sindaopcpb.org.br\/index.php\/wp-json\/wp\/v2\/posts\/49133\/revisions"}],"predecessor-version":[{"id":49140,"href":"https:\/\/sindaopcpb.org.br\/index.php\/wp-json\/wp\/v2\/posts\/49133\/revisions\/49140"}],"wp:attachment":[{"href":"https:\/\/sindaopcpb.org.br\/index.php\/wp-json\/wp\/v2\/media?parent=49133"}],"wp:term":[{"taxonomy":"category","embeddable":true,"href":"https:\/\/sindaopcpb.org.br\/index.php\/wp-json\/wp\/v2\/categories?post=49133"},{"taxonomy":"post_tag","embeddable":true,"href":"https:\/\/sindaopcpb.org.br\/index.php\/wp-json\/wp\/v2\/tags?post=49133"}],"curies":[{"name":"wp","href":"https:\/\/api.w.org\/{rel}","templated":true}]}}