{"id":49107,"date":"2024-07-17T08:58:56","date_gmt":"2024-07-17T11:58:56","guid":{"rendered":"https:\/\/www.pbagora.com.br\/?p=844939"},"modified":"2024-07-17T08:58:56","modified_gmt":"2024-07-17T11:58:56","slug":"pf-deflagra-operacao-sem-final-que-visa-investigar-crimes-de-trafico-de-drogas-no-sertao-da-pb","status":"publish","type":"post","link":"https:\/\/sindaopcpb.org.br\/index.php\/2024\/07\/17\/pf-deflagra-operacao-sem-final-que-visa-investigar-crimes-de-trafico-de-drogas-no-sertao-da-pb\/","title":{"rendered":"PF deflagra \u2018Opera\u00e7\u00e3o Sem Final\u2019 que visa investigar crimes de tr\u00e1fico de drogas no Sert\u00e3o da PB"},"content":{"rendered":"<p><img width=\"1024\" height=\"576\" src=\"https:\/\/pbagora.s3.amazonaws.com\/2024\/07\/17085846\/WhatsApp-Image-2024-07-17-at-08.54.22-1024x576.jpeg\" class=\"attachment-large size-large wp-post-image\" alt=\"\" style=\"margin-bottom: 20px;\" decoding=\"async\" srcset=\"https:\/\/pbagora.s3.amazonaws.com\/2024\/07\/17085846\/WhatsApp-Image-2024-07-17-at-08.54.22-1024x576.jpeg 1024w, https:\/\/pbagora.s3.amazonaws.com\/2024\/07\/17085846\/WhatsApp-Image-2024-07-17-at-08.54.22-300x169.jpeg 300w, https:\/\/pbagora.s3.amazonaws.com\/2024\/07\/17085846\/WhatsApp-Image-2024-07-17-at-08.54.22-150x84.jpeg 150w, https:\/\/pbagora.s3.amazonaws.com\/2024\/07\/17085846\/WhatsApp-Image-2024-07-17-at-08.54.22-768x432.jpeg 768w, https:\/\/pbagora.s3.amazonaws.com\/2024\/07\/17085846\/WhatsApp-Image-2024-07-17-at-08.54.22-380x214.jpeg 380w, https:\/\/pbagora.s3.amazonaws.com\/2024\/07\/17085846\/WhatsApp-Image-2024-07-17-at-08.54.22-800x450.jpeg 800w, https:\/\/pbagora.s3.amazonaws.com\/2024\/07\/17085846\/WhatsApp-Image-2024-07-17-at-08.54.22-80x46.jpeg 80w, https:\/\/pbagora.s3.amazonaws.com\/2024\/07\/17085846\/WhatsApp-Image-2024-07-17-at-08.54.22-760x427.jpeg 760w, https:\/\/pbagora.s3.amazonaws.com\/2024\/07\/17085846\/WhatsApp-Image-2024-07-17-at-08.54.22-600x337.jpeg 600w, https:\/\/pbagora.s3.amazonaws.com\/2024\/07\/17085846\/WhatsApp-Image-2024-07-17-at-08.54.22.jpeg 1156w\" sizes=\"(max-width: 1024px) 100vw, 1024px\" \/><\/p><p>A Pol\u00edcia Federal deflagrou na manh\u00e3 desta quarta-feira, 17\/07\/2024, a Opera\u00e7\u00e3o \u201cSEM FINAL\u201d, com o objetivo de apurar o crime de tr\u00e1fico de drogas na regi\u00e3o. Cerca de 15 Policiais Federais, cumprem 02 mandados de Busca e Apreens\u00e3o, expedidos pelo Ju\u00edzo Estadual da 2\u00aa Vara Mista de Patos\/PB, ambos no munic\u00edpio de Cajazeiras\/PB.<\/p>\n<p>As investiga\u00e7\u00f5es se iniciaram com a pris\u00e3o em flagrante de um nacional, ocorrida em janeiro de 2023, na cidade de Patos\/PB, quando o preso transportava cerca de 10 quilos de coca\u00edna com destino \u00e0 cidade de Jo\u00e3o Pessoa\/PB, ocasi\u00e3o em que foi abordado por Policiais Militares do Estado da Para\u00edba.<\/p>\n<p>Com base nessa pris\u00e3o em flagrante, foi instaurado inqu\u00e9rito policial que permitiu identificar um grupo de pessoas associadas para o cometimento do tr\u00e1fico de drogas na cidade de Cajazeiras\/PB.<br \/>\nA investiga\u00e7\u00e3o segue em andamento, com a finalidade de obter elementos de autoria e materialidade do crime praticado e, caso sejam confirmados, os investigados responder\u00e3o pelo crime tr\u00e1fico de drogas e associa\u00e7\u00e3o para o crime de tr\u00e1fico de drogas, cujas penas, se somadas, podem chegar a 25 anos de pris\u00e3o.<\/p>\n<p>O nome \u201cSEM FINAL\u201d faz refer\u00eancia ao compromisso institucional da Pol\u00edcia Federal em permanecer vigilante, mantendo o compromisso de investigar e reprimir o crime de tr\u00e1fico de drogas. Segundo a PF, n\u00e3o haver\u00e1 coletiva.<\/p>\n<p>Reda\u00e7\u00e3o com assessoria<\/p>\n","protected":false},"excerpt":{"rendered":"<p><img loading=\"lazy\" decoding=\"async\" width=\"1024\" height=\"576\" src=\"https:\/\/pbagora.s3.amazonaws.com\/2024\/07\/17085846\/WhatsApp-Image-2024-07-17-at-08.54.22-1024x576.jpeg\" class=\"attachment-large size-large wp-post-image\" alt=\"\"><\/p>\n<p>A Pol\u00edcia Federal deflagrou na manh\u00e3 desta quarta-feira, 17\/07\/2024, a Opera\u00e7\u00e3o \u201cSEM FINAL\u201d, com o objetivo de apurar\u2026<\/p>\n","protected":false},"author":123457,"featured_media":0,"comment_status":"closed","ping_status":"closed","sticky":false,"template":"","format":"standard","meta":{"advgb_blocks_editor_width":"","advgb_blocks_columns_visual_guide":"","footnotes":""},"categories":[34],"tags":[10845,35,10839],"class_list":["post-49107","post","type-post","status-publish","format-standard","hentry","category-g1","tag-destaque-centro-01","tag-g1","tag-policial"],"author_meta":{"display_name":"Reda\u00e7\u00e3o","author_link":"https:\/\/sindaopcpb.org.br\/author\/redacao\/"},"featured_img":null,"coauthors":[],"tax_additional":{"categories":{"linked":["<a href=\"https:\/\/sindaopcpb.org.br\/g1\/\" class=\"advgb-post-tax-term\">G1<\/a>"],"unlinked":["<span class=\"advgb-post-tax-term\">G1<\/span>"]},"tags":{"linked":["<a href=\"https:\/\/sindaopcpb.org.br\/g1\/\" class=\"advgb-post-tax-term\">Destaque Centro 01<\/a>","<a href=\"https:\/\/sindaopcpb.org.br\/g1\/\" class=\"advgb-post-tax-term\">g1<\/a>","<a href=\"https:\/\/sindaopcpb.org.br\/g1\/\" class=\"advgb-post-tax-term\">Policial<\/a>"],"unlinked":["<span class=\"advgb-post-tax-term\">Destaque Centro 01<\/span>","<span class=\"advgb-post-tax-term\">g1<\/span>","<span class=\"advgb-post-tax-term\">Policial<\/span>"]}},"comment_count":"0","relative_dates":{"created":"Publicado 2 anos atr\u00e1s","modified":"Atualizado 2 anos atr\u00e1s"},"absolute_dates":{"created":"Publicado em 17 de julho de 2024","modified":"Atualizado em 17 de julho de 2024"},"absolute_dates_time":{"created":"Publicado em 17 de julho de 2024 08:58","modified":"Atualizado em 17 de julho de 2024 08:58"},"featured_img_caption":"","series_order":"","_links":{"self":[{"href":"https:\/\/sindaopcpb.org.br\/index.php\/wp-json\/wp\/v2\/posts\/49107","targetHints":{"allow":["GET"]}}],"collection":[{"href":"https:\/\/sindaopcpb.org.br\/index.php\/wp-json\/wp\/v2\/posts"}],"about":[{"href":"https:\/\/sindaopcpb.org.br\/index.php\/wp-json\/wp\/v2\/types\/post"}],"author":[{"embeddable":true,"href":"https:\/\/sindaopcpb.org.br\/index.php\/wp-json\/wp\/v2\/users\/123457"}],"replies":[{"embeddable":true,"href":"https:\/\/sindaopcpb.org.br\/index.php\/wp-json\/wp\/v2\/comments?post=49107"}],"version-history":[{"count":3,"href":"https:\/\/sindaopcpb.org.br\/index.php\/wp-json\/wp\/v2\/posts\/49107\/revisions"}],"predecessor-version":[{"id":49118,"href":"https:\/\/sindaopcpb.org.br\/index.php\/wp-json\/wp\/v2\/posts\/49107\/revisions\/49118"}],"wp:attachment":[{"href":"https:\/\/sindaopcpb.org.br\/index.php\/wp-json\/wp\/v2\/media?parent=49107"}],"wp:term":[{"taxonomy":"category","embeddable":true,"href":"https:\/\/sindaopcpb.org.br\/index.php\/wp-json\/wp\/v2\/categories?post=49107"},{"taxonomy":"post_tag","embeddable":true,"href":"https:\/\/sindaopcpb.org.br\/index.php\/wp-json\/wp\/v2\/tags?post=49107"}],"curies":[{"name":"wp","href":"https:\/\/api.w.org\/{rel}","templated":true}]}}