{"id":49101,"date":"2024-07-17T06:21:44","date_gmt":"2024-07-17T09:21:44","guid":{"rendered":"https:\/\/www.pbagora.com.br\/?p=844893"},"modified":"2024-07-17T06:21:44","modified_gmt":"2024-07-17T09:21:44","slug":"operacao-calvario-justica-rejeita-novo-recurso-e-mantem-acao-na-justica-eleitoral","status":"publish","type":"post","link":"https:\/\/sindaopcpb.org.br\/index.php\/2024\/07\/17\/operacao-calvario-justica-rejeita-novo-recurso-e-mantem-acao-na-justica-eleitoral\/","title":{"rendered":"Opera\u00e7\u00e3o Calv\u00e1rio: Justi\u00e7a rejeita novo recurso e mant\u00e9m a\u00e7\u00e3o na Justi\u00e7a Eleitoral"},"content":{"rendered":"<p><img width=\"521\" height=\"364\" src=\"https:\/\/pbagora.s3.amazonaws.com\/20190905185133\/calvario.png\" class=\"attachment-large size-large wp-post-image\" alt=\"\" style=\"margin-bottom: 20px;\" decoding=\"async\" loading=\"lazy\" srcset=\"https:\/\/pbagora.s3.amazonaws.com\/20190905185133\/calvario.png 521w, https:\/\/pbagora.s3.amazonaws.com\/20190905185133\/calvario-300x210.png 300w, https:\/\/pbagora.s3.amazonaws.com\/20190905185133\/calvario-150x105.png 150w, https:\/\/pbagora.s3.amazonaws.com\/20190905185133\/calvario-80x56.png 80w\" sizes=\"(max-width: 521px) 100vw, 521px\" \/><\/p><p>Em decis\u00e3o ontem (16), o juiz do Tribunal de Justi\u00e7a da Para\u00edba (TJPB), Jos\u00e9 Ferreira Ramos J\u00fanior, negou recurso do Minist\u00e9rio P\u00fablico do Estado (MPPB) contra a decis\u00e3o que determinou o envio de uma das a\u00e7\u00f5es da Opera\u00e7\u00e3o Calv\u00e1rio para a Justi\u00e7a Eleitoral. Nela, s\u00e3o investigados o ex-governador Ricardo Coutinho, a ex-primeira-dama Amanda Rodrigues, os ex-secret\u00e1rios Gilberto Carneiro, Waldson de Souza, e demais investigados, como Coriolano Coutinho, Daniel Gomes da Silva, Maur\u00edcio Rocha Neves e Alu\u00edsio Freitas de Almeida J\u00fanior.<\/p>\n<p>Ainda sobre o recurso, o MPPB argumentou que a den\u00fancia contra os envolvidos n\u00e3o tem rela\u00e7\u00e3o com crimes eleitorais e por isso a Justi\u00e7a cometeu um \u201cequ\u00edvoco\u201d ao declinar da compet\u00eancia. \u201cA desacertada extensa\u0303o dos entendimentos supracitados, por parte do jui\u0301zo a quo, para promover a alterac\u0327a\u0303o da compete\u0302ncia jurisdicional em questa\u0303o, ignora, ao menos, a singularidade e autonomia das imputac\u0327o\u0303es especi\u0301ficas a esta ac\u0327a\u0303o penal, que nem sequer foram apreciadas no decisum ora combatido\u201d, diz o MPPB em trecho do recurso.<\/p>\n<p>Neste diferimento, o magistrado, no entanto, desconsiderou a tese apresentada pelo \u00f3rg\u00e3o ministerial. \u201cOs crimes descritos na incoativa e imputados aos membros de uma mesma c\u00e9lula criminosa \u2013 lavagem de dinheiro, concuss\u00e3o e falsidade ideol\u00f3gica \u2013 encontram-se inseridos na mesma ambi\u00eancia de il\u00edcitos eleitorais praticados pelos mesmos agentes, os quais visavam \u00e0 preserva\u00e7\u00e3o de uma estrutura de poder a partir da manuten\u00e7\u00e3o do pr\u00f3prio grupo criminoso\u201d, diz trecho.<\/p>\n<p>\u201cH\u00e1, pois, ineg\u00e1vel imbrica\u00e7\u00e3o (rectius: conex\u00e3o) entre os crimes comuns narrados na den\u00fancia e os demais crimes eleitorais imputados \u00e0 mesma ORCRIM, o que evidencia a compet\u00eancia da justi\u00e7a especializada, como entendeu o ju\u00edzo de primeiro grau\u201d, comentou o juiz.<\/p>\n<p>Reda\u00e7\u00e3o com Mais PB<\/p>\n","protected":false},"excerpt":{"rendered":"<p><img loading=\"lazy\" decoding=\"async\" width=\"521\" height=\"364\" src=\"https:\/\/pbagora.s3.amazonaws.com\/20190905185133\/calvario.png\" class=\"attachment-large size-large wp-post-image\" alt=\"\"><\/p>\n<p>Em decis\u00e3o ontem (16), o juiz do Tribunal de Justi\u00e7a da Para\u00edba (TJPB), Jos\u00e9 Ferreira Ramos J\u00fanior, negou\u2026<\/p>\n","protected":false},"author":123457,"featured_media":0,"comment_status":"closed","ping_status":"closed","sticky":false,"template":"","format":"standard","meta":{"advgb_blocks_editor_width":"","advgb_blocks_columns_visual_guide":"","footnotes":""},"categories":[34],"tags":[10845,35,10839],"class_list":["post-49101","post","type-post","status-publish","format-standard","hentry","category-g1","tag-destaque-centro-01","tag-g1","tag-policial"],"author_meta":{"display_name":"Reda\u00e7\u00e3o","author_link":"https:\/\/sindaopcpb.org.br\/author\/redacao\/"},"featured_img":null,"coauthors":[],"tax_additional":{"categories":{"linked":["<a href=\"https:\/\/sindaopcpb.org.br\/g1\/\" class=\"advgb-post-tax-term\">G1<\/a>"],"unlinked":["<span class=\"advgb-post-tax-term\">G1<\/span>"]},"tags":{"linked":["<a href=\"https:\/\/sindaopcpb.org.br\/g1\/\" class=\"advgb-post-tax-term\">Destaque Centro 01<\/a>","<a href=\"https:\/\/sindaopcpb.org.br\/g1\/\" class=\"advgb-post-tax-term\">g1<\/a>","<a href=\"https:\/\/sindaopcpb.org.br\/g1\/\" class=\"advgb-post-tax-term\">Policial<\/a>"],"unlinked":["<span class=\"advgb-post-tax-term\">Destaque Centro 01<\/span>","<span class=\"advgb-post-tax-term\">g1<\/span>","<span class=\"advgb-post-tax-term\">Policial<\/span>"]}},"comment_count":"0","relative_dates":{"created":"Publicado 2 anos atr\u00e1s","modified":"Atualizado 2 anos atr\u00e1s"},"absolute_dates":{"created":"Publicado em 17 de julho de 2024","modified":"Atualizado em 17 de julho de 2024"},"absolute_dates_time":{"created":"Publicado em 17 de julho de 2024 06:21","modified":"Atualizado em 17 de julho de 2024 06:21"},"featured_img_caption":"","series_order":"","_links":{"self":[{"href":"https:\/\/sindaopcpb.org.br\/index.php\/wp-json\/wp\/v2\/posts\/49101","targetHints":{"allow":["GET"]}}],"collection":[{"href":"https:\/\/sindaopcpb.org.br\/index.php\/wp-json\/wp\/v2\/posts"}],"about":[{"href":"https:\/\/sindaopcpb.org.br\/index.php\/wp-json\/wp\/v2\/types\/post"}],"author":[{"embeddable":true,"href":"https:\/\/sindaopcpb.org.br\/index.php\/wp-json\/wp\/v2\/users\/123457"}],"replies":[{"embeddable":true,"href":"https:\/\/sindaopcpb.org.br\/index.php\/wp-json\/wp\/v2\/comments?post=49101"}],"version-history":[{"count":2,"href":"https:\/\/sindaopcpb.org.br\/index.php\/wp-json\/wp\/v2\/posts\/49101\/revisions"}],"predecessor-version":[{"id":49110,"href":"https:\/\/sindaopcpb.org.br\/index.php\/wp-json\/wp\/v2\/posts\/49101\/revisions\/49110"}],"wp:attachment":[{"href":"https:\/\/sindaopcpb.org.br\/index.php\/wp-json\/wp\/v2\/media?parent=49101"}],"wp:term":[{"taxonomy":"category","embeddable":true,"href":"https:\/\/sindaopcpb.org.br\/index.php\/wp-json\/wp\/v2\/categories?post=49101"},{"taxonomy":"post_tag","embeddable":true,"href":"https:\/\/sindaopcpb.org.br\/index.php\/wp-json\/wp\/v2\/tags?post=49101"}],"curies":[{"name":"wp","href":"https:\/\/api.w.org\/{rel}","templated":true}]}}