{"id":49099,"date":"2024-07-17T06:35:58","date_gmt":"2024-07-17T09:35:58","guid":{"rendered":"https:\/\/www.pbagora.com.br\/?p=844897"},"modified":"2024-07-17T06:35:58","modified_gmt":"2024-07-17T09:35:58","slug":"incendio-em-garagem-de-onibus-destroi-cinco-veiculos-no-bairro-portal-do-sol-em-jp","status":"publish","type":"post","link":"https:\/\/sindaopcpb.org.br\/index.php\/2024\/07\/17\/incendio-em-garagem-de-onibus-destroi-cinco-veiculos-no-bairro-portal-do-sol-em-jp\/","title":{"rendered":"Inc\u00eandio em garagem de \u00f4nibus destr\u00f3i cinco ve\u00edculos no bairro Portal do Sol, em JP"},"content":{"rendered":"<p><img width=\"928\" height=\"421\" src=\"https:\/\/pbagora.s3.amazonaws.com\/2024\/07\/17063331\/Sem-titulo-22.jpg\" class=\"attachment-large size-large wp-post-image\" alt=\"\" style=\"margin-bottom: 20px;\" decoding=\"async\" srcset=\"https:\/\/pbagora.s3.amazonaws.com\/2024\/07\/17063331\/Sem-titulo-22.jpg 928w, https:\/\/pbagora.s3.amazonaws.com\/2024\/07\/17063331\/Sem-titulo-22-300x136.jpg 300w, https:\/\/pbagora.s3.amazonaws.com\/2024\/07\/17063331\/Sem-titulo-22-150x68.jpg 150w, https:\/\/pbagora.s3.amazonaws.com\/2024\/07\/17063331\/Sem-titulo-22-768x348.jpg 768w, https:\/\/pbagora.s3.amazonaws.com\/2024\/07\/17063331\/Sem-titulo-22-380x172.jpg 380w, https:\/\/pbagora.s3.amazonaws.com\/2024\/07\/17063331\/Sem-titulo-22-800x363.jpg 800w, https:\/\/pbagora.s3.amazonaws.com\/2024\/07\/17063331\/Sem-titulo-22-80x36.jpg 80w, https:\/\/pbagora.s3.amazonaws.com\/2024\/07\/17063331\/Sem-titulo-22-760x345.jpg 760w, https:\/\/pbagora.s3.amazonaws.com\/2024\/07\/17063331\/Sem-titulo-22-600x272.jpg 600w\" sizes=\"(max-width: 928px) 100vw, 928px\" \/><\/p><p>A pol\u00edcia investiga as causas de um inc\u00eandio que destruiu cinco \u00f4nibus na garagem dos ve\u00edculos no bairro Portal do Sol, em Jo\u00e3o Pessoa, na madrugada de hoje (17). O caso foi registrado por volta das 3h. Ningu\u00e9m ficou ferido.<\/p>\n<p>Segundo testemunhas, um dos trabalhadores da empresa percebeu uma fuma\u00e7a e um cheiro forte vindo garagem onde os \u00f4nibus estavam estacionados. Ao identificar o in\u00edcio das chamas, o Corpo de Bombeiros foi acionado e conseguiu controlar o fogo.<\/p>\n<p>Em comunicado \u00e0 imprensa o Sindicato das Empresas de Transporte Coletivo Urbano de Passageiros (Sintur-JP) informou que o inc\u00eandio aconteceu na garagem da empresa Nossa Senhora Aparecida e que, at\u00e9 o momento, as circunst\u00e2ncias do incidente ainda n\u00e3o foram esclarecidas.<\/p>\n<p>Reda\u00e7\u00e3o<\/p>\n","protected":false},"excerpt":{"rendered":"<p><img loading=\"lazy\" decoding=\"async\" width=\"928\" height=\"421\" src=\"https:\/\/pbagora.s3.amazonaws.com\/2024\/07\/17063331\/Sem-titulo-22.jpg\" class=\"attachment-large size-large wp-post-image\" alt=\"\"><\/p>\n<p>A pol\u00edcia investiga as causas de um inc\u00eandio que destruiu cinco \u00f4nibus na garagem dos ve\u00edculos no bairro\u2026<\/p>\n","protected":false},"author":123457,"featured_media":0,"comment_status":"closed","ping_status":"closed","sticky":false,"template":"","format":"standard","meta":{"advgb_blocks_editor_width":"","advgb_blocks_columns_visual_guide":"","footnotes":""},"categories":[34],"tags":[35,10839,10842],"class_list":["post-49099","post","type-post","status-publish","format-standard","hentry","category-g1","tag-g1","tag-policial","tag-principal3"],"author_meta":{"display_name":"Reda\u00e7\u00e3o","author_link":"https:\/\/sindaopcpb.org.br\/author\/redacao\/"},"featured_img":null,"coauthors":[],"tax_additional":{"categories":{"linked":["<a href=\"https:\/\/sindaopcpb.org.br\/g1\/\" class=\"advgb-post-tax-term\">G1<\/a>"],"unlinked":["<span class=\"advgb-post-tax-term\">G1<\/span>"]},"tags":{"linked":["<a href=\"https:\/\/sindaopcpb.org.br\/g1\/\" class=\"advgb-post-tax-term\">g1<\/a>","<a href=\"https:\/\/sindaopcpb.org.br\/g1\/\" class=\"advgb-post-tax-term\">Policial<\/a>","<a href=\"https:\/\/sindaopcpb.org.br\/g1\/\" class=\"advgb-post-tax-term\">Principal3<\/a>"],"unlinked":["<span class=\"advgb-post-tax-term\">g1<\/span>","<span class=\"advgb-post-tax-term\">Policial<\/span>","<span class=\"advgb-post-tax-term\">Principal3<\/span>"]}},"comment_count":"0","relative_dates":{"created":"Publicado 2 anos atr\u00e1s","modified":"Atualizado 2 anos atr\u00e1s"},"absolute_dates":{"created":"Publicado em 17 de julho de 2024","modified":"Atualizado em 17 de julho de 2024"},"absolute_dates_time":{"created":"Publicado em 17 de julho de 2024 06:35","modified":"Atualizado em 17 de julho de 2024 06:35"},"featured_img_caption":"","series_order":"","_links":{"self":[{"href":"https:\/\/sindaopcpb.org.br\/index.php\/wp-json\/wp\/v2\/posts\/49099","targetHints":{"allow":["GET"]}}],"collection":[{"href":"https:\/\/sindaopcpb.org.br\/index.php\/wp-json\/wp\/v2\/posts"}],"about":[{"href":"https:\/\/sindaopcpb.org.br\/index.php\/wp-json\/wp\/v2\/types\/post"}],"author":[{"embeddable":true,"href":"https:\/\/sindaopcpb.org.br\/index.php\/wp-json\/wp\/v2\/users\/123457"}],"replies":[{"embeddable":true,"href":"https:\/\/sindaopcpb.org.br\/index.php\/wp-json\/wp\/v2\/comments?post=49099"}],"version-history":[{"count":3,"href":"https:\/\/sindaopcpb.org.br\/index.php\/wp-json\/wp\/v2\/posts\/49099\/revisions"}],"predecessor-version":[{"id":49114,"href":"https:\/\/sindaopcpb.org.br\/index.php\/wp-json\/wp\/v2\/posts\/49099\/revisions\/49114"}],"wp:attachment":[{"href":"https:\/\/sindaopcpb.org.br\/index.php\/wp-json\/wp\/v2\/media?parent=49099"}],"wp:term":[{"taxonomy":"category","embeddable":true,"href":"https:\/\/sindaopcpb.org.br\/index.php\/wp-json\/wp\/v2\/categories?post=49099"},{"taxonomy":"post_tag","embeddable":true,"href":"https:\/\/sindaopcpb.org.br\/index.php\/wp-json\/wp\/v2\/tags?post=49099"}],"curies":[{"name":"wp","href":"https:\/\/api.w.org\/{rel}","templated":true}]}}