{"id":49086,"date":"2024-07-16T11:55:50","date_gmt":"2024-07-16T14:55:50","guid":{"rendered":"https:\/\/www.pbagora.com.br\/?p=844755"},"modified":"2024-07-16T14:12:50","modified_gmt":"2024-07-16T17:12:50","slug":"gangue-da-marcha-a-re-acao-conjunta-da-pmpb-e-pmpe-captura-acusado-que-agia-na-paraiba","status":"publish","type":"post","link":"https:\/\/sindaopcpb.org.br\/index.php\/2024\/07\/16\/gangue-da-marcha-a-re-acao-conjunta-da-pmpb-e-pmpe-captura-acusado-que-agia-na-paraiba\/","title":{"rendered":"\u201cGangue da marcha \u00e0 r\u00e9\u201d: A\u00e7\u00e3o conjunta da PMPB e PMPE captura acusado que agia na Para\u00edba"},"content":{"rendered":"<p><img width=\"1024\" height=\"768\" src=\"https:\/\/pbagora.s3.amazonaws.com\/2024\/07\/16115542\/forca_regional-1-1024x768.jpeg\" class=\"attachment-large size-large wp-post-image\" alt=\"\" style=\"margin-bottom: 20px;\" decoding=\"async\" srcset=\"https:\/\/pbagora.s3.amazonaws.com\/2024\/07\/16115542\/forca_regional-1-1024x768.jpeg 1024w, https:\/\/pbagora.s3.amazonaws.com\/2024\/07\/16115542\/forca_regional-1-300x225.jpeg 300w, https:\/\/pbagora.s3.amazonaws.com\/2024\/07\/16115542\/forca_regional-1-150x113.jpeg 150w, https:\/\/pbagora.s3.amazonaws.com\/2024\/07\/16115542\/forca_regional-1-768x576.jpeg 768w, https:\/\/pbagora.s3.amazonaws.com\/2024\/07\/16115542\/forca_regional-1-200x150.jpeg 200w, https:\/\/pbagora.s3.amazonaws.com\/2024\/07\/16115542\/forca_regional-1-260x195.jpeg 260w, https:\/\/pbagora.s3.amazonaws.com\/2024\/07\/16115542\/forca_regional-1-380x285.jpeg 380w, https:\/\/pbagora.s3.amazonaws.com\/2024\/07\/16115542\/forca_regional-1-800x600.jpeg 800w, https:\/\/pbagora.s3.amazonaws.com\/2024\/07\/16115542\/forca_regional-1-1160x870.jpeg 1160w, https:\/\/pbagora.s3.amazonaws.com\/2024\/07\/16115542\/forca_regional-1-80x60.jpeg 80w, https:\/\/pbagora.s3.amazonaws.com\/2024\/07\/16115542\/forca_regional-1-600x450.jpeg 600w, https:\/\/pbagora.s3.amazonaws.com\/2024\/07\/16115542\/forca_regional-1-520x390.jpeg 520w, https:\/\/pbagora.s3.amazonaws.com\/2024\/07\/16115542\/forca_regional-1-760x570.jpeg 760w, https:\/\/pbagora.s3.amazonaws.com\/2024\/07\/16115542\/forca_regional-1.jpeg 1280w\" sizes=\"(max-width: 1024px) 100vw, 1024px\" \/><\/p><p>A atua\u00e7\u00e3o da Pol\u00edcia Militar da Para\u00edba em parceria com a Pol\u00edcia Militar de Pernambuco localizou e prendeu um integrante da chamada &#8220;gangue da marcha \u00e0 r\u00e9&#8221;, respons\u00e1vel por diversos crimes patrimoniais na Para\u00edba. A captura do acusado aconteceu na cidade de Itapissuma-PE, na \u00faltima segunda-feira (15).<\/p>\n<p>De acordo com a For\u00e7a Regional, o acusado foi preso atrav\u00e9s de um mandado de pris\u00e3o expedido pela Vara de Execu\u00e7\u00e3o Penal. Na Para\u00edba, os policiais receberam informa\u00e7\u00f5es sobre o paradeiro do foragido, que estava em uma cl\u00ednica de reabilita\u00e7\u00e3o no estado vizinho e, a partir da atua\u00e7\u00e3o conjunta com a PMPE, conseguiram localizar e prender o acusado. Ele segue \u00e0 disposi\u00e7\u00e3o da Justi\u00e7a.<\/p>\n<p><strong>PB Agora<\/strong><\/p>\n","protected":false},"excerpt":{"rendered":"<p><img loading=\"lazy\" decoding=\"async\" width=\"1024\" height=\"768\" src=\"https:\/\/pbagora.s3.amazonaws.com\/2024\/07\/16115542\/forca_regional-1-1024x768.jpeg\" class=\"attachment-large size-large wp-post-image\" alt=\"\"><\/p>\n<p>A atua\u00e7\u00e3o da Pol\u00edcia Militar da Para\u00edba em parceria com a Pol\u00edcia Militar de Pernambuco localizou e prendeu\u2026<\/p>\n","protected":false},"author":123457,"featured_media":0,"comment_status":"closed","ping_status":"closed","sticky":false,"template":"","format":"standard","meta":{"advgb_blocks_editor_width":"","advgb_blocks_columns_visual_guide":"","footnotes":""},"categories":[34],"tags":[10841,35,10839],"class_list":["post-49086","post","type-post","status-publish","format-standard","hentry","category-g1","tag-destaque-centro-02","tag-g1","tag-policial"],"author_meta":{"display_name":"Reda\u00e7\u00e3o","author_link":"https:\/\/sindaopcpb.org.br\/author\/redacao\/"},"featured_img":null,"coauthors":[],"tax_additional":{"categories":{"linked":["<a href=\"https:\/\/sindaopcpb.org.br\/g1\/\" class=\"advgb-post-tax-term\">G1<\/a>"],"unlinked":["<span class=\"advgb-post-tax-term\">G1<\/span>"]},"tags":{"linked":["<a href=\"https:\/\/sindaopcpb.org.br\/g1\/\" class=\"advgb-post-tax-term\">Destaque Centro 02<\/a>","<a href=\"https:\/\/sindaopcpb.org.br\/g1\/\" class=\"advgb-post-tax-term\">g1<\/a>","<a href=\"https:\/\/sindaopcpb.org.br\/g1\/\" class=\"advgb-post-tax-term\">Policial<\/a>"],"unlinked":["<span class=\"advgb-post-tax-term\">Destaque Centro 02<\/span>","<span class=\"advgb-post-tax-term\">g1<\/span>","<span class=\"advgb-post-tax-term\">Policial<\/span>"]}},"comment_count":"0","relative_dates":{"created":"Publicado 2 anos atr\u00e1s","modified":"Atualizado 2 anos atr\u00e1s"},"absolute_dates":{"created":"Publicado em 16 de julho de 2024","modified":"Atualizado em 16 de julho de 2024"},"absolute_dates_time":{"created":"Publicado em 16 de julho de 2024 11:55","modified":"Atualizado em 16 de julho de 2024 14:12"},"featured_img_caption":"","series_order":"","_links":{"self":[{"href":"https:\/\/sindaopcpb.org.br\/index.php\/wp-json\/wp\/v2\/posts\/49086","targetHints":{"allow":["GET"]}}],"collection":[{"href":"https:\/\/sindaopcpb.org.br\/index.php\/wp-json\/wp\/v2\/posts"}],"about":[{"href":"https:\/\/sindaopcpb.org.br\/index.php\/wp-json\/wp\/v2\/types\/post"}],"author":[{"embeddable":true,"href":"https:\/\/sindaopcpb.org.br\/index.php\/wp-json\/wp\/v2\/users\/123457"}],"replies":[{"embeddable":true,"href":"https:\/\/sindaopcpb.org.br\/index.php\/wp-json\/wp\/v2\/comments?post=49086"}],"version-history":[{"count":3,"href":"https:\/\/sindaopcpb.org.br\/index.php\/wp-json\/wp\/v2\/posts\/49086\/revisions"}],"predecessor-version":[{"id":49106,"href":"https:\/\/sindaopcpb.org.br\/index.php\/wp-json\/wp\/v2\/posts\/49086\/revisions\/49106"}],"wp:attachment":[{"href":"https:\/\/sindaopcpb.org.br\/index.php\/wp-json\/wp\/v2\/media?parent=49086"}],"wp:term":[{"taxonomy":"category","embeddable":true,"href":"https:\/\/sindaopcpb.org.br\/index.php\/wp-json\/wp\/v2\/categories?post=49086"},{"taxonomy":"post_tag","embeddable":true,"href":"https:\/\/sindaopcpb.org.br\/index.php\/wp-json\/wp\/v2\/tags?post=49086"}],"curies":[{"name":"wp","href":"https:\/\/api.w.org\/{rel}","templated":true}]}}