{"id":49066,"date":"2024-07-15T11:59:28","date_gmt":"2024-07-15T14:59:28","guid":{"rendered":"https:\/\/www.pbagora.com.br\/?p=844524"},"modified":"2024-07-15T11:59:28","modified_gmt":"2024-07-15T14:59:28","slug":"colisao-frontal-deixa-um-morto-e-um-gravemente-ferido-na-br-104-em-queimadas","status":"publish","type":"post","link":"https:\/\/sindaopcpb.org.br\/index.php\/2024\/07\/15\/colisao-frontal-deixa-um-morto-e-um-gravemente-ferido-na-br-104-em-queimadas\/","title":{"rendered":"Colis\u00e3o frontal deixa um morto e um gravemente ferido na BR-104, em Queimadas"},"content":{"rendered":"<p><img width=\"687\" height=\"463\" src=\"https:\/\/pbagora.s3.amazonaws.com\/2023\/11\/28070910\/PRF.webp\" class=\"attachment-large size-large wp-post-image\" alt=\"\" style=\"margin-bottom: 20px;\" decoding=\"async\" loading=\"lazy\" srcset=\"https:\/\/pbagora.s3.amazonaws.com\/2023\/11\/28070910\/PRF.webp 687w, https:\/\/pbagora.s3.amazonaws.com\/2023\/11\/28070910\/PRF-300x202.webp 300w, https:\/\/pbagora.s3.amazonaws.com\/2023\/11\/28070910\/PRF-150x101.webp 150w, https:\/\/pbagora.s3.amazonaws.com\/2023\/11\/28070910\/PRF-380x256.webp 380w, https:\/\/pbagora.s3.amazonaws.com\/2023\/11\/28070910\/PRF-80x54.webp 80w, https:\/\/pbagora.s3.amazonaws.com\/2023\/11\/28070910\/PRF-600x404.webp 600w\" sizes=\"(max-width: 687px) 100vw, 687px\" \/><\/p><p>Um grave acidente na BR-104, em Queimadas, deixou uma pessoa morta e outra gravemente ferida na madrugada desta segunda-feira (15). A colis\u00e3o frontal, que envolveu um carro modelo Celta 1.0L LS e uma motocicleta CBX 250 Twister, ocorreu por volta das 5h12 no quil\u00f4metro 135 da rodovia.<\/p>\n<p>De acordo com informa\u00e7\u00f5es da Pol\u00edcia Rodovi\u00e1ria Federal (PRF), o condutor da motocicleta morreu no local devido ao impacto da colis\u00e3o. O motorista do Celta sofreu les\u00f5es graves e foi socorrido por equipes de emerg\u00eancia, sendo levado para o hospital mais pr\u00f3ximo.<\/p>\n<p>Ainda n\u00e3o h\u00e1 informa\u00e7\u00f5es sobre as causas do acidente. A PRF est\u00e1 conduzindo uma investiga\u00e7\u00e3o para determinar as circunst\u00e2ncias que levaram \u00e0 colis\u00e3o. O tr\u00e2nsito na regi\u00e3o ficou parcialmente interrompido para a realiza\u00e7\u00e3o dos procedimentos de per\u00edcia e remo\u00e7\u00e3o dos ve\u00edculos envolvidos.<\/p>\n<p><strong>PB Agora<\/strong><\/p>\n","protected":false},"excerpt":{"rendered":"<p><img decoding=\"async\" width=\"687\" height=\"463\" src=\"https:\/\/pbagora.s3.amazonaws.com\/2023\/11\/28070910\/PRF.webp\" class=\"attachment-large size-large wp-post-image\" alt=\"\" loading=\"lazy\"><\/p>\n<p>Um grave acidente na BR-104, em Queimadas, deixou uma pessoa morta e outra gravemente ferida na madrugada desta\u2026<\/p>\n","protected":false},"author":123457,"featured_media":0,"comment_status":"closed","ping_status":"closed","sticky":false,"template":"","format":"standard","meta":{"advgb_blocks_editor_width":"","advgb_blocks_columns_visual_guide":"","footnotes":""},"categories":[34],"tags":[35,10839,10850],"class_list":["post-49066","post","type-post","status-publish","format-standard","hentry","category-g1","tag-g1","tag-policial","tag-voceviu"],"author_meta":{"display_name":"Reda\u00e7\u00e3o","author_link":"https:\/\/sindaopcpb.org.br\/author\/redacao\/"},"featured_img":null,"coauthors":[],"tax_additional":{"categories":{"linked":["<a href=\"https:\/\/sindaopcpb.org.br\/g1\/\" class=\"advgb-post-tax-term\">G1<\/a>"],"unlinked":["<span class=\"advgb-post-tax-term\">G1<\/span>"]},"tags":{"linked":["<a href=\"https:\/\/sindaopcpb.org.br\/g1\/\" class=\"advgb-post-tax-term\">g1<\/a>","<a href=\"https:\/\/sindaopcpb.org.br\/g1\/\" class=\"advgb-post-tax-term\">Policial<\/a>","<a href=\"https:\/\/sindaopcpb.org.br\/g1\/\" class=\"advgb-post-tax-term\">Voceviu?<\/a>"],"unlinked":["<span class=\"advgb-post-tax-term\">g1<\/span>","<span class=\"advgb-post-tax-term\">Policial<\/span>","<span class=\"advgb-post-tax-term\">Voceviu?<\/span>"]}},"comment_count":"0","relative_dates":{"created":"Publicado 2 anos atr\u00e1s","modified":"Atualizado 2 anos atr\u00e1s"},"absolute_dates":{"created":"Publicado em 15 de julho de 2024","modified":"Atualizado em 15 de julho de 2024"},"absolute_dates_time":{"created":"Publicado em 15 de julho de 2024 11:59","modified":"Atualizado em 15 de julho de 2024 11:59"},"featured_img_caption":"","series_order":"","_links":{"self":[{"href":"https:\/\/sindaopcpb.org.br\/index.php\/wp-json\/wp\/v2\/posts\/49066","targetHints":{"allow":["GET"]}}],"collection":[{"href":"https:\/\/sindaopcpb.org.br\/index.php\/wp-json\/wp\/v2\/posts"}],"about":[{"href":"https:\/\/sindaopcpb.org.br\/index.php\/wp-json\/wp\/v2\/types\/post"}],"author":[{"embeddable":true,"href":"https:\/\/sindaopcpb.org.br\/index.php\/wp-json\/wp\/v2\/users\/123457"}],"replies":[{"embeddable":true,"href":"https:\/\/sindaopcpb.org.br\/index.php\/wp-json\/wp\/v2\/comments?post=49066"}],"version-history":[{"count":1,"href":"https:\/\/sindaopcpb.org.br\/index.php\/wp-json\/wp\/v2\/posts\/49066\/revisions"}],"predecessor-version":[{"id":49067,"href":"https:\/\/sindaopcpb.org.br\/index.php\/wp-json\/wp\/v2\/posts\/49066\/revisions\/49067"}],"wp:attachment":[{"href":"https:\/\/sindaopcpb.org.br\/index.php\/wp-json\/wp\/v2\/media?parent=49066"}],"wp:term":[{"taxonomy":"category","embeddable":true,"href":"https:\/\/sindaopcpb.org.br\/index.php\/wp-json\/wp\/v2\/categories?post=49066"},{"taxonomy":"post_tag","embeddable":true,"href":"https:\/\/sindaopcpb.org.br\/index.php\/wp-json\/wp\/v2\/tags?post=49066"}],"curies":[{"name":"wp","href":"https:\/\/api.w.org\/{rel}","templated":true}]}}