{"id":49059,"date":"2024-07-15T11:39:23","date_gmt":"2024-07-15T14:39:23","guid":{"rendered":"https:\/\/www.pbagora.com.br\/?p=844544"},"modified":"2024-07-15T13:56:23","modified_gmt":"2024-07-15T16:56:23","slug":"paraibano-e-morto-a-facadas-em-sao-paulo-apos-discussao-durante-churrasco","status":"publish","type":"post","link":"https:\/\/sindaopcpb.org.br\/index.php\/2024\/07\/15\/paraibano-e-morto-a-facadas-em-sao-paulo-apos-discussao-durante-churrasco\/","title":{"rendered":"Paraibano \u00e9 morto a facadas em S\u00e3o Paulo ap\u00f3s discuss\u00e3o durante churrasco"},"content":{"rendered":"<p><img width=\"750\" height=\"414\" src=\"https:\/\/pbagora.s3.amazonaws.com\/2024\/07\/15112853\/flavio-jose-conceicao-2024.jpg\" class=\"attachment-large size-large wp-post-image\" alt=\"\" style=\"margin-bottom: 20px;\" decoding=\"async\" srcset=\"https:\/\/pbagora.s3.amazonaws.com\/2024\/07\/15112853\/flavio-jose-conceicao-2024.jpg 750w, https:\/\/pbagora.s3.amazonaws.com\/2024\/07\/15112853\/flavio-jose-conceicao-2024-300x166.jpg 300w, https:\/\/pbagora.s3.amazonaws.com\/2024\/07\/15112853\/flavio-jose-conceicao-2024-150x83.jpg 150w, https:\/\/pbagora.s3.amazonaws.com\/2024\/07\/15112853\/flavio-jose-conceicao-2024-380x210.jpg 380w, https:\/\/pbagora.s3.amazonaws.com\/2024\/07\/15112853\/flavio-jose-conceicao-2024-80x44.jpg 80w, https:\/\/pbagora.s3.amazonaws.com\/2024\/07\/15112853\/flavio-jose-conceicao-2024-600x331.jpg 600w\" sizes=\"(max-width: 750px) 100vw, 750px\" \/><\/p><p>Fl\u00e1vio Jos\u00e9 Moreira dos Santos, natural de Concei\u00e7\u00e3o, no sert\u00e3o paraibano, foi assassinado na \u00faltima sexta-feira (12) em Riol\u00e2ndia, S\u00e3o Paulo.<\/p>\n<p>De acordo com as ifnroma\u00e7\u00f5es o crime ocorreu ap\u00f3s uma briga durante um churrasco, onde Fl\u00e1vio e o autor do crime, colegas de trabalho em um plantio de seringueira, se envolveram em uma discuss\u00e3o. A disputa resultou em Fl\u00e1vio sendo esfaqueado mortalmente.<\/p>\n<p>A Pol\u00edcia Militar informaou que ao chegarem \u00e0 resid\u00eancia de Fl\u00e1vio encontraram o paraibano dentro de seu ve\u00edculo, apresentando ferimentos de faca no abd\u00f4men e no bra\u00e7o direito. O autor do crime estava no local, tentando ajudar a v\u00edtima a estancar o sangramento. Questionado pela pol\u00edcia sobre o motivo da briga, inicialmente negou envolvimento, mas acabou acompanhando Fl\u00e1vio at\u00e9 a Santa Casa de Riol\u00e2ndia.<\/p>\n<p>Os pais do agressor informaram \u00e0 pol\u00edcia que a discuss\u00e3o come\u00e7ou dentro da resid\u00eancia e continuou na cal\u00e7ada, culminando nos golpes de faca desferidos pelo filho deles. O agressor foi preso em flagrante pela pol\u00edcia.<\/p>\n<p><strong>PB Agora<\/strong><\/p>\n","protected":false},"excerpt":{"rendered":"<p><img loading=\"lazy\" decoding=\"async\" width=\"750\" height=\"414\" src=\"https:\/\/pbagora.s3.amazonaws.com\/2024\/07\/15112853\/flavio-jose-conceicao-2024.jpg\" class=\"attachment-large size-large wp-post-image\" alt=\"\"><\/p>\n<p>Fl\u00e1vio Jos\u00e9 Moreira dos Santos, natural de Concei\u00e7\u00e3o, no sert\u00e3o paraibano, foi assassinado na \u00faltima sexta-feira (12) em\u2026<\/p>\n","protected":false},"author":123457,"featured_media":0,"comment_status":"closed","ping_status":"closed","sticky":false,"template":"","format":"standard","meta":{"advgb_blocks_editor_width":"","advgb_blocks_columns_visual_guide":"","footnotes":""},"categories":[34],"tags":[10840,35,10839],"class_list":["post-49059","post","type-post","status-publish","format-standard","hentry","category-g1","tag-destaque-centro-03","tag-g1","tag-policial"],"author_meta":{"display_name":"Reda\u00e7\u00e3o","author_link":"https:\/\/sindaopcpb.org.br\/author\/redacao\/"},"featured_img":null,"coauthors":[],"tax_additional":{"categories":{"linked":["<a href=\"https:\/\/sindaopcpb.org.br\/g1\/\" class=\"advgb-post-tax-term\">G1<\/a>"],"unlinked":["<span class=\"advgb-post-tax-term\">G1<\/span>"]},"tags":{"linked":["<a href=\"https:\/\/sindaopcpb.org.br\/g1\/\" class=\"advgb-post-tax-term\">Destaque Centro 03<\/a>","<a href=\"https:\/\/sindaopcpb.org.br\/g1\/\" class=\"advgb-post-tax-term\">g1<\/a>","<a href=\"https:\/\/sindaopcpb.org.br\/g1\/\" class=\"advgb-post-tax-term\">Policial<\/a>"],"unlinked":["<span class=\"advgb-post-tax-term\">Destaque Centro 03<\/span>","<span class=\"advgb-post-tax-term\">g1<\/span>","<span class=\"advgb-post-tax-term\">Policial<\/span>"]}},"comment_count":"0","relative_dates":{"created":"Publicado 2 anos atr\u00e1s","modified":"Atualizado 2 anos atr\u00e1s"},"absolute_dates":{"created":"Publicado em 15 de julho de 2024","modified":"Atualizado em 15 de julho de 2024"},"absolute_dates_time":{"created":"Publicado em 15 de julho de 2024 11:39","modified":"Atualizado em 15 de julho de 2024 13:56"},"featured_img_caption":"","series_order":"","_links":{"self":[{"href":"https:\/\/sindaopcpb.org.br\/index.php\/wp-json\/wp\/v2\/posts\/49059","targetHints":{"allow":["GET"]}}],"collection":[{"href":"https:\/\/sindaopcpb.org.br\/index.php\/wp-json\/wp\/v2\/posts"}],"about":[{"href":"https:\/\/sindaopcpb.org.br\/index.php\/wp-json\/wp\/v2\/types\/post"}],"author":[{"embeddable":true,"href":"https:\/\/sindaopcpb.org.br\/index.php\/wp-json\/wp\/v2\/users\/123457"}],"replies":[{"embeddable":true,"href":"https:\/\/sindaopcpb.org.br\/index.php\/wp-json\/wp\/v2\/comments?post=49059"}],"version-history":[{"count":2,"href":"https:\/\/sindaopcpb.org.br\/index.php\/wp-json\/wp\/v2\/posts\/49059\/revisions"}],"predecessor-version":[{"id":49063,"href":"https:\/\/sindaopcpb.org.br\/index.php\/wp-json\/wp\/v2\/posts\/49059\/revisions\/49063"}],"wp:attachment":[{"href":"https:\/\/sindaopcpb.org.br\/index.php\/wp-json\/wp\/v2\/media?parent=49059"}],"wp:term":[{"taxonomy":"category","embeddable":true,"href":"https:\/\/sindaopcpb.org.br\/index.php\/wp-json\/wp\/v2\/categories?post=49059"},{"taxonomy":"post_tag","embeddable":true,"href":"https:\/\/sindaopcpb.org.br\/index.php\/wp-json\/wp\/v2\/tags?post=49059"}],"curies":[{"name":"wp","href":"https:\/\/api.w.org\/{rel}","templated":true}]}}