{"id":49056,"date":"2024-07-15T11:45:53","date_gmt":"2024-07-15T14:45:53","guid":{"rendered":"https:\/\/www.pbagora.com.br\/?p=844559"},"modified":"2024-07-15T19:17:53","modified_gmt":"2024-07-15T22:17:53","slug":"suspeito-de-matar-companheira-de-15-anos-em-monteiro-tem-historico-de-violencia-contra-a-mulher","status":"publish","type":"post","link":"https:\/\/sindaopcpb.org.br\/index.php\/2024\/07\/15\/suspeito-de-matar-companheira-de-15-anos-em-monteiro-tem-historico-de-violencia-contra-a-mulher\/","title":{"rendered":"Suspeito de matar companheira de 15 anos em Monteiro tem hist\u00f3rico de viol\u00eancia contra a mulher"},"content":{"rendered":"<p><img width=\"1000\" height=\"677\" src=\"https:\/\/pbagora.s3.amazonaws.com\/2024\/07\/15114535\/casa-monteiro.jpg\" class=\"attachment-large size-large wp-post-image\" alt=\"\" style=\"margin-bottom: 20px;\" decoding=\"async\" srcset=\"https:\/\/pbagora.s3.amazonaws.com\/2024\/07\/15114535\/casa-monteiro.jpg 1000w, https:\/\/pbagora.s3.amazonaws.com\/2024\/07\/15114535\/casa-monteiro-300x203.jpg 300w, https:\/\/pbagora.s3.amazonaws.com\/2024\/07\/15114535\/casa-monteiro-150x102.jpg 150w, https:\/\/pbagora.s3.amazonaws.com\/2024\/07\/15114535\/casa-monteiro-768x520.jpg 768w, https:\/\/pbagora.s3.amazonaws.com\/2024\/07\/15114535\/casa-monteiro-380x257.jpg 380w, https:\/\/pbagora.s3.amazonaws.com\/2024\/07\/15114535\/casa-monteiro-800x542.jpg 800w, https:\/\/pbagora.s3.amazonaws.com\/2024\/07\/15114535\/casa-monteiro-80x54.jpg 80w, https:\/\/pbagora.s3.amazonaws.com\/2024\/07\/15114535\/casa-monteiro-760x515.jpg 760w, https:\/\/pbagora.s3.amazonaws.com\/2024\/07\/15114535\/casa-monteiro-600x406.jpg 600w\" sizes=\"(max-width: 1000px) 100vw, 1000px\" \/><\/p><p>O delegado S\u00e1vio Siqueira, respons\u00e1vel pela investiga\u00e7\u00e3o, da morte de uma jovem de 15 anos em Monteiro revelou que o homem de 56 anos suspeito do assassinato possui registros pr\u00e9vios de viol\u00eancia contra mulheres.<\/p>\n<p>Desde o registro do crime, equipes policiais t\u00eam estado em campo na tentativa de localizar Gilson da Cruz, por\u00e9m ele ainda n\u00e3o foi encontrado.<\/p>\n<p>O crime ocorreu nesse domingo (14) quando a v\u00edtima foi atingida por tiros durante uma discuss\u00e3o com Gilson da Cruz, seu namorado.<\/p>\n<p><strong>PB Agora<\/strong><\/p>\n","protected":false},"excerpt":{"rendered":"<p><img loading=\"lazy\" decoding=\"async\" width=\"1000\" height=\"677\" src=\"https:\/\/pbagora.s3.amazonaws.com\/2024\/07\/15114535\/casa-monteiro.jpg\" class=\"attachment-large size-large wp-post-image\" alt=\"\"><\/p>\n<p>O delegado S\u00e1vio Siqueira, respons\u00e1vel pela investiga\u00e7\u00e3o, da morte de uma jovem de 15 anos em Monteiro revelou\u2026<\/p>\n","protected":false},"author":123457,"featured_media":0,"comment_status":"closed","ping_status":"closed","sticky":false,"template":"","format":"standard","meta":{"advgb_blocks_editor_width":"","advgb_blocks_columns_visual_guide":"","footnotes":""},"categories":[34],"tags":[35,10839],"class_list":["post-49056","post","type-post","status-publish","format-standard","hentry","category-g1","tag-g1","tag-policial"],"author_meta":{"display_name":"Reda\u00e7\u00e3o","author_link":"https:\/\/sindaopcpb.org.br\/author\/redacao\/"},"featured_img":null,"coauthors":[],"tax_additional":{"categories":{"linked":["<a href=\"https:\/\/sindaopcpb.org.br\/g1\/\" class=\"advgb-post-tax-term\">G1<\/a>"],"unlinked":["<span class=\"advgb-post-tax-term\">G1<\/span>"]},"tags":{"linked":["<a href=\"https:\/\/sindaopcpb.org.br\/g1\/\" class=\"advgb-post-tax-term\">g1<\/a>","<a href=\"https:\/\/sindaopcpb.org.br\/g1\/\" class=\"advgb-post-tax-term\">Policial<\/a>"],"unlinked":["<span class=\"advgb-post-tax-term\">g1<\/span>","<span class=\"advgb-post-tax-term\">Policial<\/span>"]}},"comment_count":"0","relative_dates":{"created":"Publicado 2 anos atr\u00e1s","modified":"Atualizado 2 anos atr\u00e1s"},"absolute_dates":{"created":"Publicado em 15 de julho de 2024","modified":"Atualizado em 15 de julho de 2024"},"absolute_dates_time":{"created":"Publicado em 15 de julho de 2024 11:45","modified":"Atualizado em 15 de julho de 2024 19:17"},"featured_img_caption":"","series_order":"","_links":{"self":[{"href":"https:\/\/sindaopcpb.org.br\/index.php\/wp-json\/wp\/v2\/posts\/49056","targetHints":{"allow":["GET"]}}],"collection":[{"href":"https:\/\/sindaopcpb.org.br\/index.php\/wp-json\/wp\/v2\/posts"}],"about":[{"href":"https:\/\/sindaopcpb.org.br\/index.php\/wp-json\/wp\/v2\/types\/post"}],"author":[{"embeddable":true,"href":"https:\/\/sindaopcpb.org.br\/index.php\/wp-json\/wp\/v2\/users\/123457"}],"replies":[{"embeddable":true,"href":"https:\/\/sindaopcpb.org.br\/index.php\/wp-json\/wp\/v2\/comments?post=49056"}],"version-history":[{"count":4,"href":"https:\/\/sindaopcpb.org.br\/index.php\/wp-json\/wp\/v2\/posts\/49056\/revisions"}],"predecessor-version":[{"id":49074,"href":"https:\/\/sindaopcpb.org.br\/index.php\/wp-json\/wp\/v2\/posts\/49056\/revisions\/49074"}],"wp:attachment":[{"href":"https:\/\/sindaopcpb.org.br\/index.php\/wp-json\/wp\/v2\/media?parent=49056"}],"wp:term":[{"taxonomy":"category","embeddable":true,"href":"https:\/\/sindaopcpb.org.br\/index.php\/wp-json\/wp\/v2\/categories?post=49056"},{"taxonomy":"post_tag","embeddable":true,"href":"https:\/\/sindaopcpb.org.br\/index.php\/wp-json\/wp\/v2\/tags?post=49056"}],"curies":[{"name":"wp","href":"https:\/\/api.w.org\/{rel}","templated":true}]}}