{"id":49022,"date":"2024-07-12T15:59:46","date_gmt":"2024-07-12T18:59:46","guid":{"rendered":"https:\/\/www.pbagora.com.br\/?p=844232"},"modified":"2024-07-12T17:59:46","modified_gmt":"2024-07-12T20:59:46","slug":"tombamento-de-carreta-deixa-duas-pessoas-feridas-na-br-230-em-santa-rita","status":"publish","type":"post","link":"https:\/\/sindaopcpb.org.br\/index.php\/2024\/07\/12\/tombamento-de-carreta-deixa-duas-pessoas-feridas-na-br-230-em-santa-rita\/","title":{"rendered":"Tombamento de carreta deixa duas pessoas feridas na BR-230, em Santa Rita"},"content":{"rendered":"<p><img width=\"1024\" height=\"748\" src=\"https:\/\/pbagora.s3.amazonaws.com\/2024\/07\/12151640\/acidente-scaled-e1720808288907-1024x748.jpeg\" class=\"attachment-large size-large wp-post-image\" alt=\"\" style=\"margin-bottom: 20px;\" decoding=\"async\" srcset=\"https:\/\/pbagora.s3.amazonaws.com\/2024\/07\/12151640\/acidente-scaled-e1720808288907-1024x748.jpeg 1024w, https:\/\/pbagora.s3.amazonaws.com\/2024\/07\/12151640\/acidente-scaled-e1720808288907-300x219.jpeg 300w, https:\/\/pbagora.s3.amazonaws.com\/2024\/07\/12151640\/acidente-scaled-e1720808288907-150x110.jpeg 150w, https:\/\/pbagora.s3.amazonaws.com\/2024\/07\/12151640\/acidente-scaled-e1720808288907-768x561.jpeg 768w, https:\/\/pbagora.s3.amazonaws.com\/2024\/07\/12151640\/acidente-scaled-e1720808288907-1536x1123.jpeg 1536w, https:\/\/pbagora.s3.amazonaws.com\/2024\/07\/12151640\/acidente-scaled-e1720808288907-2048x1497.jpeg 2048w, https:\/\/pbagora.s3.amazonaws.com\/2024\/07\/12151640\/acidente-scaled-e1720808288907-380x278.jpeg 380w, https:\/\/pbagora.s3.amazonaws.com\/2024\/07\/12151640\/acidente-scaled-e1720808288907-800x585.jpeg 800w, https:\/\/pbagora.s3.amazonaws.com\/2024\/07\/12151640\/acidente-scaled-e1720808288907-1160x848.jpeg 1160w, https:\/\/pbagora.s3.amazonaws.com\/2024\/07\/12151640\/acidente-scaled-e1720808288907-80x58.jpeg 80w, https:\/\/pbagora.s3.amazonaws.com\/2024\/07\/12151640\/acidente-scaled-e1720808288907-760x555.jpeg 760w, https:\/\/pbagora.s3.amazonaws.com\/2024\/07\/12151640\/acidente-scaled-e1720808288907-600x439.jpeg 600w, https:\/\/pbagora.s3.amazonaws.com\/2024\/07\/12151640\/acidente-scaled-e1720808288907.jpeg 2107w\" sizes=\"(max-width: 1024px) 100vw, 1024px\" \/><\/p><p>No in\u00edcio da tarde desta sexta-feira (12), uma carreta tombou e deixou duas pessoas feridas. O acidente aconteceu na BR-230, no munic\u00edpio de Santa Rita, na Regi\u00e3o Metropolitana de Jo\u00e3o Pessoa.<\/p>\n<p>De acordo com a Pol\u00edcia Rodovi\u00e1ria Federal (PRF), a ocorr\u00eancia foi registrada na altura do km 36 da rodovia federal, no limite do munic\u00edpio de Santa Rita com Bayeux, pr\u00f3ximo ao Hospital Metropolitano, no sentido Campina Grande \/ Jo\u00e3o Pessoa.<\/p>\n<p>Duas pessoas tiveram ferimentos leves, entretanto, n\u00e3o h\u00e1 informa\u00e7\u00f5es de que ela deram entrada em unidades de sa\u00fade da regi\u00e3o.<\/p>\n<p>Houve um grande vazamento de \u00f3leo na via e os agentes da PRF precisaram ordenar o tr\u00e1fego no local, o que exigiu cuidado e paci\u00eancia dos condutores.<\/p>\n<p>Unidades do Corpo de Bombeiros foram acionadas para realizar a limpeza da pista.<\/p>\n<p>&nbsp;<\/p>\n<p><em><strong>PB Agora<\/strong><\/em><\/p>\n","protected":false},"excerpt":{"rendered":"<p><img loading=\"lazy\" decoding=\"async\" width=\"1024\" height=\"748\" src=\"https:\/\/pbagora.s3.amazonaws.com\/2024\/07\/12151640\/acidente-scaled-e1720808288907-1024x748.jpeg\" class=\"attachment-large size-large wp-post-image\" alt=\"\"><\/p>\n<p>No in\u00edcio da tarde desta sexta-feira (12), uma carreta tombou e deixou duas pessoas feridas. O acidente aconteceu\u2026<\/p>\n","protected":false},"author":123457,"featured_media":0,"comment_status":"closed","ping_status":"closed","sticky":false,"template":"","format":"standard","meta":{"advgb_blocks_editor_width":"","advgb_blocks_columns_visual_guide":"","footnotes":""},"categories":[34],"tags":[10840,35,10839],"class_list":["post-49022","post","type-post","status-publish","format-standard","hentry","category-g1","tag-destaque-centro-03","tag-g1","tag-policial"],"author_meta":{"display_name":"Reda\u00e7\u00e3o","author_link":"https:\/\/sindaopcpb.org.br\/author\/redacao\/"},"featured_img":null,"coauthors":[],"tax_additional":{"categories":{"linked":["<a href=\"https:\/\/sindaopcpb.org.br\/g1\/\" class=\"advgb-post-tax-term\">G1<\/a>"],"unlinked":["<span class=\"advgb-post-tax-term\">G1<\/span>"]},"tags":{"linked":["<a href=\"https:\/\/sindaopcpb.org.br\/g1\/\" class=\"advgb-post-tax-term\">Destaque Centro 03<\/a>","<a href=\"https:\/\/sindaopcpb.org.br\/g1\/\" class=\"advgb-post-tax-term\">g1<\/a>","<a href=\"https:\/\/sindaopcpb.org.br\/g1\/\" class=\"advgb-post-tax-term\">Policial<\/a>"],"unlinked":["<span class=\"advgb-post-tax-term\">Destaque Centro 03<\/span>","<span class=\"advgb-post-tax-term\">g1<\/span>","<span class=\"advgb-post-tax-term\">Policial<\/span>"]}},"comment_count":"0","relative_dates":{"created":"Publicado 2 anos atr\u00e1s","modified":"Atualizado 2 anos atr\u00e1s"},"absolute_dates":{"created":"Publicado em 12 de julho de 2024","modified":"Atualizado em 12 de julho de 2024"},"absolute_dates_time":{"created":"Publicado em 12 de julho de 2024 15:59","modified":"Atualizado em 12 de julho de 2024 17:59"},"featured_img_caption":"","series_order":"","_links":{"self":[{"href":"https:\/\/sindaopcpb.org.br\/index.php\/wp-json\/wp\/v2\/posts\/49022","targetHints":{"allow":["GET"]}}],"collection":[{"href":"https:\/\/sindaopcpb.org.br\/index.php\/wp-json\/wp\/v2\/posts"}],"about":[{"href":"https:\/\/sindaopcpb.org.br\/index.php\/wp-json\/wp\/v2\/types\/post"}],"author":[{"embeddable":true,"href":"https:\/\/sindaopcpb.org.br\/index.php\/wp-json\/wp\/v2\/users\/123457"}],"replies":[{"embeddable":true,"href":"https:\/\/sindaopcpb.org.br\/index.php\/wp-json\/wp\/v2\/comments?post=49022"}],"version-history":[{"count":3,"href":"https:\/\/sindaopcpb.org.br\/index.php\/wp-json\/wp\/v2\/posts\/49022\/revisions"}],"predecessor-version":[{"id":49030,"href":"https:\/\/sindaopcpb.org.br\/index.php\/wp-json\/wp\/v2\/posts\/49022\/revisions\/49030"}],"wp:attachment":[{"href":"https:\/\/sindaopcpb.org.br\/index.php\/wp-json\/wp\/v2\/media?parent=49022"}],"wp:term":[{"taxonomy":"category","embeddable":true,"href":"https:\/\/sindaopcpb.org.br\/index.php\/wp-json\/wp\/v2\/categories?post=49022"},{"taxonomy":"post_tag","embeddable":true,"href":"https:\/\/sindaopcpb.org.br\/index.php\/wp-json\/wp\/v2\/tags?post=49022"}],"curies":[{"name":"wp","href":"https:\/\/api.w.org\/{rel}","templated":true}]}}