{"id":49019,"date":"2024-07-12T14:43:30","date_gmt":"2024-07-12T17:43:30","guid":{"rendered":"https:\/\/www.pbagora.com.br\/?p=844217"},"modified":"2024-07-12T14:43:30","modified_gmt":"2024-07-12T17:43:30","slug":"apenado-que-quebrou-regime-e-acusado-de-trafico-que-ja-havia-sido-apreendido-sao-novamente-presos","status":"publish","type":"post","link":"https:\/\/sindaopcpb.org.br\/index.php\/2024\/07\/12\/apenado-que-quebrou-regime-e-acusado-de-trafico-que-ja-havia-sido-apreendido-sao-novamente-presos\/","title":{"rendered":"Apenado que quebrou regime e acusado de tr\u00e1fico que j\u00e1 havia sido apreendido s\u00e3o novamente presos"},"content":{"rendered":"<p><img width=\"1024\" height=\"768\" src=\"https:\/\/pbagora.s3.amazonaws.com\/2024\/07\/12144319\/reincidencia1-2-1024x768.jpeg\" class=\"attachment-large size-large wp-post-image\" alt=\"\" style=\"margin-bottom: 20px;\" decoding=\"async\" loading=\"lazy\" srcset=\"https:\/\/pbagora.s3.amazonaws.com\/2024\/07\/12144319\/reincidencia1-2-1024x768.jpeg 1024w, https:\/\/pbagora.s3.amazonaws.com\/2024\/07\/12144319\/reincidencia1-2-300x225.jpeg 300w, https:\/\/pbagora.s3.amazonaws.com\/2024\/07\/12144319\/reincidencia1-2-150x113.jpeg 150w, https:\/\/pbagora.s3.amazonaws.com\/2024\/07\/12144319\/reincidencia1-2-768x576.jpeg 768w, https:\/\/pbagora.s3.amazonaws.com\/2024\/07\/12144319\/reincidencia1-2-1536x1152.jpeg 1536w, https:\/\/pbagora.s3.amazonaws.com\/2024\/07\/12144319\/reincidencia1-2-200x150.jpeg 200w, https:\/\/pbagora.s3.amazonaws.com\/2024\/07\/12144319\/reincidencia1-2-260x195.jpeg 260w, https:\/\/pbagora.s3.amazonaws.com\/2024\/07\/12144319\/reincidencia1-2-380x285.jpeg 380w, https:\/\/pbagora.s3.amazonaws.com\/2024\/07\/12144319\/reincidencia1-2-800x600.jpeg 800w, https:\/\/pbagora.s3.amazonaws.com\/2024\/07\/12144319\/reincidencia1-2-1160x870.jpeg 1160w, https:\/\/pbagora.s3.amazonaws.com\/2024\/07\/12144319\/reincidencia1-2-80x60.jpeg 80w, https:\/\/pbagora.s3.amazonaws.com\/2024\/07\/12144319\/reincidencia1-2-600x450.jpeg 600w, https:\/\/pbagora.s3.amazonaws.com\/2024\/07\/12144319\/reincidencia1-2-520x390.jpeg 520w, https:\/\/pbagora.s3.amazonaws.com\/2024\/07\/12144319\/reincidencia1-2-760x570.jpeg 760w, https:\/\/pbagora.s3.amazonaws.com\/2024\/07\/12144319\/reincidencia1-2.jpeg 1600w\" sizes=\"(max-width: 1024px) 100vw, 1024px\" \/><\/p><p>Um apenado que estava em semiliberdade e outro homem que j\u00e1 havia sido apreendido quando era menor com arma de fogo h\u00e1 cerca de um m\u00eas, foram novamente presos pela Pol\u00edcia Militar na madrugada desta sexta-feira (12). A a\u00e7\u00e3o aconteceu em Cabedelo quando os acusados foram flagrados com drogas e tentaram fugir da PM.<\/p>\n<p>Com a dupla, os policiais da 6\u00aa Companhia Independente apreenderam 50 por\u00e7\u00f5es de subst\u00e2ncia an\u00e1loga \u00e0 coca\u00edna, muni\u00e7\u00f5es e dinheiro. De acordo com a unidade, um dos acusados estava em semiliberdade, deveria estar recolhido em casa, mas quebrou o regime. J\u00e1 o outro homem preso havia sido apreendido h\u00e1 cerca de um m\u00eas, quando ainda era menor de idade, e estava com arma de fogo.<\/p>\n<p>Toda a ocorr\u00eancia foi encaminhada para a delegacia para a devida apura\u00e7\u00e3o. As a\u00e7\u00f5es de refor\u00e7o em Cabedelo contaram com a coordena\u00e7\u00e3o do pr\u00f3prio comandante-geral da PM, o coronel S\u00e9rgio Fonseca.<\/p>\n","protected":false},"excerpt":{"rendered":"<p><img decoding=\"async\" width=\"1024\" height=\"768\" src=\"https:\/\/pbagora.s3.amazonaws.com\/2024\/07\/12144319\/reincidencia1-2-1024x768.jpeg\" class=\"attachment-large size-large wp-post-image\" alt=\"\" loading=\"lazy\"><\/p>\n<p>Um apenado que estava em semiliberdade e outro homem que j\u00e1 havia sido apreendido quando era menor com\u2026<\/p>\n","protected":false},"author":123458,"featured_media":0,"comment_status":"closed","ping_status":"closed","sticky":false,"template":"","format":"standard","meta":{"advgb_blocks_editor_width":"","advgb_blocks_columns_visual_guide":"","footnotes":""},"categories":[34],"tags":[35,10839,10842],"class_list":["post-49019","post","type-post","status-publish","format-standard","hentry","category-g1","tag-g1","tag-policial","tag-principal3"],"author_meta":{"display_name":"Feliphe Rojas","author_link":"https:\/\/sindaopcpb.org.br\/author\/feliphe-rojas\/"},"featured_img":null,"coauthors":[],"tax_additional":{"categories":{"linked":["<a href=\"https:\/\/sindaopcpb.org.br\/g1\/\" class=\"advgb-post-tax-term\">G1<\/a>"],"unlinked":["<span class=\"advgb-post-tax-term\">G1<\/span>"]},"tags":{"linked":["<a href=\"https:\/\/sindaopcpb.org.br\/g1\/\" class=\"advgb-post-tax-term\">g1<\/a>","<a href=\"https:\/\/sindaopcpb.org.br\/g1\/\" class=\"advgb-post-tax-term\">Policial<\/a>","<a href=\"https:\/\/sindaopcpb.org.br\/g1\/\" class=\"advgb-post-tax-term\">Principal3<\/a>"],"unlinked":["<span class=\"advgb-post-tax-term\">g1<\/span>","<span class=\"advgb-post-tax-term\">Policial<\/span>","<span class=\"advgb-post-tax-term\">Principal3<\/span>"]}},"comment_count":"0","relative_dates":{"created":"Publicado 2 anos atr\u00e1s","modified":"Atualizado 2 anos atr\u00e1s"},"absolute_dates":{"created":"Publicado em 12 de julho de 2024","modified":"Atualizado em 12 de julho de 2024"},"absolute_dates_time":{"created":"Publicado em 12 de julho de 2024 14:43","modified":"Atualizado em 12 de julho de 2024 14:43"},"featured_img_caption":"","series_order":"","_links":{"self":[{"href":"https:\/\/sindaopcpb.org.br\/index.php\/wp-json\/wp\/v2\/posts\/49019","targetHints":{"allow":["GET"]}}],"collection":[{"href":"https:\/\/sindaopcpb.org.br\/index.php\/wp-json\/wp\/v2\/posts"}],"about":[{"href":"https:\/\/sindaopcpb.org.br\/index.php\/wp-json\/wp\/v2\/types\/post"}],"author":[{"embeddable":true,"href":"https:\/\/sindaopcpb.org.br\/index.php\/wp-json\/wp\/v2\/users\/123458"}],"replies":[{"embeddable":true,"href":"https:\/\/sindaopcpb.org.br\/index.php\/wp-json\/wp\/v2\/comments?post=49019"}],"version-history":[{"count":1,"href":"https:\/\/sindaopcpb.org.br\/index.php\/wp-json\/wp\/v2\/posts\/49019\/revisions"}],"predecessor-version":[{"id":49020,"href":"https:\/\/sindaopcpb.org.br\/index.php\/wp-json\/wp\/v2\/posts\/49019\/revisions\/49020"}],"wp:attachment":[{"href":"https:\/\/sindaopcpb.org.br\/index.php\/wp-json\/wp\/v2\/media?parent=49019"}],"wp:term":[{"taxonomy":"category","embeddable":true,"href":"https:\/\/sindaopcpb.org.br\/index.php\/wp-json\/wp\/v2\/categories?post=49019"},{"taxonomy":"post_tag","embeddable":true,"href":"https:\/\/sindaopcpb.org.br\/index.php\/wp-json\/wp\/v2\/tags?post=49019"}],"curies":[{"name":"wp","href":"https:\/\/api.w.org\/{rel}","templated":true}]}}