{"id":49013,"date":"2024-07-12T11:55:04","date_gmt":"2024-07-12T14:55:04","guid":{"rendered":"https:\/\/www.pbagora.com.br\/?p=844192"},"modified":"2024-07-12T14:53:04","modified_gmt":"2024-07-12T17:53:04","slug":"homem-e-flagrado-conduzindo-carro-bebado-pela-prf-no-sertao-paraibano","status":"publish","type":"post","link":"https:\/\/sindaopcpb.org.br\/index.php\/2024\/07\/12\/homem-e-flagrado-conduzindo-carro-bebado-pela-prf-no-sertao-paraibano\/","title":{"rendered":"Homem \u00e9 flagrado conduzindo carro b\u00eabado pela PRF no sert\u00e3o paraibano"},"content":{"rendered":"<p><img width=\"800\" height=\"600\" src=\"https:\/\/pbagora.s3.amazonaws.com\/2024\/07\/12115435\/WhatsApp-Image-2024-07-12-at-10.19.28.jpeg\" class=\"attachment-large size-large wp-post-image\" alt=\"\" style=\"margin-bottom: 20px;\" decoding=\"async\" srcset=\"https:\/\/pbagora.s3.amazonaws.com\/2024\/07\/12115435\/WhatsApp-Image-2024-07-12-at-10.19.28.jpeg 800w, https:\/\/pbagora.s3.amazonaws.com\/2024\/07\/12115435\/WhatsApp-Image-2024-07-12-at-10.19.28-300x225.jpeg 300w, https:\/\/pbagora.s3.amazonaws.com\/2024\/07\/12115435\/WhatsApp-Image-2024-07-12-at-10.19.28-150x113.jpeg 150w, https:\/\/pbagora.s3.amazonaws.com\/2024\/07\/12115435\/WhatsApp-Image-2024-07-12-at-10.19.28-768x576.jpeg 768w, https:\/\/pbagora.s3.amazonaws.com\/2024\/07\/12115435\/WhatsApp-Image-2024-07-12-at-10.19.28-200x150.jpeg 200w, https:\/\/pbagora.s3.amazonaws.com\/2024\/07\/12115435\/WhatsApp-Image-2024-07-12-at-10.19.28-260x195.jpeg 260w, https:\/\/pbagora.s3.amazonaws.com\/2024\/07\/12115435\/WhatsApp-Image-2024-07-12-at-10.19.28-380x285.jpeg 380w, https:\/\/pbagora.s3.amazonaws.com\/2024\/07\/12115435\/WhatsApp-Image-2024-07-12-at-10.19.28-80x60.jpeg 80w, https:\/\/pbagora.s3.amazonaws.com\/2024\/07\/12115435\/WhatsApp-Image-2024-07-12-at-10.19.28-600x450.jpeg 600w, https:\/\/pbagora.s3.amazonaws.com\/2024\/07\/12115435\/WhatsApp-Image-2024-07-12-at-10.19.28-520x390.jpeg 520w, https:\/\/pbagora.s3.amazonaws.com\/2024\/07\/12115435\/WhatsApp-Image-2024-07-12-at-10.19.28-760x570.jpeg 760w\" sizes=\"(max-width: 800px) 100vw, 800px\" \/><\/p><p>A Pol\u00edcia Rodovi\u00e1ria Federal (PRF) prendeu, na \u00faltima quinta-feira (11), na BR-230, indiv\u00edduo que conduzia ve\u00edculo visivelmente embriagado. A conduta representou risco para todos os usu\u00e1rios que transitavam na rodovia federal.<\/p>\n<p>Equipe da PRF realizava fiscaliza\u00e7\u00e3o de rotina nas proximidades do km 467, por volta das 22h35, quando um carro do tipo Gol passou pelos agentes com velocidade incompat\u00edvel aos demais ve\u00edculos e \u00e0 rodovia. Prontamente, foram realizadas dilig\u00eancias para abord\u00e1-lo. Assim foi feito ap\u00f3s alguns quil\u00f4metros.<\/p>\n<p>Ao se aproximarem do ve\u00edculo, foi notado um forte odor et\u00edlico vindo do condutor. Diante da fundada suspeita dele estar sob influ\u00eancia de \u00e1lcool. Foi solicitado que realizasse teste de etil\u00f4metro. Momento em que foi constatado o \u00edndice de 0,61 miligramas de \u00e1lcool por litro de ar expelido pelos pulm\u00f5es.<\/p>\n<p>Diante dos fatos evidenciados, o homem de 50 anos foi detido e conduzido para a Delegacia de Pol\u00edcia Judici\u00e1ria do munic\u00edpio, onde poder\u00e1 responder criminalmente por embriaguez ao volante. Essa pr\u00e1tica representa um risco iminente para a vida de todos os envolvidos no tr\u00e2nsito, uma vez que o \u00e1lcool compromete significativamente a capacidade de rea\u00e7\u00e3o, coordena\u00e7\u00e3o motora e julgamento do condutor, aumentando exponencialmente as chances de ocorrer acidentes graves, com feridos e at\u00e9 mesmo mortes.<\/p>\n<p><strong>PB Agora<\/strong><\/p>\n","protected":false},"excerpt":{"rendered":"<p><img loading=\"lazy\" decoding=\"async\" width=\"800\" height=\"600\" src=\"https:\/\/pbagora.s3.amazonaws.com\/2024\/07\/12115435\/WhatsApp-Image-2024-07-12-at-10.19.28.jpeg\" class=\"attachment-large size-large wp-post-image\" alt=\"\"><\/p>\n<p>A Pol\u00edcia Rodovi\u00e1ria Federal (PRF) prendeu, na \u00faltima quinta-feira (11), na BR-230, indiv\u00edduo que conduzia ve\u00edculo visivelmente embriagado.\u2026<\/p>\n","protected":false},"author":123457,"featured_media":0,"comment_status":"closed","ping_status":"closed","sticky":false,"template":"","format":"standard","meta":{"advgb_blocks_editor_width":"","advgb_blocks_columns_visual_guide":"","footnotes":""},"categories":[34],"tags":[10840,35,10839],"class_list":["post-49013","post","type-post","status-publish","format-standard","hentry","category-g1","tag-destaque-centro-03","tag-g1","tag-policial"],"author_meta":{"display_name":"Reda\u00e7\u00e3o","author_link":"https:\/\/sindaopcpb.org.br\/author\/redacao\/"},"featured_img":null,"coauthors":[],"tax_additional":{"categories":{"linked":["<a href=\"https:\/\/sindaopcpb.org.br\/g1\/\" class=\"advgb-post-tax-term\">G1<\/a>"],"unlinked":["<span class=\"advgb-post-tax-term\">G1<\/span>"]},"tags":{"linked":["<a href=\"https:\/\/sindaopcpb.org.br\/g1\/\" class=\"advgb-post-tax-term\">Destaque Centro 03<\/a>","<a href=\"https:\/\/sindaopcpb.org.br\/g1\/\" class=\"advgb-post-tax-term\">g1<\/a>","<a href=\"https:\/\/sindaopcpb.org.br\/g1\/\" class=\"advgb-post-tax-term\">Policial<\/a>"],"unlinked":["<span class=\"advgb-post-tax-term\">Destaque Centro 03<\/span>","<span class=\"advgb-post-tax-term\">g1<\/span>","<span class=\"advgb-post-tax-term\">Policial<\/span>"]}},"comment_count":"0","relative_dates":{"created":"Publicado 2 anos atr\u00e1s","modified":"Atualizado 2 anos atr\u00e1s"},"absolute_dates":{"created":"Publicado em 12 de julho de 2024","modified":"Atualizado em 12 de julho de 2024"},"absolute_dates_time":{"created":"Publicado em 12 de julho de 2024 11:55","modified":"Atualizado em 12 de julho de 2024 14:53"},"featured_img_caption":"","series_order":"","_links":{"self":[{"href":"https:\/\/sindaopcpb.org.br\/index.php\/wp-json\/wp\/v2\/posts\/49013","targetHints":{"allow":["GET"]}}],"collection":[{"href":"https:\/\/sindaopcpb.org.br\/index.php\/wp-json\/wp\/v2\/posts"}],"about":[{"href":"https:\/\/sindaopcpb.org.br\/index.php\/wp-json\/wp\/v2\/types\/post"}],"author":[{"embeddable":true,"href":"https:\/\/sindaopcpb.org.br\/index.php\/wp-json\/wp\/v2\/users\/123457"}],"replies":[{"embeddable":true,"href":"https:\/\/sindaopcpb.org.br\/index.php\/wp-json\/wp\/v2\/comments?post=49013"}],"version-history":[{"count":3,"href":"https:\/\/sindaopcpb.org.br\/index.php\/wp-json\/wp\/v2\/posts\/49013\/revisions"}],"predecessor-version":[{"id":49024,"href":"https:\/\/sindaopcpb.org.br\/index.php\/wp-json\/wp\/v2\/posts\/49013\/revisions\/49024"}],"wp:attachment":[{"href":"https:\/\/sindaopcpb.org.br\/index.php\/wp-json\/wp\/v2\/media?parent=49013"}],"wp:term":[{"taxonomy":"category","embeddable":true,"href":"https:\/\/sindaopcpb.org.br\/index.php\/wp-json\/wp\/v2\/categories?post=49013"},{"taxonomy":"post_tag","embeddable":true,"href":"https:\/\/sindaopcpb.org.br\/index.php\/wp-json\/wp\/v2\/tags?post=49013"}],"curies":[{"name":"wp","href":"https:\/\/api.w.org\/{rel}","templated":true}]}}