{"id":49004,"date":"2024-07-12T09:26:14","date_gmt":"2024-07-12T12:26:14","guid":{"rendered":"https:\/\/www.pbagora.com.br\/?p=844157"},"modified":"2024-07-12T09:26:14","modified_gmt":"2024-07-12T12:26:14","slug":"casal-e-preso-em-joao-pessoa-suspeito-de-integrar-faccao-criminosa-atuante-no-piaui","status":"publish","type":"post","link":"https:\/\/sindaopcpb.org.br\/index.php\/2024\/07\/12\/casal-e-preso-em-joao-pessoa-suspeito-de-integrar-faccao-criminosa-atuante-no-piaui\/","title":{"rendered":"Casal \u00e9 preso em Jo\u00e3o Pessoa suspeito de integrar fac\u00e7\u00e3o criminosa atuante no Piau\u00ed"},"content":{"rendered":"<p><img width=\"700\" height=\"467\" src=\"https:\/\/pbagora.s3.amazonaws.com\/2024\/05\/24093951\/viatura-policia-civil-pb-foto-ascom-pcpb-e1675522003278.jpg\" class=\"attachment-large size-large wp-post-image\" alt=\"\" style=\"margin-bottom: 20px;\" decoding=\"async\" loading=\"lazy\" srcset=\"https:\/\/pbagora.s3.amazonaws.com\/2024\/05\/24093951\/viatura-policia-civil-pb-foto-ascom-pcpb-e1675522003278.jpg 700w, https:\/\/pbagora.s3.amazonaws.com\/2024\/05\/24093951\/viatura-policia-civil-pb-foto-ascom-pcpb-e1675522003278-300x200.jpg 300w, https:\/\/pbagora.s3.amazonaws.com\/2024\/05\/24093951\/viatura-policia-civil-pb-foto-ascom-pcpb-e1675522003278-150x100.jpg 150w, https:\/\/pbagora.s3.amazonaws.com\/2024\/05\/24093951\/viatura-policia-civil-pb-foto-ascom-pcpb-e1675522003278-380x254.jpg 380w, https:\/\/pbagora.s3.amazonaws.com\/2024\/05\/24093951\/viatura-policia-civil-pb-foto-ascom-pcpb-e1675522003278-80x53.jpg 80w, https:\/\/pbagora.s3.amazonaws.com\/2024\/05\/24093951\/viatura-policia-civil-pb-foto-ascom-pcpb-e1675522003278-600x400.jpg 600w\" sizes=\"(max-width: 700px) 100vw, 700px\" \/><\/p><p>Na manh\u00e3 desta sexta-feira (12), um casal foi detido no bairro de Paratibe, em Jo\u00e3o Pessoa, sob suspeita de fazer parte de uma fac\u00e7\u00e3o criminosa com base no Piau\u00ed, conhecida por envolvimento em homic\u00eddios e tr\u00e1fico de drogas.<\/p>\n<p>A opera\u00e7\u00e3o, realizada pela pol\u00edcia do Piau\u00ed, \u00e9 de abrang\u00eancia interestadual e visa cumprir 55 mandados de busca e apreens\u00e3o domiciliar, al\u00e9m de 35 mandados de pris\u00e3o.<\/p>\n<p>A a\u00e7\u00e3o contou com o apoio de diversas for\u00e7as policiais, incluindo a Diretoria de Intelig\u00eancia da Pol\u00edcia Civil, o Laborat\u00f3rio de Tecnologia Contra Lavagem de Dinheiro, a Diretoria de Pol\u00edcia do Interior, a Pol\u00edcia Militar, a Seccional de Parna\u00edba, a FICCO de Parna\u00edba, o DENARC, a Delegacia Regional de Lu\u00eds Correia, a Superintend\u00eancia de Opera\u00e7\u00f5es Integradas e a For\u00e7a Estadual Integrada de Seguran\u00e7a.<\/p>\n<p>Em nota, a pol\u00edcia informou que &#8220;A opera\u00e7\u00e3o policial deflagrada visa desarticular organiza\u00e7\u00e3o criminosa com atua\u00e7\u00e3o no litoral piauiense, compreendendo no Estado do Piau\u00ed as cidades de Teresina, Parna\u00edba, Cajueiro da Praia, Lu\u00eds Correia e Demerval Lob\u00e3o, mas com tent\u00e1culos presentes nos Estados da Para\u00edba, Cear\u00e1, Maranh\u00e3o e S\u00e3o Paulo&#8221;.<\/p>\n<p><strong>PB Agora<\/strong><\/p>\n","protected":false},"excerpt":{"rendered":"<p><img loading=\"lazy\" decoding=\"async\" width=\"700\" height=\"467\" src=\"https:\/\/pbagora.s3.amazonaws.com\/2024\/05\/24093951\/viatura-policia-civil-pb-foto-ascom-pcpb-e1675522003278.jpg\" class=\"attachment-large size-large wp-post-image\" alt=\"\"><\/p>\n<p>Na manh\u00e3 desta sexta-feira (12), um casal foi detido no bairro de Paratibe, em Jo\u00e3o Pessoa, sob suspeita\u2026<\/p>\n","protected":false},"author":123457,"featured_media":0,"comment_status":"closed","ping_status":"closed","sticky":false,"template":"","format":"standard","meta":{"advgb_blocks_editor_width":"","advgb_blocks_columns_visual_guide":"","footnotes":""},"categories":[34],"tags":[35,10839,10842],"class_list":["post-49004","post","type-post","status-publish","format-standard","hentry","category-g1","tag-g1","tag-policial","tag-principal3"],"author_meta":{"display_name":"Reda\u00e7\u00e3o","author_link":"https:\/\/sindaopcpb.org.br\/author\/redacao\/"},"featured_img":null,"coauthors":[],"tax_additional":{"categories":{"linked":["<a href=\"https:\/\/sindaopcpb.org.br\/g1\/\" class=\"advgb-post-tax-term\">G1<\/a>"],"unlinked":["<span class=\"advgb-post-tax-term\">G1<\/span>"]},"tags":{"linked":["<a href=\"https:\/\/sindaopcpb.org.br\/g1\/\" class=\"advgb-post-tax-term\">g1<\/a>","<a href=\"https:\/\/sindaopcpb.org.br\/g1\/\" class=\"advgb-post-tax-term\">Policial<\/a>","<a href=\"https:\/\/sindaopcpb.org.br\/g1\/\" class=\"advgb-post-tax-term\">Principal3<\/a>"],"unlinked":["<span class=\"advgb-post-tax-term\">g1<\/span>","<span class=\"advgb-post-tax-term\">Policial<\/span>","<span class=\"advgb-post-tax-term\">Principal3<\/span>"]}},"comment_count":"0","relative_dates":{"created":"Publicado 2 anos atr\u00e1s","modified":"Atualizado 2 anos atr\u00e1s"},"absolute_dates":{"created":"Publicado em 12 de julho de 2024","modified":"Atualizado em 12 de julho de 2024"},"absolute_dates_time":{"created":"Publicado em 12 de julho de 2024 09:26","modified":"Atualizado em 12 de julho de 2024 09:26"},"featured_img_caption":"","series_order":"","_links":{"self":[{"href":"https:\/\/sindaopcpb.org.br\/index.php\/wp-json\/wp\/v2\/posts\/49004","targetHints":{"allow":["GET"]}}],"collection":[{"href":"https:\/\/sindaopcpb.org.br\/index.php\/wp-json\/wp\/v2\/posts"}],"about":[{"href":"https:\/\/sindaopcpb.org.br\/index.php\/wp-json\/wp\/v2\/types\/post"}],"author":[{"embeddable":true,"href":"https:\/\/sindaopcpb.org.br\/index.php\/wp-json\/wp\/v2\/users\/123457"}],"replies":[{"embeddable":true,"href":"https:\/\/sindaopcpb.org.br\/index.php\/wp-json\/wp\/v2\/comments?post=49004"}],"version-history":[{"count":2,"href":"https:\/\/sindaopcpb.org.br\/index.php\/wp-json\/wp\/v2\/posts\/49004\/revisions"}],"predecessor-version":[{"id":49011,"href":"https:\/\/sindaopcpb.org.br\/index.php\/wp-json\/wp\/v2\/posts\/49004\/revisions\/49011"}],"wp:attachment":[{"href":"https:\/\/sindaopcpb.org.br\/index.php\/wp-json\/wp\/v2\/media?parent=49004"}],"wp:term":[{"taxonomy":"category","embeddable":true,"href":"https:\/\/sindaopcpb.org.br\/index.php\/wp-json\/wp\/v2\/categories?post=49004"},{"taxonomy":"post_tag","embeddable":true,"href":"https:\/\/sindaopcpb.org.br\/index.php\/wp-json\/wp\/v2\/tags?post=49004"}],"curies":[{"name":"wp","href":"https:\/\/api.w.org\/{rel}","templated":true}]}}