{"id":48995,"date":"2024-07-12T06:53:53","date_gmt":"2024-07-12T09:53:53","guid":{"rendered":"https:\/\/www.pbagora.com.br\/?p=844109"},"modified":"2024-07-12T09:00:53","modified_gmt":"2024-07-12T12:00:53","slug":"policia-prende-agressor-de-cachorro-e-preso-na-cidade-de-arara-filhote-e-resgatado","status":"publish","type":"post","link":"https:\/\/sindaopcpb.org.br\/index.php\/2024\/07\/12\/policia-prende-agressor-de-cachorro-e-preso-na-cidade-de-arara-filhote-e-resgatado\/","title":{"rendered":"Pol\u00edcia prende agressor de cachorro \u00e9 preso na cidade de Arara; filhote \u00e9 resgatado"},"content":{"rendered":"<p><img width=\"948\" height=\"432\" src=\"https:\/\/pbagora.s3.amazonaws.com\/2024\/07\/12065345\/Sem-titulo-19.jpg\" class=\"attachment-large size-large wp-post-image\" alt=\"\" style=\"margin-bottom: 20px;\" decoding=\"async\" loading=\"lazy\" srcset=\"https:\/\/pbagora.s3.amazonaws.com\/2024\/07\/12065345\/Sem-titulo-19.jpg 948w, https:\/\/pbagora.s3.amazonaws.com\/2024\/07\/12065345\/Sem-titulo-19-300x137.jpg 300w, https:\/\/pbagora.s3.amazonaws.com\/2024\/07\/12065345\/Sem-titulo-19-150x68.jpg 150w, https:\/\/pbagora.s3.amazonaws.com\/2024\/07\/12065345\/Sem-titulo-19-768x350.jpg 768w, https:\/\/pbagora.s3.amazonaws.com\/2024\/07\/12065345\/Sem-titulo-19-380x173.jpg 380w, https:\/\/pbagora.s3.amazonaws.com\/2024\/07\/12065345\/Sem-titulo-19-800x365.jpg 800w, https:\/\/pbagora.s3.amazonaws.com\/2024\/07\/12065345\/Sem-titulo-19-80x36.jpg 80w, https:\/\/pbagora.s3.amazonaws.com\/2024\/07\/12065345\/Sem-titulo-19-760x346.jpg 760w, https:\/\/pbagora.s3.amazonaws.com\/2024\/07\/12065345\/Sem-titulo-19-600x273.jpg 600w\" sizes=\"(max-width: 948px) 100vw, 948px\" \/><\/p><p>A pol\u00edcia prendeu ontem (11), ap\u00f3s a grande repercuss\u00e3o nas redes sociais, um agressor de animais registrado na cidade de Arara, no Brejo paraibano. O fato se deu ap\u00f3s, o suspeito, conhecido como Neguinho de Deca, ser identificado pela Pol\u00edcia Civil da Para\u00edba. O caso gerou revolta na popula\u00e7\u00e3o e mobiliza\u00e7\u00e3o por justi\u00e7a.<\/p>\n<p>A situa\u00e7\u00e3o ganhou notoriedade ap\u00f3s a divulga\u00e7\u00e3o de um v\u00eddeo chocante em que um filhote de cachorro \u00e9 agredido pelo suspeito. Nas imagens, \u00e9 poss\u00edvel ver o momento em que o homem, identificado posteriormente como Neguinho de Deca, bate o animal contra um port\u00e3o e o arrasta pelo ch\u00e3o, causando sofrimento ao filhote. \u00c9 poss\u00edvel ouvir os gritos do animal.<\/p>\n<p>Com base nas imagens e den\u00fancias recebidas, a Pol\u00edcia Civil, sob a lideran\u00e7a do delegado Dr. Diogenes Fernandes, o delegado Rodrigo Alexandre iniciou uma investiga\u00e7\u00e3o para localizar e prender o respons\u00e1vel pelos maus-tratos. Neguinho de Deca, j\u00e1 conhecido na cidade por um hist\u00f3rico de passagens pela pol\u00edcia.<\/p>\n<p>Gra\u00e7as \u00e0 a\u00e7\u00e3o r\u00e1pida da Pol\u00edcia Civil, a cadelinha foi resgatada e est\u00e1 atualmente sob os cuidados de protetores de animais da cidade de Sol\u00e2nea. O filhote, que sofreu com os maus-tratos, agora recebe atendimento veterin\u00e1rio e est\u00e1 sendo tratado. \u00c9 uma f\u00eamea e est\u00e1 dispon\u00edvel para ado\u00e7\u00e3o.<\/p>\n<p>Reda\u00e7\u00e3o<\/p>\n","protected":false},"excerpt":{"rendered":"<p><img decoding=\"async\" width=\"948\" height=\"432\" src=\"https:\/\/pbagora.s3.amazonaws.com\/2024\/07\/12065345\/Sem-titulo-19.jpg\" class=\"attachment-large size-large wp-post-image\" alt=\"\" loading=\"lazy\"><\/p>\n<p>A pol\u00edcia prendeu ontem (11), ap\u00f3s a grande repercuss\u00e3o nas redes sociais, um agressor de animais registrado na\u2026<\/p>\n","protected":false},"author":123457,"featured_media":0,"comment_status":"closed","ping_status":"closed","sticky":false,"template":"","format":"standard","meta":{"advgb_blocks_editor_width":"","advgb_blocks_columns_visual_guide":"","footnotes":""},"categories":[34],"tags":[35,10839,10846],"class_list":["post-48995","post","type-post","status-publish","format-standard","hentry","category-g1","tag-g1","tag-policial","tag-rodape-02"],"author_meta":{"display_name":"Reda\u00e7\u00e3o","author_link":"https:\/\/sindaopcpb.org.br\/author\/redacao\/"},"featured_img":null,"coauthors":[],"tax_additional":{"categories":{"linked":["<a href=\"https:\/\/sindaopcpb.org.br\/g1\/\" class=\"advgb-post-tax-term\">G1<\/a>"],"unlinked":["<span class=\"advgb-post-tax-term\">G1<\/span>"]},"tags":{"linked":["<a href=\"https:\/\/sindaopcpb.org.br\/g1\/\" class=\"advgb-post-tax-term\">g1<\/a>","<a href=\"https:\/\/sindaopcpb.org.br\/g1\/\" class=\"advgb-post-tax-term\">Policial<\/a>","<a href=\"https:\/\/sindaopcpb.org.br\/g1\/\" class=\"advgb-post-tax-term\">Rodape 02<\/a>"],"unlinked":["<span class=\"advgb-post-tax-term\">g1<\/span>","<span class=\"advgb-post-tax-term\">Policial<\/span>","<span class=\"advgb-post-tax-term\">Rodape 02<\/span>"]}},"comment_count":"0","relative_dates":{"created":"Publicado 2 anos atr\u00e1s","modified":"Atualizado 2 anos atr\u00e1s"},"absolute_dates":{"created":"Publicado em 12 de julho de 2024","modified":"Atualizado em 12 de julho de 2024"},"absolute_dates_time":{"created":"Publicado em 12 de julho de 2024 06:53","modified":"Atualizado em 12 de julho de 2024 09:00"},"featured_img_caption":"","series_order":"","_links":{"self":[{"href":"https:\/\/sindaopcpb.org.br\/index.php\/wp-json\/wp\/v2\/posts\/48995","targetHints":{"allow":["GET"]}}],"collection":[{"href":"https:\/\/sindaopcpb.org.br\/index.php\/wp-json\/wp\/v2\/posts"}],"about":[{"href":"https:\/\/sindaopcpb.org.br\/index.php\/wp-json\/wp\/v2\/types\/post"}],"author":[{"embeddable":true,"href":"https:\/\/sindaopcpb.org.br\/index.php\/wp-json\/wp\/v2\/users\/123457"}],"replies":[{"embeddable":true,"href":"https:\/\/sindaopcpb.org.br\/index.php\/wp-json\/wp\/v2\/comments?post=48995"}],"version-history":[{"count":3,"href":"https:\/\/sindaopcpb.org.br\/index.php\/wp-json\/wp\/v2\/posts\/48995\/revisions"}],"predecessor-version":[{"id":49007,"href":"https:\/\/sindaopcpb.org.br\/index.php\/wp-json\/wp\/v2\/posts\/48995\/revisions\/49007"}],"wp:attachment":[{"href":"https:\/\/sindaopcpb.org.br\/index.php\/wp-json\/wp\/v2\/media?parent=48995"}],"wp:term":[{"taxonomy":"category","embeddable":true,"href":"https:\/\/sindaopcpb.org.br\/index.php\/wp-json\/wp\/v2\/categories?post=48995"},{"taxonomy":"post_tag","embeddable":true,"href":"https:\/\/sindaopcpb.org.br\/index.php\/wp-json\/wp\/v2\/tags?post=48995"}],"curies":[{"name":"wp","href":"https:\/\/api.w.org\/{rel}","templated":true}]}}