{"id":48992,"date":"2024-07-12T06:22:58","date_gmt":"2024-07-12T09:22:58","guid":{"rendered":"https:\/\/www.pbagora.com.br\/?p=844096"},"modified":"2024-07-12T09:22:58","modified_gmt":"2024-07-12T12:22:58","slug":"policia-prende-dupla-apos-perseguicao-no-bairro-de-mangabeira-na-capital-que-terminou-com-viatura-danificada","status":"publish","type":"post","link":"https:\/\/sindaopcpb.org.br\/index.php\/2024\/07\/12\/policia-prende-dupla-apos-perseguicao-no-bairro-de-mangabeira-na-capital-que-terminou-com-viatura-danificada\/","title":{"rendered":"Pol\u00edcia prende dupla ap\u00f3s persegui\u00e7\u00e3o no bairro de Mangabeira, na capital que terminou com viatura danificada"},"content":{"rendered":"<p><img width=\"1024\" height=\"577\" src=\"https:\/\/pbagora.s3.amazonaws.com\/2024\/05\/15080149\/viatura-pm.jpg\" class=\"attachment-large size-large wp-post-image\" alt=\"\" style=\"margin-bottom: 20px;\" decoding=\"async\" loading=\"lazy\" srcset=\"https:\/\/pbagora.s3.amazonaws.com\/2024\/05\/15080149\/viatura-pm.jpg 1024w, https:\/\/pbagora.s3.amazonaws.com\/2024\/05\/15080149\/viatura-pm-300x169.jpg 300w, https:\/\/pbagora.s3.amazonaws.com\/2024\/05\/15080149\/viatura-pm-150x85.jpg 150w, https:\/\/pbagora.s3.amazonaws.com\/2024\/05\/15080149\/viatura-pm-768x433.jpg 768w, https:\/\/pbagora.s3.amazonaws.com\/2024\/05\/15080149\/viatura-pm-380x214.jpg 380w, https:\/\/pbagora.s3.amazonaws.com\/2024\/05\/15080149\/viatura-pm-800x451.jpg 800w, https:\/\/pbagora.s3.amazonaws.com\/2024\/05\/15080149\/viatura-pm-80x46.jpg 80w, https:\/\/pbagora.s3.amazonaws.com\/2024\/05\/15080149\/viatura-pm-760x428.jpg 760w, https:\/\/pbagora.s3.amazonaws.com\/2024\/05\/15080149\/viatura-pm-600x338.jpg 600w\" sizes=\"(max-width: 1024px) 100vw, 1024px\" \/><\/p><p>A pol\u00edcia prendeu ontem (11), um dupla ap\u00f3s persegui\u00e7\u00e3o no bairro de Mangabeira, na capital que terminou com viatura danificada. O incidente teve in\u00edcio quando a viatura da Pol\u00edcia Militar avistou a dupla em um carro, que imediatamente empreendeu fuga ao perceber a presen\u00e7a policial. A viatura da PM ficou com a frente levemente amassada.<\/p>\n<p>Segundo o Capit\u00e3o Freitas, da Pol\u00edcia Militar, a abordagem foi realizada ap\u00f3s os suspeitos desobedecerem aos sinais sonoros e verbaliza\u00e7\u00f5es de parada. Durante a persegui\u00e7\u00e3o, os indiv\u00edduos perderam o controle do ve\u00edculo e foram finalmente abordados pela guarni\u00e7\u00e3o.<\/p>\n<p>Ainda de acordo com Freitas esclareceu que, no momento da abordagem, n\u00e3o foram encontrados itens il\u00edcitos, como armas ou drogas, e o carro apresentava irregularidades, incluindo a falta de placas e a documenta\u00e7\u00e3o vencida. Al\u00e9m disso, um dos suspeitos estava usando uma tornozeleira eletr\u00f4nica, e a equipe policial entrou em contato com o sistema penitenci\u00e1rio para verificar a funcionalidade do dispositivo e assegurar que a monitora\u00e7\u00e3o estava sendo feita corretamente.<\/p>\n<p>Reda\u00e7\u00e3o<\/p>\n","protected":false},"excerpt":{"rendered":"<p><img decoding=\"async\" width=\"1024\" height=\"577\" src=\"https:\/\/pbagora.s3.amazonaws.com\/2024\/05\/15080149\/viatura-pm.jpg\" class=\"attachment-large size-large wp-post-image\" alt=\"\" loading=\"lazy\"><\/p>\n<p>A pol\u00edcia prendeu ontem (11), um dupla ap\u00f3s persegui\u00e7\u00e3o no bairro de Mangabeira, na capital que terminou com\u2026<\/p>\n","protected":false},"author":123457,"featured_media":0,"comment_status":"closed","ping_status":"closed","sticky":false,"template":"","format":"standard","meta":{"advgb_blocks_editor_width":"","advgb_blocks_columns_visual_guide":"","footnotes":""},"categories":[34],"tags":[10841,35,10839],"class_list":["post-48992","post","type-post","status-publish","format-standard","hentry","category-g1","tag-destaque-centro-02","tag-g1","tag-policial"],"author_meta":{"display_name":"Reda\u00e7\u00e3o","author_link":"https:\/\/sindaopcpb.org.br\/author\/redacao\/"},"featured_img":null,"coauthors":[],"tax_additional":{"categories":{"linked":["<a href=\"https:\/\/sindaopcpb.org.br\/g1\/\" class=\"advgb-post-tax-term\">G1<\/a>"],"unlinked":["<span class=\"advgb-post-tax-term\">G1<\/span>"]},"tags":{"linked":["<a href=\"https:\/\/sindaopcpb.org.br\/g1\/\" class=\"advgb-post-tax-term\">Destaque Centro 02<\/a>","<a href=\"https:\/\/sindaopcpb.org.br\/g1\/\" class=\"advgb-post-tax-term\">g1<\/a>","<a href=\"https:\/\/sindaopcpb.org.br\/g1\/\" class=\"advgb-post-tax-term\">Policial<\/a>"],"unlinked":["<span class=\"advgb-post-tax-term\">Destaque Centro 02<\/span>","<span class=\"advgb-post-tax-term\">g1<\/span>","<span class=\"advgb-post-tax-term\">Policial<\/span>"]}},"comment_count":"0","relative_dates":{"created":"Publicado 2 anos atr\u00e1s","modified":"Atualizado 2 anos atr\u00e1s"},"absolute_dates":{"created":"Publicado em 12 de julho de 2024","modified":"Atualizado em 12 de julho de 2024"},"absolute_dates_time":{"created":"Publicado em 12 de julho de 2024 06:22","modified":"Atualizado em 12 de julho de 2024 09:22"},"featured_img_caption":"","series_order":"","_links":{"self":[{"href":"https:\/\/sindaopcpb.org.br\/index.php\/wp-json\/wp\/v2\/posts\/48992","targetHints":{"allow":["GET"]}}],"collection":[{"href":"https:\/\/sindaopcpb.org.br\/index.php\/wp-json\/wp\/v2\/posts"}],"about":[{"href":"https:\/\/sindaopcpb.org.br\/index.php\/wp-json\/wp\/v2\/types\/post"}],"author":[{"embeddable":true,"href":"https:\/\/sindaopcpb.org.br\/index.php\/wp-json\/wp\/v2\/users\/123457"}],"replies":[{"embeddable":true,"href":"https:\/\/sindaopcpb.org.br\/index.php\/wp-json\/wp\/v2\/comments?post=48992"}],"version-history":[{"count":3,"href":"https:\/\/sindaopcpb.org.br\/index.php\/wp-json\/wp\/v2\/posts\/48992\/revisions"}],"predecessor-version":[{"id":49006,"href":"https:\/\/sindaopcpb.org.br\/index.php\/wp-json\/wp\/v2\/posts\/48992\/revisions\/49006"}],"wp:attachment":[{"href":"https:\/\/sindaopcpb.org.br\/index.php\/wp-json\/wp\/v2\/media?parent=48992"}],"wp:term":[{"taxonomy":"category","embeddable":true,"href":"https:\/\/sindaopcpb.org.br\/index.php\/wp-json\/wp\/v2\/categories?post=48992"},{"taxonomy":"post_tag","embeddable":true,"href":"https:\/\/sindaopcpb.org.br\/index.php\/wp-json\/wp\/v2\/tags?post=48992"}],"curies":[{"name":"wp","href":"https:\/\/api.w.org\/{rel}","templated":true}]}}