{"id":48990,"date":"2024-07-12T06:27:04","date_gmt":"2024-07-12T09:27:04","guid":{"rendered":"https:\/\/www.pbagora.com.br\/?p=844100"},"modified":"2024-07-12T09:27:04","modified_gmt":"2024-07-12T12:27:04","slug":"jovem-paraibano-que-voltou-do-rj-esta-desaparecido-ha-mais-de-20-dias","status":"publish","type":"post","link":"https:\/\/sindaopcpb.org.br\/index.php\/2024\/07\/12\/jovem-paraibano-que-voltou-do-rj-esta-desaparecido-ha-mais-de-20-dias\/","title":{"rendered":"Jovem paraibano que voltou do RJ est\u00e1 desaparecido h\u00e1 mais de 20 dias"},"content":{"rendered":"<p><img width=\"923\" height=\"442\" src=\"https:\/\/pbagora.s3.amazonaws.com\/2024\/07\/12062655\/Sem-titulo-18.jpg\" class=\"attachment-large size-large wp-post-image\" alt=\"\" style=\"margin-bottom: 20px;\" decoding=\"async\" srcset=\"https:\/\/pbagora.s3.amazonaws.com\/2024\/07\/12062655\/Sem-titulo-18.jpg 923w, https:\/\/pbagora.s3.amazonaws.com\/2024\/07\/12062655\/Sem-titulo-18-300x144.jpg 300w, https:\/\/pbagora.s3.amazonaws.com\/2024\/07\/12062655\/Sem-titulo-18-150x72.jpg 150w, https:\/\/pbagora.s3.amazonaws.com\/2024\/07\/12062655\/Sem-titulo-18-768x368.jpg 768w, https:\/\/pbagora.s3.amazonaws.com\/2024\/07\/12062655\/Sem-titulo-18-380x182.jpg 380w, https:\/\/pbagora.s3.amazonaws.com\/2024\/07\/12062655\/Sem-titulo-18-800x383.jpg 800w, https:\/\/pbagora.s3.amazonaws.com\/2024\/07\/12062655\/Sem-titulo-18-80x38.jpg 80w, https:\/\/pbagora.s3.amazonaws.com\/2024\/07\/12062655\/Sem-titulo-18-760x364.jpg 760w, https:\/\/pbagora.s3.amazonaws.com\/2024\/07\/12062655\/Sem-titulo-18-600x287.jpg 600w\" sizes=\"(max-width: 923px) 100vw, 923px\" \/><\/p><p>Familiares do jovem de 24 anos Elimar Santos, est\u00e3o angustiados ap\u00f3s o desaparecimento do rapaz, ocorrido no dia 18 de junho deste ano. Segundo a investiga\u00e7\u00e3o ele, estava morando no munic\u00edpio de Santa Rita, regi\u00e3o metropolitana de Jo\u00e3o Pessoa. Elimar, que havia sa\u00eddo de casa para visitar a irm\u00e3 no munic\u00edpio do Conde, no Litoral Sul paraibano, n\u00e3o foi mais visto desde ent\u00e3o, e o caso continua sem respostas.<\/p>\n<p>Elimar estava trabalhando temporariamente no Rio de Janeiro e retornou \u00e0 Para\u00edba no in\u00edcio de junho, planejando passar um tempo com sua fam\u00edlia. De acordo com relatos, o jovem, que residia no distrito de Cicerol\u00eancia, comunicou a inten\u00e7\u00e3o de visitar a irm\u00e3 e, desde ent\u00e3o, suas liga\u00e7\u00f5es ficaram sem resposta e n\u00e3o h\u00e1 informa\u00e7\u00f5es sobre seu paradeiro.<\/p>\n<p>A m\u00e3e do jovem expressou a dor e o desespero de n\u00e3o ter not\u00edcias do filho, pedindo ajuda \u00e0s autoridades para intensificar as buscas pela regi\u00e3o de Cicerol\u00e2ndia, onde Elimar morava. Ela destacou a agoniante espera por respostas e a necessidade urgente de uma investiga\u00e7\u00e3o mais aprofundada para descobrir o que realmente aconteceu com Elimar.<\/p>\n<p>A situa\u00e7\u00e3o de Elimar ganha ainda mais relev\u00e2ncia quando comparada a outros casos de desaparecimento que tiveram repercuss\u00e3o recente, como o dos jovens Wendes e Renan, encontrados mortos em Bayeux, e \u00cdtalo Fabr\u00edcio Jos\u00e9 da Silva, tamb\u00e9m encontrado morto ap\u00f3s 20 dias de desaparecimento, tamb\u00e9m no munic\u00edpio da Grande Jo\u00e3o Pessoa.<\/p>\n<p>Reda\u00e7\u00e3o<\/p>\n","protected":false},"excerpt":{"rendered":"<p><img loading=\"lazy\" decoding=\"async\" width=\"923\" height=\"442\" src=\"https:\/\/pbagora.s3.amazonaws.com\/2024\/07\/12062655\/Sem-titulo-18.jpg\" class=\"attachment-large size-large wp-post-image\" alt=\"\"><\/p>\n<p>Familiares do jovem de 24 anos Elimar Santos, est\u00e3o angustiados ap\u00f3s o desaparecimento do rapaz, ocorrido no dia\u2026<\/p>\n","protected":false},"author":123457,"featured_media":0,"comment_status":"closed","ping_status":"closed","sticky":false,"template":"","format":"standard","meta":{"advgb_blocks_editor_width":"","advgb_blocks_columns_visual_guide":"","footnotes":""},"categories":[34],"tags":[35,10839,10848],"class_list":["post-48990","post","type-post","status-publish","format-standard","hentry","category-g1","tag-g1","tag-policial","tag-rodape-01"],"author_meta":{"display_name":"Reda\u00e7\u00e3o","author_link":"https:\/\/sindaopcpb.org.br\/author\/redacao\/"},"featured_img":null,"coauthors":[],"tax_additional":{"categories":{"linked":["<a href=\"https:\/\/sindaopcpb.org.br\/g1\/\" class=\"advgb-post-tax-term\">G1<\/a>"],"unlinked":["<span class=\"advgb-post-tax-term\">G1<\/span>"]},"tags":{"linked":["<a href=\"https:\/\/sindaopcpb.org.br\/g1\/\" class=\"advgb-post-tax-term\">g1<\/a>","<a href=\"https:\/\/sindaopcpb.org.br\/g1\/\" class=\"advgb-post-tax-term\">Policial<\/a>","<a href=\"https:\/\/sindaopcpb.org.br\/g1\/\" class=\"advgb-post-tax-term\">Rodape 01<\/a>"],"unlinked":["<span class=\"advgb-post-tax-term\">g1<\/span>","<span class=\"advgb-post-tax-term\">Policial<\/span>","<span class=\"advgb-post-tax-term\">Rodape 01<\/span>"]}},"comment_count":"0","relative_dates":{"created":"Publicado 2 anos atr\u00e1s","modified":"Atualizado 2 anos atr\u00e1s"},"absolute_dates":{"created":"Publicado em 12 de julho de 2024","modified":"Atualizado em 12 de julho de 2024"},"absolute_dates_time":{"created":"Publicado em 12 de julho de 2024 06:27","modified":"Atualizado em 12 de julho de 2024 09:27"},"featured_img_caption":"","series_order":"","_links":{"self":[{"href":"https:\/\/sindaopcpb.org.br\/index.php\/wp-json\/wp\/v2\/posts\/48990","targetHints":{"allow":["GET"]}}],"collection":[{"href":"https:\/\/sindaopcpb.org.br\/index.php\/wp-json\/wp\/v2\/posts"}],"about":[{"href":"https:\/\/sindaopcpb.org.br\/index.php\/wp-json\/wp\/v2\/types\/post"}],"author":[{"embeddable":true,"href":"https:\/\/sindaopcpb.org.br\/index.php\/wp-json\/wp\/v2\/users\/123457"}],"replies":[{"embeddable":true,"href":"https:\/\/sindaopcpb.org.br\/index.php\/wp-json\/wp\/v2\/comments?post=48990"}],"version-history":[{"count":4,"href":"https:\/\/sindaopcpb.org.br\/index.php\/wp-json\/wp\/v2\/posts\/48990\/revisions"}],"predecessor-version":[{"id":49003,"href":"https:\/\/sindaopcpb.org.br\/index.php\/wp-json\/wp\/v2\/posts\/48990\/revisions\/49003"}],"wp:attachment":[{"href":"https:\/\/sindaopcpb.org.br\/index.php\/wp-json\/wp\/v2\/media?parent=48990"}],"wp:term":[{"taxonomy":"category","embeddable":true,"href":"https:\/\/sindaopcpb.org.br\/index.php\/wp-json\/wp\/v2\/categories?post=48990"},{"taxonomy":"post_tag","embeddable":true,"href":"https:\/\/sindaopcpb.org.br\/index.php\/wp-json\/wp\/v2\/tags?post=48990"}],"curies":[{"name":"wp","href":"https:\/\/api.w.org\/{rel}","templated":true}]}}