{"id":48982,"date":"2024-07-11T17:02:58","date_gmt":"2024-07-11T20:02:58","guid":{"rendered":"https:\/\/www.pbagora.com.br\/?p=843983"},"modified":"2024-07-11T17:02:58","modified_gmt":"2024-07-11T20:02:58","slug":"apenado-que-cumpria-servico-comunitario-e-preso-com-arma-e-drogas-durante-reforco-policial-em-bayeux","status":"publish","type":"post","link":"https:\/\/sindaopcpb.org.br\/index.php\/2024\/07\/11\/apenado-que-cumpria-servico-comunitario-e-preso-com-arma-e-drogas-durante-reforco-policial-em-bayeux\/","title":{"rendered":"Apenado que cumpria servi\u00e7o comunit\u00e1rio \u00e9 preso com arma e drogas, durante refor\u00e7o policial em Bayeux"},"content":{"rendered":"<p><img width=\"1024\" height=\"461\" src=\"https:\/\/pbagora.s3.amazonaws.com\/2024\/07\/11124934\/reincidencia1-1024x461.jpeg\" class=\"attachment-large size-large wp-post-image\" alt=\"\" style=\"margin-bottom: 20px;\" decoding=\"async\" srcset=\"https:\/\/pbagora.s3.amazonaws.com\/2024\/07\/11124934\/reincidencia1-1024x461.jpeg 1024w, https:\/\/pbagora.s3.amazonaws.com\/2024\/07\/11124934\/reincidencia1-300x135.jpeg 300w, https:\/\/pbagora.s3.amazonaws.com\/2024\/07\/11124934\/reincidencia1-150x68.jpeg 150w, https:\/\/pbagora.s3.amazonaws.com\/2024\/07\/11124934\/reincidencia1-768x346.jpeg 768w, https:\/\/pbagora.s3.amazonaws.com\/2024\/07\/11124934\/reincidencia1-1536x691.jpeg 1536w, https:\/\/pbagora.s3.amazonaws.com\/2024\/07\/11124934\/reincidencia1-380x171.jpeg 380w, https:\/\/pbagora.s3.amazonaws.com\/2024\/07\/11124934\/reincidencia1-800x360.jpeg 800w, https:\/\/pbagora.s3.amazonaws.com\/2024\/07\/11124934\/reincidencia1-1160x522.jpeg 1160w, https:\/\/pbagora.s3.amazonaws.com\/2024\/07\/11124934\/reincidencia1-80x36.jpeg 80w, https:\/\/pbagora.s3.amazonaws.com\/2024\/07\/11124934\/reincidencia1-760x342.jpeg 760w, https:\/\/pbagora.s3.amazonaws.com\/2024\/07\/11124934\/reincidencia1-600x270.jpeg 600w, https:\/\/pbagora.s3.amazonaws.com\/2024\/07\/11124934\/reincidencia1.jpeg 1600w\" sizes=\"(max-width: 1024px) 100vw, 1024px\" \/><\/p><p>Um apenado que cumpria servi\u00e7o comunit\u00e1rio foi localizado e preso durante refor\u00e7o policial na noite da \u00faltima quarta-feira (10), no munic\u00edpio de Bayeux, na grande Jo\u00e3o Pessoa. A a\u00e7\u00e3o foi realizada pela Pol\u00edcia Militar atrav\u00e9s do Regimento de Opera\u00e7\u00f5es T\u00e1ticas com Apoio de Motocicletas (Rotam).<\/p>\n<p>De acordo com os policiais, o apenado foi localizado no bairro M\u00e1rio Andreazza, estava com por\u00e7\u00f5es de subst\u00e2ncia an\u00e1loga a maconha e crack, al\u00e9m de um rev\u00f3lver com mira a laser. A a\u00e7\u00e3o da PM frustrou novos crimes, e conduziu o acusado para a 6\u00aa Delegacia Distrital.<\/p>\n<p>Ainda na mesma noite, no bairro do Centro, um foragido da Justi\u00e7a tamb\u00e9m foi localizado e preso. Ele estava com mandado de pris\u00e3o em aberto. As a\u00e7\u00f5es desta \u00faltima quarta foram coordenadas pelo pr\u00f3prio comandante-geral da PM, o coronel S\u00e9rgio Fonseca. O refor\u00e7o continua.<\/p>\n<p><em><strong>PB Agora<\/strong><\/em><\/p>\n","protected":false},"excerpt":{"rendered":"<p><img loading=\"lazy\" decoding=\"async\" width=\"1024\" height=\"461\" src=\"https:\/\/pbagora.s3.amazonaws.com\/2024\/07\/11124934\/reincidencia1-1024x461.jpeg\" class=\"attachment-large size-large wp-post-image\" alt=\"\"><\/p>\n<p>Um apenado que cumpria servi\u00e7o comunit\u00e1rio foi localizado e preso durante refor\u00e7o policial na noite da \u00faltima quarta-feira\u2026<\/p>\n","protected":false},"author":123457,"featured_media":0,"comment_status":"closed","ping_status":"closed","sticky":false,"template":"","format":"standard","meta":{"advgb_blocks_editor_width":"","advgb_blocks_columns_visual_guide":"","footnotes":""},"categories":[34],"tags":[10841,35,10839],"class_list":["post-48982","post","type-post","status-publish","format-standard","hentry","category-g1","tag-destaque-centro-02","tag-g1","tag-policial"],"author_meta":{"display_name":"Reda\u00e7\u00e3o","author_link":"https:\/\/sindaopcpb.org.br\/author\/redacao\/"},"featured_img":null,"coauthors":[],"tax_additional":{"categories":{"linked":["<a href=\"https:\/\/sindaopcpb.org.br\/g1\/\" class=\"advgb-post-tax-term\">G1<\/a>"],"unlinked":["<span class=\"advgb-post-tax-term\">G1<\/span>"]},"tags":{"linked":["<a href=\"https:\/\/sindaopcpb.org.br\/g1\/\" class=\"advgb-post-tax-term\">Destaque Centro 02<\/a>","<a href=\"https:\/\/sindaopcpb.org.br\/g1\/\" class=\"advgb-post-tax-term\">g1<\/a>","<a href=\"https:\/\/sindaopcpb.org.br\/g1\/\" class=\"advgb-post-tax-term\">Policial<\/a>"],"unlinked":["<span class=\"advgb-post-tax-term\">Destaque Centro 02<\/span>","<span class=\"advgb-post-tax-term\">g1<\/span>","<span class=\"advgb-post-tax-term\">Policial<\/span>"]}},"comment_count":"0","relative_dates":{"created":"Publicado 2 anos atr\u00e1s","modified":"Atualizado 2 anos atr\u00e1s"},"absolute_dates":{"created":"Publicado em 11 de julho de 2024","modified":"Atualizado em 11 de julho de 2024"},"absolute_dates_time":{"created":"Publicado em 11 de julho de 2024 17:02","modified":"Atualizado em 11 de julho de 2024 17:02"},"featured_img_caption":"","series_order":"","_links":{"self":[{"href":"https:\/\/sindaopcpb.org.br\/index.php\/wp-json\/wp\/v2\/posts\/48982","targetHints":{"allow":["GET"]}}],"collection":[{"href":"https:\/\/sindaopcpb.org.br\/index.php\/wp-json\/wp\/v2\/posts"}],"about":[{"href":"https:\/\/sindaopcpb.org.br\/index.php\/wp-json\/wp\/v2\/types\/post"}],"author":[{"embeddable":true,"href":"https:\/\/sindaopcpb.org.br\/index.php\/wp-json\/wp\/v2\/users\/123457"}],"replies":[{"embeddable":true,"href":"https:\/\/sindaopcpb.org.br\/index.php\/wp-json\/wp\/v2\/comments?post=48982"}],"version-history":[{"count":2,"href":"https:\/\/sindaopcpb.org.br\/index.php\/wp-json\/wp\/v2\/posts\/48982\/revisions"}],"predecessor-version":[{"id":48988,"href":"https:\/\/sindaopcpb.org.br\/index.php\/wp-json\/wp\/v2\/posts\/48982\/revisions\/48988"}],"wp:attachment":[{"href":"https:\/\/sindaopcpb.org.br\/index.php\/wp-json\/wp\/v2\/media?parent=48982"}],"wp:term":[{"taxonomy":"category","embeddable":true,"href":"https:\/\/sindaopcpb.org.br\/index.php\/wp-json\/wp\/v2\/categories?post=48982"},{"taxonomy":"post_tag","embeddable":true,"href":"https:\/\/sindaopcpb.org.br\/index.php\/wp-json\/wp\/v2\/tags?post=48982"}],"curies":[{"name":"wp","href":"https:\/\/api.w.org\/{rel}","templated":true}]}}