{"id":48979,"date":"2024-07-11T14:55:22","date_gmt":"2024-07-11T17:55:22","guid":{"rendered":"https:\/\/www.pbagora.com.br\/?p=844016"},"modified":"2024-07-11T14:55:22","modified_gmt":"2024-07-11T17:55:22","slug":"policia-civil-prende-homem-condenado-por-roubos-em-transportes-coletivos-de-joao-pessoa","status":"publish","type":"post","link":"https:\/\/sindaopcpb.org.br\/index.php\/2024\/07\/11\/policia-civil-prende-homem-condenado-por-roubos-em-transportes-coletivos-de-joao-pessoa\/","title":{"rendered":"Pol\u00edcia Civil prende homem condenado por roubos em transportes coletivos de Jo\u00e3o Pessoa"},"content":{"rendered":"<p><img width=\"1024\" height=\"694\" src=\"https:\/\/pbagora.s3.amazonaws.com\/2024\/04\/12183006\/JOAO-PESSOA-ONIBUS-NOVOS-1024x694.jpeg\" class=\"attachment-large size-large wp-post-image\" alt=\"\" style=\"margin-bottom: 20px;\" decoding=\"async\" loading=\"lazy\" srcset=\"https:\/\/pbagora.s3.amazonaws.com\/2024\/04\/12183006\/JOAO-PESSOA-ONIBUS-NOVOS-1024x694.jpeg 1024w, https:\/\/pbagora.s3.amazonaws.com\/2024\/04\/12183006\/JOAO-PESSOA-ONIBUS-NOVOS-300x203.jpeg 300w, https:\/\/pbagora.s3.amazonaws.com\/2024\/04\/12183006\/JOAO-PESSOA-ONIBUS-NOVOS-150x102.jpeg 150w, https:\/\/pbagora.s3.amazonaws.com\/2024\/04\/12183006\/JOAO-PESSOA-ONIBUS-NOVOS-768x521.jpeg 768w, https:\/\/pbagora.s3.amazonaws.com\/2024\/04\/12183006\/JOAO-PESSOA-ONIBUS-NOVOS-380x258.jpeg 380w, https:\/\/pbagora.s3.amazonaws.com\/2024\/04\/12183006\/JOAO-PESSOA-ONIBUS-NOVOS-800x543.jpeg 800w, https:\/\/pbagora.s3.amazonaws.com\/2024\/04\/12183006\/JOAO-PESSOA-ONIBUS-NOVOS-1160x787.jpeg 1160w, https:\/\/pbagora.s3.amazonaws.com\/2024\/04\/12183006\/JOAO-PESSOA-ONIBUS-NOVOS-80x54.jpeg 80w, https:\/\/pbagora.s3.amazonaws.com\/2024\/04\/12183006\/JOAO-PESSOA-ONIBUS-NOVOS-760x515.jpeg 760w, https:\/\/pbagora.s3.amazonaws.com\/2024\/04\/12183006\/JOAO-PESSOA-ONIBUS-NOVOS-600x407.jpeg 600w, https:\/\/pbagora.s3.amazonaws.com\/2024\/04\/12183006\/JOAO-PESSOA-ONIBUS-NOVOS.jpeg 1280w\" sizes=\"(max-width: 1024px) 100vw, 1024px\" \/><\/p><p>A Pol\u00edcia Civil da Para\u00edba prendeu um homem de 47 anos condenado por uma s\u00e9rie de roubos em transportes coletivos de Jo\u00e3o Pessoa. A pris\u00e3o ocorreu na quarta-feira, 10 de julho, durante uma opera\u00e7\u00e3o da Delegacia de Crimes contra o Patrim\u00f4nio (DCCPAT), com o apoio da For\u00e7a Integrada de Combate ao Crime Organizado (FICOO).<\/p>\n<p>O homem, cuja identidade n\u00e3o foi revelada, tinha um mandado de pris\u00e3o em aberto pelos crimes de roubo cometidos entre 2010 e 2011. Ele foi localizado e detido no bairro Jardim Veneza.<\/p>\n<p>A pris\u00e3o j\u00e1 foi comunicada \u00e0 Justi\u00e7a, e o detido ser\u00e1 encaminhado para o sistema prisional para cumprir sua senten\u00e7a.<\/p>\n","protected":false},"excerpt":{"rendered":"<p><img loading=\"lazy\" decoding=\"async\" width=\"1024\" height=\"694\" src=\"https:\/\/pbagora.s3.amazonaws.com\/2024\/04\/12183006\/JOAO-PESSOA-ONIBUS-NOVOS-1024x694.jpeg\" class=\"attachment-large size-large wp-post-image\" alt=\"\"><\/p>\n<p>A Pol\u00edcia Civil da Para\u00edba prendeu um homem de 47 anos condenado por uma s\u00e9rie de roubos em\u2026<\/p>\n","protected":false},"author":123458,"featured_media":0,"comment_status":"closed","ping_status":"closed","sticky":false,"template":"","format":"standard","meta":{"advgb_blocks_editor_width":"","advgb_blocks_columns_visual_guide":"","footnotes":""},"categories":[34],"tags":[10841,35,10839],"class_list":["post-48979","post","type-post","status-publish","format-standard","hentry","category-g1","tag-destaque-centro-02","tag-g1","tag-policial"],"author_meta":{"display_name":"Feliphe Rojas","author_link":"https:\/\/sindaopcpb.org.br\/author\/feliphe-rojas\/"},"featured_img":null,"coauthors":[],"tax_additional":{"categories":{"linked":["<a href=\"https:\/\/sindaopcpb.org.br\/g1\/\" class=\"advgb-post-tax-term\">G1<\/a>"],"unlinked":["<span class=\"advgb-post-tax-term\">G1<\/span>"]},"tags":{"linked":["<a href=\"https:\/\/sindaopcpb.org.br\/g1\/\" class=\"advgb-post-tax-term\">Destaque Centro 02<\/a>","<a href=\"https:\/\/sindaopcpb.org.br\/g1\/\" class=\"advgb-post-tax-term\">g1<\/a>","<a href=\"https:\/\/sindaopcpb.org.br\/g1\/\" class=\"advgb-post-tax-term\">Policial<\/a>"],"unlinked":["<span class=\"advgb-post-tax-term\">Destaque Centro 02<\/span>","<span class=\"advgb-post-tax-term\">g1<\/span>","<span class=\"advgb-post-tax-term\">Policial<\/span>"]}},"comment_count":"0","relative_dates":{"created":"Publicado 2 anos atr\u00e1s","modified":"Atualizado 2 anos atr\u00e1s"},"absolute_dates":{"created":"Publicado em 11 de julho de 2024","modified":"Atualizado em 11 de julho de 2024"},"absolute_dates_time":{"created":"Publicado em 11 de julho de 2024 14:55","modified":"Atualizado em 11 de julho de 2024 14:55"},"featured_img_caption":"","series_order":"","_links":{"self":[{"href":"https:\/\/sindaopcpb.org.br\/index.php\/wp-json\/wp\/v2\/posts\/48979","targetHints":{"allow":["GET"]}}],"collection":[{"href":"https:\/\/sindaopcpb.org.br\/index.php\/wp-json\/wp\/v2\/posts"}],"about":[{"href":"https:\/\/sindaopcpb.org.br\/index.php\/wp-json\/wp\/v2\/types\/post"}],"author":[{"embeddable":true,"href":"https:\/\/sindaopcpb.org.br\/index.php\/wp-json\/wp\/v2\/users\/123458"}],"replies":[{"embeddable":true,"href":"https:\/\/sindaopcpb.org.br\/index.php\/wp-json\/wp\/v2\/comments?post=48979"}],"version-history":[{"count":2,"href":"https:\/\/sindaopcpb.org.br\/index.php\/wp-json\/wp\/v2\/posts\/48979\/revisions"}],"predecessor-version":[{"id":48985,"href":"https:\/\/sindaopcpb.org.br\/index.php\/wp-json\/wp\/v2\/posts\/48979\/revisions\/48985"}],"wp:attachment":[{"href":"https:\/\/sindaopcpb.org.br\/index.php\/wp-json\/wp\/v2\/media?parent=48979"}],"wp:term":[{"taxonomy":"category","embeddable":true,"href":"https:\/\/sindaopcpb.org.br\/index.php\/wp-json\/wp\/v2\/categories?post=48979"},{"taxonomy":"post_tag","embeddable":true,"href":"https:\/\/sindaopcpb.org.br\/index.php\/wp-json\/wp\/v2\/tags?post=48979"}],"curies":[{"name":"wp","href":"https:\/\/api.w.org\/{rel}","templated":true}]}}