{"id":48971,"date":"2024-07-11T11:21:18","date_gmt":"2024-07-11T14:21:18","guid":{"rendered":"https:\/\/www.pbagora.com.br\/?p=843959"},"modified":"2024-07-11T11:21:18","modified_gmt":"2024-07-11T14:21:18","slug":"acidente-entre-carreta-carregada-de-cimento-e-caminhao-bloqueia-trecho-da-br-101-sentido-pb-pe","status":"publish","type":"post","link":"https:\/\/sindaopcpb.org.br\/index.php\/2024\/07\/11\/acidente-entre-carreta-carregada-de-cimento-e-caminhao-bloqueia-trecho-da-br-101-sentido-pb-pe\/","title":{"rendered":"Acidente entre carreta carregada de cimento e caminh\u00e3o bloqueia trecho da BR-101 sentido PB-PE"},"content":{"rendered":"<p><img width=\"1024\" height=\"576\" src=\"https:\/\/pbagora.s3.amazonaws.com\/2024\/07\/11111424\/c649d3af-dd89-4153-8dbd-8780d943e1d2-1024x576.jpg\" class=\"attachment-large size-large wp-post-image\" alt=\"\" style=\"margin-bottom: 20px;\" decoding=\"async\" loading=\"lazy\" srcset=\"https:\/\/pbagora.s3.amazonaws.com\/2024\/07\/11111424\/c649d3af-dd89-4153-8dbd-8780d943e1d2-1024x576.jpg 1024w, https:\/\/pbagora.s3.amazonaws.com\/2024\/07\/11111424\/c649d3af-dd89-4153-8dbd-8780d943e1d2-300x169.jpg 300w, https:\/\/pbagora.s3.amazonaws.com\/2024\/07\/11111424\/c649d3af-dd89-4153-8dbd-8780d943e1d2-150x84.jpg 150w, https:\/\/pbagora.s3.amazonaws.com\/2024\/07\/11111424\/c649d3af-dd89-4153-8dbd-8780d943e1d2-768x432.jpg 768w, https:\/\/pbagora.s3.amazonaws.com\/2024\/07\/11111424\/c649d3af-dd89-4153-8dbd-8780d943e1d2-1536x864.jpg 1536w, https:\/\/pbagora.s3.amazonaws.com\/2024\/07\/11111424\/c649d3af-dd89-4153-8dbd-8780d943e1d2-380x214.jpg 380w, https:\/\/pbagora.s3.amazonaws.com\/2024\/07\/11111424\/c649d3af-dd89-4153-8dbd-8780d943e1d2-800x450.jpg 800w, https:\/\/pbagora.s3.amazonaws.com\/2024\/07\/11111424\/c649d3af-dd89-4153-8dbd-8780d943e1d2-1160x652.jpg 1160w, https:\/\/pbagora.s3.amazonaws.com\/2024\/07\/11111424\/c649d3af-dd89-4153-8dbd-8780d943e1d2-80x46.jpg 80w, https:\/\/pbagora.s3.amazonaws.com\/2024\/07\/11111424\/c649d3af-dd89-4153-8dbd-8780d943e1d2-760x427.jpg 760w, https:\/\/pbagora.s3.amazonaws.com\/2024\/07\/11111424\/c649d3af-dd89-4153-8dbd-8780d943e1d2-600x337.jpg 600w, https:\/\/pbagora.s3.amazonaws.com\/2024\/07\/11111424\/c649d3af-dd89-4153-8dbd-8780d943e1d2.jpg 1599w\" sizes=\"(max-width: 1024px) 100vw, 1024px\" \/><\/p><p>A Pol\u00edcia Rodovi\u00e1ria Federal da Para\u00edba (PRF-PB) emitiu um alerta para os motoristas que est\u00e3o seguindo em dire\u00e7\u00e3o a Recife devido a um acidente ocorrido no km 2 da BR-101, no trecho de Pernambuco, antes de Goiana. Uma carreta carregada de cimento e um segundo caminh\u00e3o acabaram colidindo e bloqueando a via. Equipes da PRF j\u00e1 est\u00e3o no local trabalhando na ocorr\u00eancia, mas ainda n\u00e3o h\u00e1 previs\u00e3o de libera\u00e7\u00e3o total da rodovia.<\/p>\n<p>Os condutores devem estar atentos, pois o tr\u00e2nsito est\u00e1 interrompido no trecho. Para ve\u00edculos pequenos, h\u00e1 um desvio dispon\u00edvel atrav\u00e9s de um retorno na Usina Maravilha. No entanto, esse desvio n\u00e3o \u00e9 adequado para ve\u00edculos maiores, que devem esperar a libera\u00e7\u00e3o da rodovia ou procurar rotas alternativas.<\/p>\n<p>A PRF-PB recomenda que os motoristas redobrem a aten\u00e7\u00e3o e sigam as orienta\u00e7\u00f5es das autoridades para evitar congestionamentos e garantir a seguran\u00e7a de todos.<\/p>\n<p>Ainda n\u00e3o h\u00e1 informa\u00e7\u00f5es sobre o que teria causado o acidente.<\/p>\n<p><strong>PB Agora<\/strong><\/p>\n","protected":false},"excerpt":{"rendered":"<p><img loading=\"lazy\" decoding=\"async\" width=\"1024\" height=\"576\" src=\"https:\/\/pbagora.s3.amazonaws.com\/2024\/07\/11111424\/c649d3af-dd89-4153-8dbd-8780d943e1d2-1024x576.jpg\" class=\"attachment-large size-large wp-post-image\" alt=\"\"><\/p>\n<p>A Pol\u00edcia Rodovi\u00e1ria Federal da Para\u00edba (PRF-PB) emitiu um alerta para os motoristas que est\u00e3o seguindo em dire\u00e7\u00e3o\u2026<\/p>\n","protected":false},"author":123457,"featured_media":0,"comment_status":"closed","ping_status":"closed","sticky":false,"template":"","format":"standard","meta":{"advgb_blocks_editor_width":"","advgb_blocks_columns_visual_guide":"","footnotes":""},"categories":[34],"tags":[35,10839,10844],"class_list":["post-48971","post","type-post","status-publish","format-standard","hentry","category-g1","tag-g1","tag-policial","tag-principal2"],"author_meta":{"display_name":"Reda\u00e7\u00e3o","author_link":"https:\/\/sindaopcpb.org.br\/author\/redacao\/"},"featured_img":null,"coauthors":[],"tax_additional":{"categories":{"linked":["<a href=\"https:\/\/sindaopcpb.org.br\/g1\/\" class=\"advgb-post-tax-term\">G1<\/a>"],"unlinked":["<span class=\"advgb-post-tax-term\">G1<\/span>"]},"tags":{"linked":["<a href=\"https:\/\/sindaopcpb.org.br\/g1\/\" class=\"advgb-post-tax-term\">g1<\/a>","<a href=\"https:\/\/sindaopcpb.org.br\/g1\/\" class=\"advgb-post-tax-term\">Policial<\/a>","<a href=\"https:\/\/sindaopcpb.org.br\/g1\/\" class=\"advgb-post-tax-term\">Principal2<\/a>"],"unlinked":["<span class=\"advgb-post-tax-term\">g1<\/span>","<span class=\"advgb-post-tax-term\">Policial<\/span>","<span class=\"advgb-post-tax-term\">Principal2<\/span>"]}},"comment_count":"0","relative_dates":{"created":"Publicado 2 anos atr\u00e1s","modified":"Atualizado 2 anos atr\u00e1s"},"absolute_dates":{"created":"Publicado em 11 de julho de 2024","modified":"Atualizado em 11 de julho de 2024"},"absolute_dates_time":{"created":"Publicado em 11 de julho de 2024 11:21","modified":"Atualizado em 11 de julho de 2024 11:21"},"featured_img_caption":"","series_order":"","_links":{"self":[{"href":"https:\/\/sindaopcpb.org.br\/index.php\/wp-json\/wp\/v2\/posts\/48971","targetHints":{"allow":["GET"]}}],"collection":[{"href":"https:\/\/sindaopcpb.org.br\/index.php\/wp-json\/wp\/v2\/posts"}],"about":[{"href":"https:\/\/sindaopcpb.org.br\/index.php\/wp-json\/wp\/v2\/types\/post"}],"author":[{"embeddable":true,"href":"https:\/\/sindaopcpb.org.br\/index.php\/wp-json\/wp\/v2\/users\/123457"}],"replies":[{"embeddable":true,"href":"https:\/\/sindaopcpb.org.br\/index.php\/wp-json\/wp\/v2\/comments?post=48971"}],"version-history":[{"count":2,"href":"https:\/\/sindaopcpb.org.br\/index.php\/wp-json\/wp\/v2\/posts\/48971\/revisions"}],"predecessor-version":[{"id":48976,"href":"https:\/\/sindaopcpb.org.br\/index.php\/wp-json\/wp\/v2\/posts\/48971\/revisions\/48976"}],"wp:attachment":[{"href":"https:\/\/sindaopcpb.org.br\/index.php\/wp-json\/wp\/v2\/media?parent=48971"}],"wp:term":[{"taxonomy":"category","embeddable":true,"href":"https:\/\/sindaopcpb.org.br\/index.php\/wp-json\/wp\/v2\/categories?post=48971"},{"taxonomy":"post_tag","embeddable":true,"href":"https:\/\/sindaopcpb.org.br\/index.php\/wp-json\/wp\/v2\/tags?post=48971"}],"curies":[{"name":"wp","href":"https:\/\/api.w.org\/{rel}","templated":true}]}}