{"id":48959,"date":"2024-07-11T06:23:08","date_gmt":"2024-07-11T09:23:08","guid":{"rendered":"https:\/\/www.pbagora.com.br\/?p=843864"},"modified":"2024-07-11T09:00:08","modified_gmt":"2024-07-11T12:00:08","slug":"operacao-amplia-acoes-policiais-em-bayeux-e-resulta-num-aumento-de-50-em-apreensoes-de-armas","status":"publish","type":"post","link":"https:\/\/sindaopcpb.org.br\/index.php\/2024\/07\/11\/operacao-amplia-acoes-policiais-em-bayeux-e-resulta-num-aumento-de-50-em-apreensoes-de-armas\/","title":{"rendered":"Opera\u00e7\u00e3o amplia a\u00e7\u00f5es policiais em Bayeux e resulta num aumento de 50% em apreens\u00f5es de armas"},"content":{"rendered":"<p><img width=\"646\" height=\"402\" src=\"https:\/\/pbagora.s3.amazonaws.com\/2023\/10\/28084530\/csm_forca_tatica_pm_137dc2aa8c.jpeg\" class=\"attachment-large size-large wp-post-image\" alt=\"\" style=\"margin-bottom: 20px;\" decoding=\"async\" loading=\"lazy\" srcset=\"https:\/\/pbagora.s3.amazonaws.com\/2023\/10\/28084530\/csm_forca_tatica_pm_137dc2aa8c.jpeg 646w, https:\/\/pbagora.s3.amazonaws.com\/2023\/10\/28084530\/csm_forca_tatica_pm_137dc2aa8c-300x187.jpeg 300w, https:\/\/pbagora.s3.amazonaws.com\/2023\/10\/28084530\/csm_forca_tatica_pm_137dc2aa8c-150x93.jpeg 150w, https:\/\/pbagora.s3.amazonaws.com\/2023\/10\/28084530\/csm_forca_tatica_pm_137dc2aa8c-380x236.jpeg 380w, https:\/\/pbagora.s3.amazonaws.com\/2023\/10\/28084530\/csm_forca_tatica_pm_137dc2aa8c-80x50.jpeg 80w, https:\/\/pbagora.s3.amazonaws.com\/2023\/10\/28084530\/csm_forca_tatica_pm_137dc2aa8c-600x373.jpeg 600w\" sizes=\"(max-width: 646px) 100vw, 646px\" \/><\/p><p>A \u2018Opera\u00e7\u00e3o Cidade Segura\u2019, realizada na noite de ontem (10), em Bayeux que uniu a Pol\u00edcia Militar e a Pol\u00edcia Civil, numa a\u00e7\u00e3o que teve como objetivo coibir a criminalidade e refor\u00e7ar a presen\u00e7a policial na cidade, especialmente no bairro Mutir\u00e3o M\u00e1rio Andreazza.<\/p>\n<p>A opera\u00e7\u00e3o teve a participa\u00e7\u00e3o de unidades do Batalh\u00e3o de Choque, da 4\u00aa Companhia Independente da Pol\u00edcia Militar (CIPM) e da For\u00e7a T\u00e1tica Regional. De acordo com o o coronel S\u00e9rgio Fonseca, comandante-geral da PM na Para\u00edba, a opera\u00e7\u00e3o visou aumentar a sensa\u00e7\u00e3o de seguran\u00e7a e reduzir a criminalidade na regi\u00e3o. Ele enfatizou o trabalho intenso da pol\u00edcia, mencionando um aumento de 50% nas apreens\u00f5es de armas de fogo em compara\u00e7\u00e3o ao ano anterior. Ele tamb\u00e9m destacou que a cidade de Bayeux j\u00e1 estava h\u00e1 26 dias sem registrar crimes violentos, mas reconheceu que o trabalho precisa continuar para manter a paz na cidade.<\/p>\n<p>Durante a opera\u00e7\u00e3o, o major Sena, comandante da 4\u00aa CIPM, explicou que a pol\u00edcia realiza um mapeamento constante das \u00e1reas mais problem\u00e1ticas, identificadas como &#8220;\u00e1reas vermelhas&#8221;, e atua preventivamente com patrulhamento 24 horas. O major refor\u00e7ou a import\u00e2ncia da confian\u00e7a da popula\u00e7\u00e3o no trabalho policial e o compromisso das for\u00e7as de seguran\u00e7a em proteger os cidad\u00e3os de bem.<\/p>\n<p>O coronel S\u00e9rgio tamb\u00e9m alertou sobre o perigo do envolvimento com fac\u00e7\u00f5es criminosas, especialmente para os jovens, e destacou que a Pol\u00edcia Civil j\u00e1 identificou e prendeu um dos suspeitos envolvidos em um recente homic\u00eddio na cidade. Outros criminosos est\u00e3o sendo procurados, e a pol\u00edcia est\u00e1 empenhada em prender todos os envolvidos.<\/p>\n<p>A opera\u00e7\u00e3o continua sem previs\u00e3o de t\u00e9rmino, com diversas viaturas e equipes policiais mobilizadas em toda a cidade de Bayeux. O coronel Tem\u00f3teo, comandante do 1\u00ba Batalh\u00e3o de Pol\u00edcia Militar, elogiou o esfor\u00e7o conjunto das for\u00e7as de seguran\u00e7a e reafirmou o compromisso de manter a ordem e garantir a seguran\u00e7a da popula\u00e7\u00e3o.<\/p>\n<p>Reda\u00e7\u00e3o<\/p>\n","protected":false},"excerpt":{"rendered":"<p><img loading=\"lazy\" decoding=\"async\" width=\"646\" height=\"402\" src=\"https:\/\/pbagora.s3.amazonaws.com\/2023\/10\/28084530\/csm_forca_tatica_pm_137dc2aa8c.jpeg\" class=\"attachment-large size-large wp-post-image\" alt=\"\"><\/p>\n<p>A \u2018Opera\u00e7\u00e3o Cidade Segura\u2019, realizada na noite de ontem (10), em Bayeux que uniu a Pol\u00edcia Militar e\u2026<\/p>\n","protected":false},"author":123457,"featured_media":0,"comment_status":"closed","ping_status":"closed","sticky":false,"template":"","format":"standard","meta":{"advgb_blocks_editor_width":"","advgb_blocks_columns_visual_guide":"","footnotes":""},"categories":[34],"tags":[35,10839,10848],"class_list":["post-48959","post","type-post","status-publish","format-standard","hentry","category-g1","tag-g1","tag-policial","tag-rodape-01"],"author_meta":{"display_name":"Reda\u00e7\u00e3o","author_link":"https:\/\/sindaopcpb.org.br\/author\/redacao\/"},"featured_img":null,"coauthors":[],"tax_additional":{"categories":{"linked":["<a href=\"https:\/\/sindaopcpb.org.br\/g1\/\" class=\"advgb-post-tax-term\">G1<\/a>"],"unlinked":["<span class=\"advgb-post-tax-term\">G1<\/span>"]},"tags":{"linked":["<a href=\"https:\/\/sindaopcpb.org.br\/g1\/\" class=\"advgb-post-tax-term\">g1<\/a>","<a href=\"https:\/\/sindaopcpb.org.br\/g1\/\" class=\"advgb-post-tax-term\">Policial<\/a>","<a href=\"https:\/\/sindaopcpb.org.br\/g1\/\" class=\"advgb-post-tax-term\">Rodape 01<\/a>"],"unlinked":["<span class=\"advgb-post-tax-term\">g1<\/span>","<span class=\"advgb-post-tax-term\">Policial<\/span>","<span class=\"advgb-post-tax-term\">Rodape 01<\/span>"]}},"comment_count":"0","relative_dates":{"created":"Publicado 2 anos atr\u00e1s","modified":"Atualizado 2 anos atr\u00e1s"},"absolute_dates":{"created":"Publicado em 11 de julho de 2024","modified":"Atualizado em 11 de julho de 2024"},"absolute_dates_time":{"created":"Publicado em 11 de julho de 2024 06:23","modified":"Atualizado em 11 de julho de 2024 09:00"},"featured_img_caption":"","series_order":"","_links":{"self":[{"href":"https:\/\/sindaopcpb.org.br\/index.php\/wp-json\/wp\/v2\/posts\/48959","targetHints":{"allow":["GET"]}}],"collection":[{"href":"https:\/\/sindaopcpb.org.br\/index.php\/wp-json\/wp\/v2\/posts"}],"about":[{"href":"https:\/\/sindaopcpb.org.br\/index.php\/wp-json\/wp\/v2\/types\/post"}],"author":[{"embeddable":true,"href":"https:\/\/sindaopcpb.org.br\/index.php\/wp-json\/wp\/v2\/users\/123457"}],"replies":[{"embeddable":true,"href":"https:\/\/sindaopcpb.org.br\/index.php\/wp-json\/wp\/v2\/comments?post=48959"}],"version-history":[{"count":4,"href":"https:\/\/sindaopcpb.org.br\/index.php\/wp-json\/wp\/v2\/posts\/48959\/revisions"}],"predecessor-version":[{"id":48974,"href":"https:\/\/sindaopcpb.org.br\/index.php\/wp-json\/wp\/v2\/posts\/48959\/revisions\/48974"}],"wp:attachment":[{"href":"https:\/\/sindaopcpb.org.br\/index.php\/wp-json\/wp\/v2\/media?parent=48959"}],"wp:term":[{"taxonomy":"category","embeddable":true,"href":"https:\/\/sindaopcpb.org.br\/index.php\/wp-json\/wp\/v2\/categories?post=48959"},{"taxonomy":"post_tag","embeddable":true,"href":"https:\/\/sindaopcpb.org.br\/index.php\/wp-json\/wp\/v2\/tags?post=48959"}],"curies":[{"name":"wp","href":"https:\/\/api.w.org\/{rel}","templated":true}]}}