{"id":4895,"date":"2022-10-10T18:14:24","date_gmt":"2022-10-10T21:14:24","guid":{"rendered":"https:\/\/g1.globo.com\/pb\/paraiba\/noticia\/2022\/10\/10\/vacinacao-contra-covid-19-em-joao-pessoa-em-11-de-outubro-de-2022.ghtml"},"modified":"2022-10-10T18:14:24","modified_gmt":"2022-10-10T21:14:24","slug":"vacinacao-contra-covid-19-em-joao-pessoa-em-11-de-outubro-de-2022","status":"publish","type":"post","link":"https:\/\/sindaopcpb.org.br\/index.php\/2022\/10\/10\/vacinacao-contra-covid-19-em-joao-pessoa-em-11-de-outubro-de-2022\/","title":{"rendered":"Vacina\u00e7\u00e3o contra Covid-19 em Jo\u00e3o Pessoa em 11 de outubro de 2022"},"content":{"rendered":"   <img src=\"https:\/\/s2.glbimg.com\/i8bLnK3Sn7_jBYGKVstzZD0svNM=\/i.s3.glbimg.com\/v1\/AUTH_59edd422c0c84a879bd37670ae4f538a\/internal_photos\/bs\/2022\/r\/0\/EOaA2GTWGL5bmfkPSSSg\/092f9a5f-6a9b-43c4-83e6-2d9255fbf2c6.jpg\" \/><br \/>   Os imunizantes est\u00e3o dispon\u00edveis em salas de vacina, no Centro Municipal de Imuniza\u00e7\u00e3o (Torre), e no Shopping Mangabeira, das 8h \u00e0s 22h. Vacina contra Covid-19 em Jo\u00e3o Pessoa\nDivulga\u00e7\u00e3o\/Secom-JP\nO munic\u00edpio de Jo\u00e3o Pessoa continua vacinando contra Covid-19 todos os p\u00fablicos a partir dos 3 anos de idade sem necessidade de agendamento, nesta ter\u00e7a-feira (11). Os imunizantes est\u00e3o dispon\u00edveis em salas de vacina, no Centro Municipal de Imuniza\u00e7\u00e3o (Torre), e no Shopping Mangabeira, das 8h \u00e0s 22h. Confira o hor\u00e1rio de funcionamento de cada local abaixo.\nPodem receber as vacinas contra a Covid-19 o p\u00fablico a partir de tr\u00eas anos de idade (1\u00aa dose); al\u00e9m das segundas doses da Coronavac (28 dias ap\u00f3s a primeira), Pfizer (60 dias), Astrazeneca (90 dias) e Janssen. As vacinas Coronavac estar\u00e3o sendo ofertadas em 10 unidades de sa\u00fade de refer\u00eancia, para quem tem a necessidade de tomar a segunda dose.\nJ\u00e1 a terceira dose est\u00e1 dispon\u00edvel ao p\u00fablico 12+ (120 dias ap\u00f3s a segunda dose), aos imunossuprimidos (28 dias) e aos trabalhadores de sa\u00fade (120 dias). J\u00e1 a quarta dose \u00e9 voltada ao p\u00fablico a partir de 30 anos, que recebeu a terceira dose h\u00e1 pelo menos 120 dias.\nAs vacinas do calend\u00e1rio de rotina e de campanhas podem ser administradas nos locais de refer\u00eancias para imuniza\u00e7\u00e3o e est\u00e3o dispon\u00edveis nas policl\u00ednicas municipais, unidades de sa\u00fade da fam\u00edlia (USFs) e no Centro Municipal de Imuniza\u00e7\u00e3o (CMI). O Minist\u00e9rio da Sa\u00fade (MS) recomenda que as vacinas contra a Covid-19 podem ser administradas simultaneamente com os imunizantes do calend\u00e1rio vacinal ou em qualquer intervalo na faixa et\u00e1ria de tr\u00eas anos de idade ou mais.\nDocumentos necess\u00e1rios\nOs respons\u00e1veis pelas crian\u00e7as de 3 a 11 anos devem levar Cart\u00e3o SUS ou CPF, al\u00e9m de um comprovante de resid\u00eancia de Jo\u00e3o Pessoa. Crian\u00e7as com comorbidades ou alguma defici\u00eancia dever\u00e3o apresentar laudo ou declara\u00e7\u00e3o m\u00e9dica que comprove a doen\u00e7a. Para a segunda dose \u00e9 necess\u00e1rio apresentar o cart\u00e3o de vacina\u00e7\u00e3o e documento com foto.\nPara receber a primeira dose da vacina a partir dos 12 anos \u00e9 necess\u00e1rio apresentar documento oficial com foto, Cart\u00e3o SUS, CPF e comprovante de resid\u00eancia em Jo\u00e3o Pessoa. J\u00e1 para a D2, D3 e D4 \u00e9 obrigat\u00f3rio apresentar o cart\u00e3o de vacina\u00e7\u00e3o e um documento pessoal com foto, al\u00e9m de comprova\u00e7\u00e3o documental para trabalhadores de sa\u00fade e laudo m\u00e9dico para imunossuprimidos.\nLocais para tomar a 2\u00aa dose com o imunizante Coronavac nesta ter\u00e7a-feira (11):\nHor\u00e1rios: 8h \u00e0s 11h e das 12h \u00e0s 16h\nDistrito Sanit\u00e1rio I\nUSF Cruz das Armas I\nUSF Verde Vida\nDistrito Sanit\u00e1rio II\nUSF Mudan\u00e7a de Vida\nUSF Esta\u00e7\u00e3o Sa\u00fade\nDistrito Sanit\u00e1rio III\nUSF Nova Alian\u00e7a (funcionando na Rua Ot\u00edlia Ferreira de Lima, n\u00ba 124 \u2013 Mangabeira VI)\nDistrito Sanit\u00e1rio IV\nUSF Alto do C\u00e9u Integrada\nUSF Matinhas \/ Paulo Afonso\nDistrito Sanit\u00e1rio V\nUSF Banc\u00e1rios\nUSF Bessa\nPostos de vacina\u00e7\u00e3o para demais imunizantes:\nCrian\u00e7as a partir dos 3 anos (sem agendamento)\n1\u00aa dose: Coronavac\n2\u00aa dose: Coronavac\n- Policl\u00ednicas (Mandacaru, Cristo, Mangabeira e das Praias) \u2013 8h \u00e0s 16h\n- Mangabeira Shopping (pedestres) \u2013 13h \u00e0s 22h\nCrian\u00e7as a partir dos 5 anos (sem agendamento)\n1\u00aa dose: Pfizer\n2\u00aa dose: Pfizer (60 dias)\n- Policl\u00ednicas (Mandacaru, Cristo, Mangabeira e das Praias) \u2013 8h \u00e0s 16h\n- Centro Municipal de Imuniza\u00e7\u00e3o (Torre) \u2013 8h \u00e0s 16h\nCrian\u00e7as de 6 a 11 anos (sem agendamento)\n1\u00aa dose Coronavac\n2\u00aa dose: Coronavac (28 dias)\n- Salas de vacinas nas USFs \u2013 8h \u00e0s 11h (exceto as USFs Vieira Diniz, Novais VI, Mandacaru VII, Mandacaru VIII, Ilha do Bispo, Timb\u00f3 I, \u00c1gua Fria, Rosa de F\u00e1tima, Jardim Planalto e Alto do C\u00e9u)\n- Mangabeira Shopping (pedestres) \u2013 13h \u00e0s 22h\nA partir de 12 anos (sem agendamento)\n1\u00aa dose: 12+\n2\u00aa dose: Janssen, Coronavac (28 dias), Astrazeneca (90 dias) e Pfizer (60 dias)\n3\u00aa dose: 12+ (ap\u00f3s 120 dias da 2\u00aa dose); imunossuprimidos (ap\u00f3s 28 dias da 2\u00aa dose); e trabalhadores de sa\u00fade (ap\u00f3s 120 dias da 2\u00aa dose)\n4\u00aa dose: 30+ (ap\u00f3s 120 dias da 3\u00aa dose); trabalhadores de sa\u00fade (ap\u00f3s 120 dias da 2\u00aa dose); imunossuprimidos (ap\u00f3s 120 dias da 3\u00aa dose)\n- Salas de vacinas nas USFs \u2013 8h \u00e0s 11h (exceto as USFs Vieira Diniz, Novais VI, Mandacaru VII, Mandacaru VIII, Ilha do Bispo, Timb\u00f3 I, \u00c1gua Fria, Rosa de F\u00e1tima, Jardim Planalto e Alto do C\u00e9u)\n- Mangabeira Shopping (drive e pedestres) \u2013 13h \u00e0s 22h\nV\u00eddeos mais assistidos do g1 Para\u00edba ","protected":false},"excerpt":{"rendered":"<p>      Os imunizantes est\u00e3o dispon\u00edveis em salas de vacina, no Centro Municipal de Imuniza\u00e7\u00e3o (Torre), e no Shopping Mangabeira, das 8h \u00e0s 22h. Vacina contra Covid-19 em Jo\u00e3o Pessoa<br \/>\nDivulga\u00e7\u00e3o\/Secom-JP<br \/>\nO munic\u00edpio de Jo\u00e3o Pessoa continua vacinando contr&#8230;<\/p>\n","protected":false},"author":2,"featured_media":0,"comment_status":"closed","ping_status":"closed","sticky":false,"template":"","format":"standard","meta":{"advgb_blocks_editor_width":"","advgb_blocks_columns_visual_guide":"","footnotes":""},"categories":[34],"tags":[35],"class_list":["post-4895","post","type-post","status-publish","format-standard","hentry","category-g1","tag-g1"],"author_meta":{"display_name":"g1 &gt; Para\u00edba","author_link":"https:\/\/sindaopcpb.org.br\/author\/g1-paraiba\/"},"featured_img":null,"coauthors":[],"tax_additional":{"categories":{"linked":["<a href=\"https:\/\/sindaopcpb.org.br\/g1\/\" class=\"advgb-post-tax-term\">G1<\/a>"],"unlinked":["<span class=\"advgb-post-tax-term\">G1<\/span>"]},"tags":{"linked":["<a href=\"https:\/\/sindaopcpb.org.br\/g1\/\" class=\"advgb-post-tax-term\">g1<\/a>"],"unlinked":["<span class=\"advgb-post-tax-term\">g1<\/span>"]}},"comment_count":"0","relative_dates":{"created":"Publicado 4 anos atr\u00e1s","modified":"Atualizado 4 anos atr\u00e1s"},"absolute_dates":{"created":"Publicado em 10 de outubro de 2022","modified":"Atualizado em 10 de outubro de 2022"},"absolute_dates_time":{"created":"Publicado em 10 de outubro de 2022 18:14","modified":"Atualizado em 10 de outubro de 2022 18:14"},"featured_img_caption":"","series_order":"","_links":{"self":[{"href":"https:\/\/sindaopcpb.org.br\/index.php\/wp-json\/wp\/v2\/posts\/4895","targetHints":{"allow":["GET"]}}],"collection":[{"href":"https:\/\/sindaopcpb.org.br\/index.php\/wp-json\/wp\/v2\/posts"}],"about":[{"href":"https:\/\/sindaopcpb.org.br\/index.php\/wp-json\/wp\/v2\/types\/post"}],"author":[{"embeddable":true,"href":"https:\/\/sindaopcpb.org.br\/index.php\/wp-json\/wp\/v2\/users\/2"}],"replies":[{"embeddable":true,"href":"https:\/\/sindaopcpb.org.br\/index.php\/wp-json\/wp\/v2\/comments?post=4895"}],"version-history":[{"count":1,"href":"https:\/\/sindaopcpb.org.br\/index.php\/wp-json\/wp\/v2\/posts\/4895\/revisions"}],"predecessor-version":[{"id":4896,"href":"https:\/\/sindaopcpb.org.br\/index.php\/wp-json\/wp\/v2\/posts\/4895\/revisions\/4896"}],"wp:attachment":[{"href":"https:\/\/sindaopcpb.org.br\/index.php\/wp-json\/wp\/v2\/media?parent=4895"}],"wp:term":[{"taxonomy":"category","embeddable":true,"href":"https:\/\/sindaopcpb.org.br\/index.php\/wp-json\/wp\/v2\/categories?post=4895"},{"taxonomy":"post_tag","embeddable":true,"href":"https:\/\/sindaopcpb.org.br\/index.php\/wp-json\/wp\/v2\/tags?post=4895"}],"curies":[{"name":"wp","href":"https:\/\/api.w.org\/{rel}","templated":true}]}}