{"id":48928,"date":"2024-07-10T11:39:50","date_gmt":"2024-07-10T14:39:50","guid":{"rendered":"https:\/\/www.pbagora.com.br\/?p=843728"},"modified":"2024-07-10T13:25:50","modified_gmt":"2024-07-10T16:25:50","slug":"em-flagrante-policia-civil-prende-suspeito-de-abusar-da-propria-filha-na-pb","status":"publish","type":"post","link":"https:\/\/sindaopcpb.org.br\/index.php\/2024\/07\/10\/em-flagrante-policia-civil-prende-suspeito-de-abusar-da-propria-filha-na-pb\/","title":{"rendered":"EM FLAGRANTE: Pol\u00edcia Civil prende suspeito de abusar da pr\u00f3pria filha, na PB"},"content":{"rendered":"<p><img width=\"830\" height=\"465\" src=\"https:\/\/pbagora.s3.amazonaws.com\/20191105060424\/abuso-menor.jpg\" class=\"attachment-large size-large wp-post-image\" alt=\"\" style=\"margin-bottom: 20px;\" decoding=\"async\" srcset=\"https:\/\/pbagora.s3.amazonaws.com\/20191105060424\/abuso-menor.jpg 830w, https:\/\/pbagora.s3.amazonaws.com\/20191105060424\/abuso-menor-300x168.jpg 300w, https:\/\/pbagora.s3.amazonaws.com\/20191105060424\/abuso-menor-150x84.jpg 150w, https:\/\/pbagora.s3.amazonaws.com\/20191105060424\/abuso-menor-768x430.jpg 768w, https:\/\/pbagora.s3.amazonaws.com\/20191105060424\/abuso-menor-800x448.jpg 800w, https:\/\/pbagora.s3.amazonaws.com\/20191105060424\/abuso-menor-80x44.jpg 80w, https:\/\/pbagora.s3.amazonaws.com\/20191105060424\/abuso-menor-600x336.jpg 600w\" sizes=\"(max-width: 830px) 100vw, 830px\" \/><\/p><p>Um homem que est\u00e1 sendo investigado por abusar sexualmente de sua pr\u00f3pria filha foi preso em flagrante pela Pol\u00edcia Civil da Para\u00edba, nessa ter\u00e7a-feira (09), no munic\u00edpio de Teixeira. A pris\u00e3o foi realizada pela Delegacia de Roubos e Furtos (DRF) de Patos e Delegacia de Teixeira, com apoio da Unintelpol\/PCPB.<\/p>\n<p>O crime aconteceu durante a madrugada. Ap\u00f3s tomar conhecimento do fato, a Pol\u00edcia Civil iniciou as dilig\u00eancias e constatou que o suspeito pretendia fugir para o estado de Goi\u00e1s. Ele foi localizado e preso pelos policiais.<\/p>\n<p>A pris\u00e3o foi comunicada \u00e0 justi\u00e7a, para os devidos procedimentos legais.<\/p>\n<p><strong>PB Agora<\/strong><\/p>\n","protected":false},"excerpt":{"rendered":"<p><img loading=\"lazy\" decoding=\"async\" width=\"830\" height=\"465\" src=\"https:\/\/pbagora.s3.amazonaws.com\/20191105060424\/abuso-menor.jpg\" class=\"attachment-large size-large wp-post-image\" alt=\"\"><\/p>\n<p>Um homem que est\u00e1 sendo investigado por abusar sexualmente de sua pr\u00f3pria filha foi preso em flagrante pela\u2026<\/p>\n","protected":false},"author":123457,"featured_media":0,"comment_status":"closed","ping_status":"closed","sticky":false,"template":"","format":"standard","meta":{"advgb_blocks_editor_width":"","advgb_blocks_columns_visual_guide":"","footnotes":""},"categories":[34],"tags":[10840,35,10839],"class_list":["post-48928","post","type-post","status-publish","format-standard","hentry","category-g1","tag-destaque-centro-03","tag-g1","tag-policial"],"author_meta":{"display_name":"Reda\u00e7\u00e3o","author_link":"https:\/\/sindaopcpb.org.br\/author\/redacao\/"},"featured_img":null,"coauthors":[],"tax_additional":{"categories":{"linked":["<a href=\"https:\/\/sindaopcpb.org.br\/g1\/\" class=\"advgb-post-tax-term\">G1<\/a>"],"unlinked":["<span class=\"advgb-post-tax-term\">G1<\/span>"]},"tags":{"linked":["<a href=\"https:\/\/sindaopcpb.org.br\/g1\/\" class=\"advgb-post-tax-term\">Destaque Centro 03<\/a>","<a href=\"https:\/\/sindaopcpb.org.br\/g1\/\" class=\"advgb-post-tax-term\">g1<\/a>","<a href=\"https:\/\/sindaopcpb.org.br\/g1\/\" class=\"advgb-post-tax-term\">Policial<\/a>"],"unlinked":["<span class=\"advgb-post-tax-term\">Destaque Centro 03<\/span>","<span class=\"advgb-post-tax-term\">g1<\/span>","<span class=\"advgb-post-tax-term\">Policial<\/span>"]}},"comment_count":"0","relative_dates":{"created":"Publicado 2 anos atr\u00e1s","modified":"Atualizado 2 anos atr\u00e1s"},"absolute_dates":{"created":"Publicado em 10 de julho de 2024","modified":"Atualizado em 10 de julho de 2024"},"absolute_dates_time":{"created":"Publicado em 10 de julho de 2024 11:39","modified":"Atualizado em 10 de julho de 2024 13:25"},"featured_img_caption":"","series_order":"","_links":{"self":[{"href":"https:\/\/sindaopcpb.org.br\/index.php\/wp-json\/wp\/v2\/posts\/48928","targetHints":{"allow":["GET"]}}],"collection":[{"href":"https:\/\/sindaopcpb.org.br\/index.php\/wp-json\/wp\/v2\/posts"}],"about":[{"href":"https:\/\/sindaopcpb.org.br\/index.php\/wp-json\/wp\/v2\/types\/post"}],"author":[{"embeddable":true,"href":"https:\/\/sindaopcpb.org.br\/index.php\/wp-json\/wp\/v2\/users\/123457"}],"replies":[{"embeddable":true,"href":"https:\/\/sindaopcpb.org.br\/index.php\/wp-json\/wp\/v2\/comments?post=48928"}],"version-history":[{"count":3,"href":"https:\/\/sindaopcpb.org.br\/index.php\/wp-json\/wp\/v2\/posts\/48928\/revisions"}],"predecessor-version":[{"id":48947,"href":"https:\/\/sindaopcpb.org.br\/index.php\/wp-json\/wp\/v2\/posts\/48928\/revisions\/48947"}],"wp:attachment":[{"href":"https:\/\/sindaopcpb.org.br\/index.php\/wp-json\/wp\/v2\/media?parent=48928"}],"wp:term":[{"taxonomy":"category","embeddable":true,"href":"https:\/\/sindaopcpb.org.br\/index.php\/wp-json\/wp\/v2\/categories?post=48928"},{"taxonomy":"post_tag","embeddable":true,"href":"https:\/\/sindaopcpb.org.br\/index.php\/wp-json\/wp\/v2\/tags?post=48928"}],"curies":[{"name":"wp","href":"https:\/\/api.w.org\/{rel}","templated":true}]}}