{"id":48926,"date":"2024-07-10T11:40:41","date_gmt":"2024-07-10T14:40:41","guid":{"rendered":"https:\/\/www.pbagora.com.br\/?p=843713"},"modified":"2024-07-10T11:40:41","modified_gmt":"2024-07-10T14:40:41","slug":"homem-e-preso-e-adolescente-apreendido-com-porcoes-de-maconha-e-cocaina-na-pb","status":"publish","type":"post","link":"https:\/\/sindaopcpb.org.br\/index.php\/2024\/07\/10\/homem-e-preso-e-adolescente-apreendido-com-porcoes-de-maconha-e-cocaina-na-pb\/","title":{"rendered":"Homem \u00e9 preso e adolescente apreendido com por\u00e7\u00f5es de maconha e coca\u00edna, na PB"},"content":{"rendered":"<p><img width=\"1024\" height=\"768\" src=\"https:\/\/pbagora.s3.amazonaws.com\/2024\/07\/10104000\/ca617e63-aa89-422b-8cf7-7813a6afc364-1024x768.jpg\" class=\"attachment-large size-large wp-post-image\" alt=\"\" style=\"margin-bottom: 20px;\" decoding=\"async\" srcset=\"https:\/\/pbagora.s3.amazonaws.com\/2024\/07\/10104000\/ca617e63-aa89-422b-8cf7-7813a6afc364-1024x768.jpg 1024w, https:\/\/pbagora.s3.amazonaws.com\/2024\/07\/10104000\/ca617e63-aa89-422b-8cf7-7813a6afc364-300x225.jpg 300w, https:\/\/pbagora.s3.amazonaws.com\/2024\/07\/10104000\/ca617e63-aa89-422b-8cf7-7813a6afc364-150x113.jpg 150w, https:\/\/pbagora.s3.amazonaws.com\/2024\/07\/10104000\/ca617e63-aa89-422b-8cf7-7813a6afc364-768x576.jpg 768w, https:\/\/pbagora.s3.amazonaws.com\/2024\/07\/10104000\/ca617e63-aa89-422b-8cf7-7813a6afc364-1536x1152.jpg 1536w, https:\/\/pbagora.s3.amazonaws.com\/2024\/07\/10104000\/ca617e63-aa89-422b-8cf7-7813a6afc364-200x150.jpg 200w, https:\/\/pbagora.s3.amazonaws.com\/2024\/07\/10104000\/ca617e63-aa89-422b-8cf7-7813a6afc364-260x195.jpg 260w, https:\/\/pbagora.s3.amazonaws.com\/2024\/07\/10104000\/ca617e63-aa89-422b-8cf7-7813a6afc364-380x285.jpg 380w, https:\/\/pbagora.s3.amazonaws.com\/2024\/07\/10104000\/ca617e63-aa89-422b-8cf7-7813a6afc364-800x600.jpg 800w, https:\/\/pbagora.s3.amazonaws.com\/2024\/07\/10104000\/ca617e63-aa89-422b-8cf7-7813a6afc364-1160x870.jpg 1160w, https:\/\/pbagora.s3.amazonaws.com\/2024\/07\/10104000\/ca617e63-aa89-422b-8cf7-7813a6afc364-80x60.jpg 80w, https:\/\/pbagora.s3.amazonaws.com\/2024\/07\/10104000\/ca617e63-aa89-422b-8cf7-7813a6afc364-600x450.jpg 600w, https:\/\/pbagora.s3.amazonaws.com\/2024\/07\/10104000\/ca617e63-aa89-422b-8cf7-7813a6afc364-520x390.jpg 520w, https:\/\/pbagora.s3.amazonaws.com\/2024\/07\/10104000\/ca617e63-aa89-422b-8cf7-7813a6afc364-760x570.jpg 760w, https:\/\/pbagora.s3.amazonaws.com\/2024\/07\/10104000\/ca617e63-aa89-422b-8cf7-7813a6afc364.jpg 1600w\" sizes=\"(max-width: 1024px) 100vw, 1024px\" \/><\/p><p>A Pol\u00edcia Civil da Para\u00edba apreendeu nessa ter\u00e7a-feira, 09 de julho, v\u00e1rias por\u00e7\u00f5es de maconha e coca\u00edna no munic\u00edpio de Esperan\u00e7a, durante dilig\u00eancias realizadas pelo Grupo T\u00e1tico Especial (GTE) local. Um homem foi preso, e um adolescente apreendido.<\/p>\n<p>O material foi encontrado em uma casa e estava pronto para ser coomercializado. As investiga\u00e7\u00f5es apontavam o im\u00f3vel como ponto de venda de drogas, o que resultou no mandado de busca expedido pela justi\u00e7a.<\/p>\n<p><strong>PB Agora<\/strong><\/p>\n","protected":false},"excerpt":{"rendered":"<p><img loading=\"lazy\" decoding=\"async\" width=\"1024\" height=\"768\" src=\"https:\/\/pbagora.s3.amazonaws.com\/2024\/07\/10104000\/ca617e63-aa89-422b-8cf7-7813a6afc364-1024x768.jpg\" class=\"attachment-large size-large wp-post-image\" alt=\"\"><\/p>\n<p>A Pol\u00edcia Civil da Para\u00edba apreendeu nessa ter\u00e7a-feira, 09 de julho, v\u00e1rias por\u00e7\u00f5es de maconha e coca\u00edna no\u2026<\/p>\n","protected":false},"author":123457,"featured_media":0,"comment_status":"closed","ping_status":"closed","sticky":false,"template":"","format":"standard","meta":{"advgb_blocks_editor_width":"","advgb_blocks_columns_visual_guide":"","footnotes":""},"categories":[34],"tags":[10841,35,10839],"class_list":["post-48926","post","type-post","status-publish","format-standard","hentry","category-g1","tag-destaque-centro-02","tag-g1","tag-policial"],"author_meta":{"display_name":"Reda\u00e7\u00e3o","author_link":"https:\/\/sindaopcpb.org.br\/author\/redacao\/"},"featured_img":null,"coauthors":[],"tax_additional":{"categories":{"linked":["<a href=\"https:\/\/sindaopcpb.org.br\/g1\/\" class=\"advgb-post-tax-term\">G1<\/a>"],"unlinked":["<span class=\"advgb-post-tax-term\">G1<\/span>"]},"tags":{"linked":["<a href=\"https:\/\/sindaopcpb.org.br\/g1\/\" class=\"advgb-post-tax-term\">Destaque Centro 02<\/a>","<a href=\"https:\/\/sindaopcpb.org.br\/g1\/\" class=\"advgb-post-tax-term\">g1<\/a>","<a href=\"https:\/\/sindaopcpb.org.br\/g1\/\" class=\"advgb-post-tax-term\">Policial<\/a>"],"unlinked":["<span class=\"advgb-post-tax-term\">Destaque Centro 02<\/span>","<span class=\"advgb-post-tax-term\">g1<\/span>","<span class=\"advgb-post-tax-term\">Policial<\/span>"]}},"comment_count":"0","relative_dates":{"created":"Publicado 2 anos atr\u00e1s","modified":"Atualizado 2 anos atr\u00e1s"},"absolute_dates":{"created":"Publicado em 10 de julho de 2024","modified":"Atualizado em 10 de julho de 2024"},"absolute_dates_time":{"created":"Publicado em 10 de julho de 2024 11:40","modified":"Atualizado em 10 de julho de 2024 11:40"},"featured_img_caption":"","series_order":"","_links":{"self":[{"href":"https:\/\/sindaopcpb.org.br\/index.php\/wp-json\/wp\/v2\/posts\/48926","targetHints":{"allow":["GET"]}}],"collection":[{"href":"https:\/\/sindaopcpb.org.br\/index.php\/wp-json\/wp\/v2\/posts"}],"about":[{"href":"https:\/\/sindaopcpb.org.br\/index.php\/wp-json\/wp\/v2\/types\/post"}],"author":[{"embeddable":true,"href":"https:\/\/sindaopcpb.org.br\/index.php\/wp-json\/wp\/v2\/users\/123457"}],"replies":[{"embeddable":true,"href":"https:\/\/sindaopcpb.org.br\/index.php\/wp-json\/wp\/v2\/comments?post=48926"}],"version-history":[{"count":2,"href":"https:\/\/sindaopcpb.org.br\/index.php\/wp-json\/wp\/v2\/posts\/48926\/revisions"}],"predecessor-version":[{"id":48943,"href":"https:\/\/sindaopcpb.org.br\/index.php\/wp-json\/wp\/v2\/posts\/48926\/revisions\/48943"}],"wp:attachment":[{"href":"https:\/\/sindaopcpb.org.br\/index.php\/wp-json\/wp\/v2\/media?parent=48926"}],"wp:term":[{"taxonomy":"category","embeddable":true,"href":"https:\/\/sindaopcpb.org.br\/index.php\/wp-json\/wp\/v2\/categories?post=48926"},{"taxonomy":"post_tag","embeddable":true,"href":"https:\/\/sindaopcpb.org.br\/index.php\/wp-json\/wp\/v2\/tags?post=48926"}],"curies":[{"name":"wp","href":"https:\/\/api.w.org\/{rel}","templated":true}]}}