{"id":48916,"date":"2024-07-10T09:06:46","date_gmt":"2024-07-10T12:06:46","guid":{"rendered":"https:\/\/www.pbagora.com.br\/?p=843670"},"modified":"2024-07-10T11:30:46","modified_gmt":"2024-07-10T14:30:46","slug":"policia-segue-em-busca-de-recapturar-dois-presos-que-fugiram-do-presidio-do-serrotao-em-cg","status":"publish","type":"post","link":"https:\/\/sindaopcpb.org.br\/index.php\/2024\/07\/10\/policia-segue-em-busca-de-recapturar-dois-presos-que-fugiram-do-presidio-do-serrotao-em-cg\/","title":{"rendered":"Pol\u00edcia segue em busca de recapturar dois presos que fugiram do Serrot\u00e3o, em CG"},"content":{"rendered":"<p><img width=\"1000\" height=\"562\" src=\"https:\/\/pbagora.s3.amazonaws.com\/2024\/07\/10080501\/SERRO.webp\" class=\"attachment-large size-large wp-post-image\" alt=\"\" style=\"margin-bottom: 20px;\" decoding=\"async\" loading=\"lazy\" srcset=\"https:\/\/pbagora.s3.amazonaws.com\/2024\/07\/10080501\/SERRO.webp 1000w, https:\/\/pbagora.s3.amazonaws.com\/2024\/07\/10080501\/SERRO-300x169.webp 300w, https:\/\/pbagora.s3.amazonaws.com\/2024\/07\/10080501\/SERRO-150x84.webp 150w, https:\/\/pbagora.s3.amazonaws.com\/2024\/07\/10080501\/SERRO-768x432.webp 768w, https:\/\/pbagora.s3.amazonaws.com\/2024\/07\/10080501\/SERRO-380x214.webp 380w, https:\/\/pbagora.s3.amazonaws.com\/2024\/07\/10080501\/SERRO-800x450.webp 800w, https:\/\/pbagora.s3.amazonaws.com\/2024\/07\/10080501\/SERRO-80x46.webp 80w, https:\/\/pbagora.s3.amazonaws.com\/2024\/07\/10080501\/SERRO-760x427.webp 760w, https:\/\/pbagora.s3.amazonaws.com\/2024\/07\/10080501\/SERRO-600x337.webp 600w\" sizes=\"(max-width: 1000px) 100vw, 1000px\" \/><\/p><p>As pol\u00edcias Militar e Militar seguem em dilig\u00eancia em busca de recapturar dois presos que fugiram do Pres\u00eddio do Serrot\u00e3o, em Campina Grande. Os presos fugiram na tarde desta ter\u00e7a-feira (09), e segundo a Secretaria Estadual de Administra\u00e7\u00e3o Penitenci\u00e1ria (Seap),ainda n\u00e3o foram recapturados.<\/p>\n<p>A Seap informou, atrav\u00e9s da assessoria de imprensa, que deve se pronunciar nesta quarta-feira (10) sobre o ocorrido, como aconteceu a fuga dos dois presos e como est\u00e1 acontecendo as dilig\u00eancias para recapturar a dupla.<\/p>\n<p>A popula\u00e7\u00e3o pode colaborar com as autoridades, denunciando atividade suspeita ou poss\u00edvel avistamento dos fugitivos. As den\u00fancias podem ser feitas de forma an\u00f4nima pelos telefones 197 da Pol\u00edcia Civil ou 190 da Pol\u00edcia Militar.<\/p>\n<p><strong><em>Reda\u00e7\u00e3o<\/em><\/strong><\/p>\n","protected":false},"excerpt":{"rendered":"<p><img decoding=\"async\" width=\"1000\" height=\"562\" src=\"https:\/\/pbagora.s3.amazonaws.com\/2024\/07\/10080501\/SERRO.webp\" class=\"attachment-large size-large wp-post-image\" alt=\"\" loading=\"lazy\"><\/p>\n<p>As pol\u00edcias Militar e Militar seguem em dilig\u00eancia em busca de recapturar dois presos que fugiram do Pres\u00eddio\u2026<\/p>\n","protected":false},"author":123457,"featured_media":0,"comment_status":"closed","ping_status":"closed","sticky":false,"template":"","format":"standard","meta":{"advgb_blocks_editor_width":"","advgb_blocks_columns_visual_guide":"","footnotes":""},"categories":[34],"tags":[35,10839,10847],"class_list":["post-48916","post","type-post","status-publish","format-standard","hentry","category-g1","tag-g1","tag-policial","tag-rodape-03"],"author_meta":{"display_name":"Reda\u00e7\u00e3o","author_link":"https:\/\/sindaopcpb.org.br\/author\/redacao\/"},"featured_img":null,"coauthors":[],"tax_additional":{"categories":{"linked":["<a href=\"https:\/\/sindaopcpb.org.br\/g1\/\" class=\"advgb-post-tax-term\">G1<\/a>"],"unlinked":["<span class=\"advgb-post-tax-term\">G1<\/span>"]},"tags":{"linked":["<a href=\"https:\/\/sindaopcpb.org.br\/g1\/\" class=\"advgb-post-tax-term\">g1<\/a>","<a href=\"https:\/\/sindaopcpb.org.br\/g1\/\" class=\"advgb-post-tax-term\">Policial<\/a>","<a href=\"https:\/\/sindaopcpb.org.br\/g1\/\" class=\"advgb-post-tax-term\">Rodape 03<\/a>"],"unlinked":["<span class=\"advgb-post-tax-term\">g1<\/span>","<span class=\"advgb-post-tax-term\">Policial<\/span>","<span class=\"advgb-post-tax-term\">Rodape 03<\/span>"]}},"comment_count":"0","relative_dates":{"created":"Publicado 2 anos atr\u00e1s","modified":"Atualizado 2 anos atr\u00e1s"},"absolute_dates":{"created":"Publicado em 10 de julho de 2024","modified":"Atualizado em 10 de julho de 2024"},"absolute_dates_time":{"created":"Publicado em 10 de julho de 2024 09:06","modified":"Atualizado em 10 de julho de 2024 11:30"},"featured_img_caption":"","series_order":"","_links":{"self":[{"href":"https:\/\/sindaopcpb.org.br\/index.php\/wp-json\/wp\/v2\/posts\/48916","targetHints":{"allow":["GET"]}}],"collection":[{"href":"https:\/\/sindaopcpb.org.br\/index.php\/wp-json\/wp\/v2\/posts"}],"about":[{"href":"https:\/\/sindaopcpb.org.br\/index.php\/wp-json\/wp\/v2\/types\/post"}],"author":[{"embeddable":true,"href":"https:\/\/sindaopcpb.org.br\/index.php\/wp-json\/wp\/v2\/users\/123457"}],"replies":[{"embeddable":true,"href":"https:\/\/sindaopcpb.org.br\/index.php\/wp-json\/wp\/v2\/comments?post=48916"}],"version-history":[{"count":3,"href":"https:\/\/sindaopcpb.org.br\/index.php\/wp-json\/wp\/v2\/posts\/48916\/revisions"}],"predecessor-version":[{"id":48934,"href":"https:\/\/sindaopcpb.org.br\/index.php\/wp-json\/wp\/v2\/posts\/48916\/revisions\/48934"}],"wp:attachment":[{"href":"https:\/\/sindaopcpb.org.br\/index.php\/wp-json\/wp\/v2\/media?parent=48916"}],"wp:term":[{"taxonomy":"category","embeddable":true,"href":"https:\/\/sindaopcpb.org.br\/index.php\/wp-json\/wp\/v2\/categories?post=48916"},{"taxonomy":"post_tag","embeddable":true,"href":"https:\/\/sindaopcpb.org.br\/index.php\/wp-json\/wp\/v2\/tags?post=48916"}],"curies":[{"name":"wp","href":"https:\/\/api.w.org\/{rel}","templated":true}]}}