{"id":48906,"date":"2024-07-10T06:30:18","date_gmt":"2024-07-10T09:30:18","guid":{"rendered":"https:\/\/www.pbagora.com.br\/?p=843624"},"modified":"2024-07-10T09:00:18","modified_gmt":"2024-07-10T12:00:18","slug":"policiais-prendem-homem-suspeito-de-matar-e-decaptar-jovens-em-bayeux","status":"publish","type":"post","link":"https:\/\/sindaopcpb.org.br\/index.php\/2024\/07\/10\/policiais-prendem-homem-suspeito-de-matar-e-decaptar-jovens-em-bayeux\/","title":{"rendered":"Policiais prendem homem suspeito de matar e decapitar jovens em Bayeux"},"content":{"rendered":"<p><img width=\"916\" height=\"431\" src=\"https:\/\/pbagora.s3.amazonaws.com\/2024\/07\/10063009\/Sem-titulo-15.jpg\" class=\"attachment-large size-large wp-post-image\" alt=\"\" style=\"margin-bottom: 20px;\" decoding=\"async\" loading=\"lazy\" srcset=\"https:\/\/pbagora.s3.amazonaws.com\/2024\/07\/10063009\/Sem-titulo-15.jpg 916w, https:\/\/pbagora.s3.amazonaws.com\/2024\/07\/10063009\/Sem-titulo-15-300x141.jpg 300w, https:\/\/pbagora.s3.amazonaws.com\/2024\/07\/10063009\/Sem-titulo-15-150x71.jpg 150w, https:\/\/pbagora.s3.amazonaws.com\/2024\/07\/10063009\/Sem-titulo-15-768x361.jpg 768w, https:\/\/pbagora.s3.amazonaws.com\/2024\/07\/10063009\/Sem-titulo-15-380x179.jpg 380w, https:\/\/pbagora.s3.amazonaws.com\/2024\/07\/10063009\/Sem-titulo-15-800x376.jpg 800w, https:\/\/pbagora.s3.amazonaws.com\/2024\/07\/10063009\/Sem-titulo-15-80x38.jpg 80w, https:\/\/pbagora.s3.amazonaws.com\/2024\/07\/10063009\/Sem-titulo-15-760x358.jpg 760w, https:\/\/pbagora.s3.amazonaws.com\/2024\/07\/10063009\/Sem-titulo-15-600x282.jpg 600w\" sizes=\"(max-width: 916px) 100vw, 916px\" \/><\/p><p>Uma opera\u00e7\u00e3o da Pol\u00edcia Civil da 4\u00aa DSPC e do N\u00facleo de Homic\u00eddios de Bayeux, deflagrada na tarde de ontem (09), prendeu em flagrante de Mateus da Silva Vasconcelos, conhecido como &#8220;De Menor&#8221;, no bairro do Rio do Meio, em Bayeux, regi\u00e3o metropolitana de Jo\u00e3o Pessoa. A pris\u00e3o ocorreu ap\u00f3s v\u00e1rias dilig\u00eancias que apontavam a participa\u00e7\u00e3o de Mateus no crime que vitimou dois jovens, Wendel de Caldas Silva, de 24 anos, e Renan Douglas Silva Chavier, de 16 anos.<\/p>\n<p>Os corpos dos dois jovens foram encontrados na manh\u00e3 de ontem (9), ap\u00f3s buscas intensificadas pelas equipes do N\u00facleo de Homic\u00eddios de Bayeux e dos Bombeiros, no mesmo bairro onde a pris\u00e3o foi efetuada. Os corpos estavam amarrados e enterrados em uma cova rasa na Mata do X\u00e9m-X\u00e9m, sendo localizados com o aux\u00edlio de um c\u00e3o farejador.<\/p>\n<p>Mateus da Silva Vasconcelos, rec\u00e9m-egresso do sistema penitenci\u00e1rio, \u00e9 investigado por diversos crimes contra a vida e pertence a uma organiza\u00e7\u00e3o criminosa do estado do Rio de Janeiro, envolvida em tr\u00e1fico de drogas e homic\u00eddios.<\/p>\n<p>De acordo com a pol\u00edcia, no momento da abordagem, Mateus resistiu \u00e0 pris\u00e3o, obrigando os policiais a usar for\u00e7a proporcional para cont\u00ea-lo. Durante a a\u00e7\u00e3o, foram encontrados v\u00e1rios pinos de coca\u00edna e dois sacos maiores que ainda seriam fracionados.<\/p>\n<p>Entenda o caso \u2013 Os policiais continuam as dilig\u00eancias para capturar os demais membros do grupo criminoso e responsabiliz\u00e1-los pelos delitos cometidos. Os jovens Wendel e Renan haviam desaparecido na \u00faltima quinta-feira (4), depois de sa\u00edrem do Jardim Veneza com destino ao bairro Imaculada, em Bayeux. Segundo relatos, eles foram a Bayeux para adquirir paletes que seriam revendidos em Jo\u00e3o Pessoa, mas desde ent\u00e3o n\u00e3o retornaram para casa. Funcion\u00e1rios da sucata relataram que os jovens chegaram por volta das 14h e sa\u00edram ap\u00f3s as 16h. O desaparecimento foi registrado na sexta-feira (5).<\/p>\n<p>As buscas pelos jovens continuavam, enquanto isso, um protesto foi realizado por familiares e amigos das v\u00edtimas, que interditaram a BR-101 na segunda-feira (8). Ap\u00f3s o encontro dos corpos, o protesto se repetiu mais intenso nesta ter\u00e7a-feira (9). A pol\u00edcia teve que intervir para dispersar os manifestantes, utilizando armas n\u00e3o letais, como balas de borracha, para controlar a situa\u00e7\u00e3o. Quatro pessoas foram detidas durante a manifesta\u00e7\u00e3o.<\/p>\n<p>Reda\u00e7\u00e3o<\/p>\n","protected":false},"excerpt":{"rendered":"<p><img decoding=\"async\" width=\"916\" height=\"431\" src=\"https:\/\/pbagora.s3.amazonaws.com\/2024\/07\/10063009\/Sem-titulo-15.jpg\" class=\"attachment-large size-large wp-post-image\" alt=\"\" loading=\"lazy\"><\/p>\n<p>Uma opera\u00e7\u00e3o da Pol\u00edcia Civil da 4\u00aa DSPC e do N\u00facleo de Homic\u00eddios de Bayeux, deflagrada na tarde\u2026<\/p>\n","protected":false},"author":123457,"featured_media":0,"comment_status":"closed","ping_status":"closed","sticky":false,"template":"","format":"standard","meta":{"advgb_blocks_editor_width":"","advgb_blocks_columns_visual_guide":"","footnotes":""},"categories":[34],"tags":[35,10839,10848],"class_list":["post-48906","post","type-post","status-publish","format-standard","hentry","category-g1","tag-g1","tag-policial","tag-rodape-01"],"author_meta":{"display_name":"Reda\u00e7\u00e3o","author_link":"https:\/\/sindaopcpb.org.br\/author\/redacao\/"},"featured_img":null,"coauthors":[],"tax_additional":{"categories":{"linked":["<a href=\"https:\/\/sindaopcpb.org.br\/g1\/\" class=\"advgb-post-tax-term\">G1<\/a>"],"unlinked":["<span class=\"advgb-post-tax-term\">G1<\/span>"]},"tags":{"linked":["<a href=\"https:\/\/sindaopcpb.org.br\/g1\/\" class=\"advgb-post-tax-term\">g1<\/a>","<a href=\"https:\/\/sindaopcpb.org.br\/g1\/\" class=\"advgb-post-tax-term\">Policial<\/a>","<a href=\"https:\/\/sindaopcpb.org.br\/g1\/\" class=\"advgb-post-tax-term\">Rodape 01<\/a>"],"unlinked":["<span class=\"advgb-post-tax-term\">g1<\/span>","<span class=\"advgb-post-tax-term\">Policial<\/span>","<span class=\"advgb-post-tax-term\">Rodape 01<\/span>"]}},"comment_count":"0","relative_dates":{"created":"Publicado 2 anos atr\u00e1s","modified":"Atualizado 2 anos atr\u00e1s"},"absolute_dates":{"created":"Publicado em 10 de julho de 2024","modified":"Atualizado em 10 de julho de 2024"},"absolute_dates_time":{"created":"Publicado em 10 de julho de 2024 06:30","modified":"Atualizado em 10 de julho de 2024 09:00"},"featured_img_caption":"","series_order":"","_links":{"self":[{"href":"https:\/\/sindaopcpb.org.br\/index.php\/wp-json\/wp\/v2\/posts\/48906","targetHints":{"allow":["GET"]}}],"collection":[{"href":"https:\/\/sindaopcpb.org.br\/index.php\/wp-json\/wp\/v2\/posts"}],"about":[{"href":"https:\/\/sindaopcpb.org.br\/index.php\/wp-json\/wp\/v2\/types\/post"}],"author":[{"embeddable":true,"href":"https:\/\/sindaopcpb.org.br\/index.php\/wp-json\/wp\/v2\/users\/123457"}],"replies":[{"embeddable":true,"href":"https:\/\/sindaopcpb.org.br\/index.php\/wp-json\/wp\/v2\/comments?post=48906"}],"version-history":[{"count":4,"href":"https:\/\/sindaopcpb.org.br\/index.php\/wp-json\/wp\/v2\/posts\/48906\/revisions"}],"predecessor-version":[{"id":48924,"href":"https:\/\/sindaopcpb.org.br\/index.php\/wp-json\/wp\/v2\/posts\/48906\/revisions\/48924"}],"wp:attachment":[{"href":"https:\/\/sindaopcpb.org.br\/index.php\/wp-json\/wp\/v2\/media?parent=48906"}],"wp:term":[{"taxonomy":"category","embeddable":true,"href":"https:\/\/sindaopcpb.org.br\/index.php\/wp-json\/wp\/v2\/categories?post=48906"},{"taxonomy":"post_tag","embeddable":true,"href":"https:\/\/sindaopcpb.org.br\/index.php\/wp-json\/wp\/v2\/tags?post=48906"}],"curies":[{"name":"wp","href":"https:\/\/api.w.org\/{rel}","templated":true}]}}