{"id":48891,"date":"2024-07-09T13:41:01","date_gmt":"2024-07-09T16:41:01","guid":{"rendered":"https:\/\/www.pbagora.com.br\/?p=843459"},"modified":"2024-07-09T13:41:01","modified_gmt":"2024-07-09T16:41:01","slug":"pm-apreende-menor-que-usava-replica-de-pistola-para-cometer-infracionais-em-bairro-da-orla-de-jp","status":"publish","type":"post","link":"https:\/\/sindaopcpb.org.br\/index.php\/2024\/07\/09\/pm-apreende-menor-que-usava-replica-de-pistola-para-cometer-infracionais-em-bairro-da-orla-de-jp\/","title":{"rendered":"PM apreende menor que usava r\u00e9plica de pistola para cometer infracionais em bairro da orla de JP"},"content":{"rendered":"<p><img width=\"1024\" height=\"576\" src=\"https:\/\/pbagora.s3.amazonaws.com\/2024\/07\/09120448\/adoolescente_infrator-1024x576.jpeg\" class=\"attachment-large size-large wp-post-image\" alt=\"\" style=\"margin-bottom: 20px;\" decoding=\"async\" srcset=\"https:\/\/pbagora.s3.amazonaws.com\/2024\/07\/09120448\/adoolescente_infrator-1024x576.jpeg 1024w, https:\/\/pbagora.s3.amazonaws.com\/2024\/07\/09120448\/adoolescente_infrator-300x169.jpeg 300w, https:\/\/pbagora.s3.amazonaws.com\/2024\/07\/09120448\/adoolescente_infrator-150x84.jpeg 150w, https:\/\/pbagora.s3.amazonaws.com\/2024\/07\/09120448\/adoolescente_infrator-768x432.jpeg 768w, https:\/\/pbagora.s3.amazonaws.com\/2024\/07\/09120448\/adoolescente_infrator-380x214.jpeg 380w, https:\/\/pbagora.s3.amazonaws.com\/2024\/07\/09120448\/adoolescente_infrator-800x450.jpeg 800w, https:\/\/pbagora.s3.amazonaws.com\/2024\/07\/09120448\/adoolescente_infrator-1160x653.jpeg 1160w, https:\/\/pbagora.s3.amazonaws.com\/2024\/07\/09120448\/adoolescente_infrator-80x46.jpeg 80w, https:\/\/pbagora.s3.amazonaws.com\/2024\/07\/09120448\/adoolescente_infrator-760x428.jpeg 760w, https:\/\/pbagora.s3.amazonaws.com\/2024\/07\/09120448\/adoolescente_infrator-600x338.jpeg 600w, https:\/\/pbagora.s3.amazonaws.com\/2024\/07\/09120448\/adoolescente_infrator.jpeg 1280w\" sizes=\"(max-width: 1024px) 100vw, 1024px\" \/><\/p><p>Mais uma a\u00e7\u00e3o de combate aos delitos patrimoniais. A Pol\u00edcia Militar apreendeu, na noite da \u00faltima segunda-feira (08) um adolescente de 17 anos de idade, suspeito de cometer ato infracional an\u00e1logo a roubo contra um transeunte, no bairro de Mana\u00edra, em Jo\u00e3o Pessoa.<\/p>\n<p>A a\u00e7\u00e3o r\u00e1pida dos policiais do Batalh\u00e3o Especializado em Policiamento Tur\u00edstico (BEPTur), localizou o menor e encontrou com ele uma r\u00e9plica de arma de fogo usada para os delitos, al\u00e9m dos pertences levados da v\u00edtima. Toda a ocorr\u00eancia foi encaminhada para a Cidade da Pol\u00edcia Civil para os procedimentos cab\u00edveis.<\/p>\n<p>De acordo com o comando do BEPTur, o adolescente infrator j\u00e1 havia sido apreendido outra vez, por ato infracional an\u00e1logo a furto.<\/p>\n<p>&nbsp;<\/p>\n<p><em><strong>PB Agora<\/strong><\/em><\/p>\n","protected":false},"excerpt":{"rendered":"<p><img loading=\"lazy\" decoding=\"async\" width=\"1024\" height=\"576\" src=\"https:\/\/pbagora.s3.amazonaws.com\/2024\/07\/09120448\/adoolescente_infrator-1024x576.jpeg\" class=\"attachment-large size-large wp-post-image\" alt=\"\"><\/p>\n<p>Mais uma a\u00e7\u00e3o de combate aos delitos patrimoniais. A Pol\u00edcia Militar apreendeu, na noite da \u00faltima segunda-feira (08)\u2026<\/p>\n","protected":false},"author":123457,"featured_media":0,"comment_status":"closed","ping_status":"closed","sticky":false,"template":"","format":"standard","meta":{"advgb_blocks_editor_width":"","advgb_blocks_columns_visual_guide":"","footnotes":""},"categories":[34],"tags":[35,10839,10842],"class_list":["post-48891","post","type-post","status-publish","format-standard","hentry","category-g1","tag-g1","tag-policial","tag-principal3"],"author_meta":{"display_name":"Reda\u00e7\u00e3o","author_link":"https:\/\/sindaopcpb.org.br\/author\/redacao\/"},"featured_img":null,"coauthors":[],"tax_additional":{"categories":{"linked":["<a href=\"https:\/\/sindaopcpb.org.br\/g1\/\" class=\"advgb-post-tax-term\">G1<\/a>"],"unlinked":["<span class=\"advgb-post-tax-term\">G1<\/span>"]},"tags":{"linked":["<a href=\"https:\/\/sindaopcpb.org.br\/g1\/\" class=\"advgb-post-tax-term\">g1<\/a>","<a href=\"https:\/\/sindaopcpb.org.br\/g1\/\" class=\"advgb-post-tax-term\">Policial<\/a>","<a href=\"https:\/\/sindaopcpb.org.br\/g1\/\" class=\"advgb-post-tax-term\">Principal3<\/a>"],"unlinked":["<span class=\"advgb-post-tax-term\">g1<\/span>","<span class=\"advgb-post-tax-term\">Policial<\/span>","<span class=\"advgb-post-tax-term\">Principal3<\/span>"]}},"comment_count":"0","relative_dates":{"created":"Publicado 2 anos atr\u00e1s","modified":"Atualizado 2 anos atr\u00e1s"},"absolute_dates":{"created":"Publicado em 9 de julho de 2024","modified":"Atualizado em 9 de julho de 2024"},"absolute_dates_time":{"created":"Publicado em 9 de julho de 2024 13:41","modified":"Atualizado em 9 de julho de 2024 13:41"},"featured_img_caption":"","series_order":"","_links":{"self":[{"href":"https:\/\/sindaopcpb.org.br\/index.php\/wp-json\/wp\/v2\/posts\/48891","targetHints":{"allow":["GET"]}}],"collection":[{"href":"https:\/\/sindaopcpb.org.br\/index.php\/wp-json\/wp\/v2\/posts"}],"about":[{"href":"https:\/\/sindaopcpb.org.br\/index.php\/wp-json\/wp\/v2\/types\/post"}],"author":[{"embeddable":true,"href":"https:\/\/sindaopcpb.org.br\/index.php\/wp-json\/wp\/v2\/users\/123457"}],"replies":[{"embeddable":true,"href":"https:\/\/sindaopcpb.org.br\/index.php\/wp-json\/wp\/v2\/comments?post=48891"}],"version-history":[{"count":2,"href":"https:\/\/sindaopcpb.org.br\/index.php\/wp-json\/wp\/v2\/posts\/48891\/revisions"}],"predecessor-version":[{"id":48904,"href":"https:\/\/sindaopcpb.org.br\/index.php\/wp-json\/wp\/v2\/posts\/48891\/revisions\/48904"}],"wp:attachment":[{"href":"https:\/\/sindaopcpb.org.br\/index.php\/wp-json\/wp\/v2\/media?parent=48891"}],"wp:term":[{"taxonomy":"category","embeddable":true,"href":"https:\/\/sindaopcpb.org.br\/index.php\/wp-json\/wp\/v2\/categories?post=48891"},{"taxonomy":"post_tag","embeddable":true,"href":"https:\/\/sindaopcpb.org.br\/index.php\/wp-json\/wp\/v2\/tags?post=48891"}],"curies":[{"name":"wp","href":"https:\/\/api.w.org\/{rel}","templated":true}]}}