{"id":48884,"date":"2024-07-09T11:06:32","date_gmt":"2024-07-09T14:06:32","guid":{"rendered":"https:\/\/www.pbagora.com.br\/?p=843429"},"modified":"2024-07-09T11:06:32","modified_gmt":"2024-07-09T14:06:32","slug":"jovens-desaparecidos-sao-encontrados-decapitados-em-mata-na-grande-joao-pessoa","status":"publish","type":"post","link":"https:\/\/sindaopcpb.org.br\/index.php\/2024\/07\/09\/jovens-desaparecidos-sao-encontrados-decapitados-em-mata-na-grande-joao-pessoa\/","title":{"rendered":"Jovens desaparecidos s\u00e3o encontrados decapitados em mata na Grande Jo\u00e3o Pessoa"},"content":{"rendered":"<p><img width=\"687\" height=\"463\" src=\"https:\/\/pbagora.s3.amazonaws.com\/2023\/11\/26135733\/csm_csm_csm_numol_ipc_paraiba_pb_viatura_homicidio_235df1b1b6_f5403bcde5_1b010ebc90.jpg\" class=\"attachment-large size-large wp-post-image\" alt=\"\" style=\"margin-bottom: 20px;\" decoding=\"async\" loading=\"lazy\" srcset=\"https:\/\/pbagora.s3.amazonaws.com\/2023\/11\/26135733\/csm_csm_csm_numol_ipc_paraiba_pb_viatura_homicidio_235df1b1b6_f5403bcde5_1b010ebc90.jpg 687w, https:\/\/pbagora.s3.amazonaws.com\/2023\/11\/26135733\/csm_csm_csm_numol_ipc_paraiba_pb_viatura_homicidio_235df1b1b6_f5403bcde5_1b010ebc90-300x202.jpg 300w, https:\/\/pbagora.s3.amazonaws.com\/2023\/11\/26135733\/csm_csm_csm_numol_ipc_paraiba_pb_viatura_homicidio_235df1b1b6_f5403bcde5_1b010ebc90-150x101.jpg 150w, https:\/\/pbagora.s3.amazonaws.com\/2023\/11\/26135733\/csm_csm_csm_numol_ipc_paraiba_pb_viatura_homicidio_235df1b1b6_f5403bcde5_1b010ebc90-380x256.jpg 380w, https:\/\/pbagora.s3.amazonaws.com\/2023\/11\/26135733\/csm_csm_csm_numol_ipc_paraiba_pb_viatura_homicidio_235df1b1b6_f5403bcde5_1b010ebc90-80x54.jpg 80w, https:\/\/pbagora.s3.amazonaws.com\/2023\/11\/26135733\/csm_csm_csm_numol_ipc_paraiba_pb_viatura_homicidio_235df1b1b6_f5403bcde5_1b010ebc90-600x404.jpg 600w\" sizes=\"(max-width: 687px) 100vw, 687px\" \/><\/p><p>Na manh\u00e3 desta ter\u00e7a-feira (09), dois jovens foram encontrados decapitados em uma \u00e1rea de mata dentro do Parque Estadual do Xem-X\u00e9m, no munic\u00edpio de Bayeux, na Regi\u00e3o Metropolitana de Jo\u00e3o Pessoa.<\/p>\n<p>A Pol\u00edcia Civil identificou as v\u00edtimas como o adolescente de 16 anos e o jovem de 24 anos, ambos residentes do bairro Jardim Veneza, que estavam desaparecidos h\u00e1 cinco dias. Segundo informa\u00e7\u00f5es da Pol\u00edcia Militar, os corpos foram localizados em uma \u00e1rea alagadi\u00e7a, sem as cabe\u00e7as e com as m\u00e3os amarradas.<\/p>\n<p>A Pol\u00edcia Civil est\u00e1 conduzindo as investiga\u00e7\u00f5es para esclarecer as circunst\u00e2ncias e respons\u00e1veis por este crime brutal.<\/p>\n<p>A opera\u00e7\u00e3o que resultou na descoberta dos corpos foi uma a\u00e7\u00e3o conjunta da Pol\u00edcia Civil, Pol\u00edcia Militar e Corpo de Bombeiros. A cadela da guarni\u00e7\u00e3o do canil do Corpo de Bombeiros foi fundamental para localizar os corpos.<\/p>\n<p>Nessa segunda-feira (08), familiares e populares realizaram um protesto no trecho das BRs 101 e 230, em Jo\u00e3o Pessoa, exigindo que as buscas pelos jovens desaparecidos fossem intensificadas.<\/p>\n<p><strong>PB Agora<\/strong><\/p>\n","protected":false},"excerpt":{"rendered":"<p><img decoding=\"async\" width=\"687\" height=\"463\" src=\"https:\/\/pbagora.s3.amazonaws.com\/2023\/11\/26135733\/csm_csm_csm_numol_ipc_paraiba_pb_viatura_homicidio_235df1b1b6_f5403bcde5_1b010ebc90.jpg\" class=\"attachment-large size-large wp-post-image\" alt=\"\" loading=\"lazy\"><\/p>\n<p>Na manh\u00e3 desta ter\u00e7a-feira (09), dois jovens foram encontrados decapitados em uma \u00e1rea de mata dentro do Parque\u2026<\/p>\n","protected":false},"author":123457,"featured_media":0,"comment_status":"closed","ping_status":"closed","sticky":false,"template":"","format":"standard","meta":{"advgb_blocks_editor_width":"","advgb_blocks_columns_visual_guide":"","footnotes":""},"categories":[34],"tags":[35,10839,10842],"class_list":["post-48884","post","type-post","status-publish","format-standard","hentry","category-g1","tag-g1","tag-policial","tag-principal3"],"author_meta":{"display_name":"Reda\u00e7\u00e3o","author_link":"https:\/\/sindaopcpb.org.br\/author\/redacao\/"},"featured_img":null,"coauthors":[],"tax_additional":{"categories":{"linked":["<a href=\"https:\/\/sindaopcpb.org.br\/g1\/\" class=\"advgb-post-tax-term\">G1<\/a>"],"unlinked":["<span class=\"advgb-post-tax-term\">G1<\/span>"]},"tags":{"linked":["<a href=\"https:\/\/sindaopcpb.org.br\/g1\/\" class=\"advgb-post-tax-term\">g1<\/a>","<a href=\"https:\/\/sindaopcpb.org.br\/g1\/\" class=\"advgb-post-tax-term\">Policial<\/a>","<a href=\"https:\/\/sindaopcpb.org.br\/g1\/\" class=\"advgb-post-tax-term\">Principal3<\/a>"],"unlinked":["<span class=\"advgb-post-tax-term\">g1<\/span>","<span class=\"advgb-post-tax-term\">Policial<\/span>","<span class=\"advgb-post-tax-term\">Principal3<\/span>"]}},"comment_count":"0","relative_dates":{"created":"Publicado 2 anos atr\u00e1s","modified":"Atualizado 2 anos atr\u00e1s"},"absolute_dates":{"created":"Publicado em 9 de julho de 2024","modified":"Atualizado em 9 de julho de 2024"},"absolute_dates_time":{"created":"Publicado em 9 de julho de 2024 11:06","modified":"Atualizado em 9 de julho de 2024 11:06"},"featured_img_caption":"","series_order":"","_links":{"self":[{"href":"https:\/\/sindaopcpb.org.br\/index.php\/wp-json\/wp\/v2\/posts\/48884","targetHints":{"allow":["GET"]}}],"collection":[{"href":"https:\/\/sindaopcpb.org.br\/index.php\/wp-json\/wp\/v2\/posts"}],"about":[{"href":"https:\/\/sindaopcpb.org.br\/index.php\/wp-json\/wp\/v2\/types\/post"}],"author":[{"embeddable":true,"href":"https:\/\/sindaopcpb.org.br\/index.php\/wp-json\/wp\/v2\/users\/123457"}],"replies":[{"embeddable":true,"href":"https:\/\/sindaopcpb.org.br\/index.php\/wp-json\/wp\/v2\/comments?post=48884"}],"version-history":[{"count":1,"href":"https:\/\/sindaopcpb.org.br\/index.php\/wp-json\/wp\/v2\/posts\/48884\/revisions"}],"predecessor-version":[{"id":48885,"href":"https:\/\/sindaopcpb.org.br\/index.php\/wp-json\/wp\/v2\/posts\/48884\/revisions\/48885"}],"wp:attachment":[{"href":"https:\/\/sindaopcpb.org.br\/index.php\/wp-json\/wp\/v2\/media?parent=48884"}],"wp:term":[{"taxonomy":"category","embeddable":true,"href":"https:\/\/sindaopcpb.org.br\/index.php\/wp-json\/wp\/v2\/categories?post=48884"},{"taxonomy":"post_tag","embeddable":true,"href":"https:\/\/sindaopcpb.org.br\/index.php\/wp-json\/wp\/v2\/tags?post=48884"}],"curies":[{"name":"wp","href":"https:\/\/api.w.org\/{rel}","templated":true}]}}