{"id":48876,"date":"2024-07-09T09:27:13","date_gmt":"2024-07-09T12:27:13","guid":{"rendered":"https:\/\/www.pbagora.com.br\/?p=843421"},"modified":"2024-07-09T11:27:13","modified_gmt":"2024-07-09T14:27:13","slug":"justica-rejeita-liminar-e-mantem-prisao-preventiva-de-jannyne-dantas-ex-diretora-do-padre-ze","status":"publish","type":"post","link":"https:\/\/sindaopcpb.org.br\/index.php\/2024\/07\/09\/justica-rejeita-liminar-e-mantem-prisao-preventiva-de-jannyne-dantas-ex-diretora-do-padre-ze\/","title":{"rendered":"Justi\u00e7a rejeita liminar e mant\u00e9m pris\u00e3o preventiva de Jannyne Dantas, ex-diretora do Padre Z\u00e9"},"content":{"rendered":"<p><img width=\"311\" height=\"390\" src=\"https:\/\/pbagora.s3.amazonaws.com\/2023\/11\/29185606\/JANINE-DANTAS-caso-Padre-Ze-e1713901435351.jpg\" class=\"attachment-large size-large wp-post-image\" alt=\"\" style=\"margin-bottom: 20px;\" decoding=\"async\" srcset=\"https:\/\/pbagora.s3.amazonaws.com\/2023\/11\/29185606\/JANINE-DANTAS-caso-Padre-Ze-e1713901435351.jpg 311w, https:\/\/pbagora.s3.amazonaws.com\/2023\/11\/29185606\/JANINE-DANTAS-caso-Padre-Ze-e1713901435351-239x300.jpg 239w, https:\/\/pbagora.s3.amazonaws.com\/2023\/11\/29185606\/JANINE-DANTAS-caso-Padre-Ze-e1713901435351-120x150.jpg 120w, https:\/\/pbagora.s3.amazonaws.com\/2023\/11\/29185606\/JANINE-DANTAS-caso-Padre-Ze-e1713901435351-80x100.jpg 80w, https:\/\/pbagora.s3.amazonaws.com\/2023\/11\/29185606\/JANINE-DANTAS-caso-Padre-Ze-e1713901435351-64x80.jpg 64w\" sizes=\"(max-width: 311px) 100vw, 311px\" \/><\/p><p>O desembargador Ricardo Vital de Almeida, do Tribunal de Justi\u00e7a da Para\u00edba, rejeitou o pedido de revoga\u00e7\u00e3o da pris\u00e3o preventiva de Jannyne Dantas, ex-diretora do Hospital Padre Z\u00e9, em Jo\u00e3o Pessoa.<\/p>\n<p>A decis\u00e3o mant\u00e9m a pris\u00e3o de Jannyne que est\u00e1 reclusa desde novembro do ano passado, quando foi detida durante a Opera\u00e7\u00e3o Indignus, deflagrada pelo Minist\u00e9rio P\u00fablico da Para\u00edba para investigar suspeitas de desvios milion\u00e1rios na institui\u00e7\u00e3o filantr\u00f3pica.<\/p>\n<p>Jannyne Dantas, que era considerada bra\u00e7o direito do Padre Eg\u00eddio de Carvalho, viu seu pedido de liberdade negado enquanto o padre, tamb\u00e9m preso na mesma opera\u00e7\u00e3o, responde ao processo em liberdade.<\/p>\n<p>\u201cEm an\u00e1lise preliminar, a decis\u00e3o mantenedora da pris\u00e3o preventiva da paciente aparenta estar devidamente fundamentada, nos termos do art. 93, inciso IX, da Constitui\u00e7\u00e3o Federal, sendo poss\u00edvel identificar os motivos de fato e de direito que embasaram o decisum cautelar, restando o deduzido excesso de prazo, num primeiro plano, justificado pela complexidade do feito\u201d, declarou o desembargador Ricardo Vital de Almeida em sua decis\u00e3o.<\/p>\n<p>Tamb\u00e9m \u00e9 v\u00e1lido lembrar que assim como Padre Eg\u00eddio, Amanda Duarte, que foi presa na mesma opera\u00e7\u00e3o tamb\u00e9m est\u00e1 em pris\u00e3o domiciliar.<\/p>\n<p><strong>PB Agora<\/strong><\/p>\n","protected":false},"excerpt":{"rendered":"<p><img loading=\"lazy\" decoding=\"async\" width=\"311\" height=\"390\" src=\"https:\/\/pbagora.s3.amazonaws.com\/2023\/11\/29185606\/JANINE-DANTAS-caso-Padre-Ze-e1713901435351.jpg\" class=\"attachment-large size-large wp-post-image\" alt=\"\"><\/p>\n<p>O desembargador Ricardo Vital de Almeida, do Tribunal de Justi\u00e7a da Para\u00edba, rejeitou o pedido de revoga\u00e7\u00e3o da\u2026<\/p>\n","protected":false},"author":123457,"featured_media":0,"comment_status":"closed","ping_status":"closed","sticky":false,"template":"","format":"standard","meta":{"advgb_blocks_editor_width":"","advgb_blocks_columns_visual_guide":"","footnotes":""},"categories":[34],"tags":[10841,35,10839],"class_list":["post-48876","post","type-post","status-publish","format-standard","hentry","category-g1","tag-destaque-centro-02","tag-g1","tag-policial"],"author_meta":{"display_name":"Reda\u00e7\u00e3o","author_link":"https:\/\/sindaopcpb.org.br\/author\/redacao\/"},"featured_img":null,"coauthors":[],"tax_additional":{"categories":{"linked":["<a href=\"https:\/\/sindaopcpb.org.br\/g1\/\" class=\"advgb-post-tax-term\">G1<\/a>"],"unlinked":["<span class=\"advgb-post-tax-term\">G1<\/span>"]},"tags":{"linked":["<a href=\"https:\/\/sindaopcpb.org.br\/g1\/\" class=\"advgb-post-tax-term\">Destaque Centro 02<\/a>","<a href=\"https:\/\/sindaopcpb.org.br\/g1\/\" class=\"advgb-post-tax-term\">g1<\/a>","<a href=\"https:\/\/sindaopcpb.org.br\/g1\/\" class=\"advgb-post-tax-term\">Policial<\/a>"],"unlinked":["<span class=\"advgb-post-tax-term\">Destaque Centro 02<\/span>","<span class=\"advgb-post-tax-term\">g1<\/span>","<span class=\"advgb-post-tax-term\">Policial<\/span>"]}},"comment_count":"0","relative_dates":{"created":"Publicado 2 anos atr\u00e1s","modified":"Atualizado 2 anos atr\u00e1s"},"absolute_dates":{"created":"Publicado em 9 de julho de 2024","modified":"Atualizado em 9 de julho de 2024"},"absolute_dates_time":{"created":"Publicado em 9 de julho de 2024 09:27","modified":"Atualizado em 9 de julho de 2024 11:27"},"featured_img_caption":"","series_order":"","_links":{"self":[{"href":"https:\/\/sindaopcpb.org.br\/index.php\/wp-json\/wp\/v2\/posts\/48876","targetHints":{"allow":["GET"]}}],"collection":[{"href":"https:\/\/sindaopcpb.org.br\/index.php\/wp-json\/wp\/v2\/posts"}],"about":[{"href":"https:\/\/sindaopcpb.org.br\/index.php\/wp-json\/wp\/v2\/types\/post"}],"author":[{"embeddable":true,"href":"https:\/\/sindaopcpb.org.br\/index.php\/wp-json\/wp\/v2\/users\/123457"}],"replies":[{"embeddable":true,"href":"https:\/\/sindaopcpb.org.br\/index.php\/wp-json\/wp\/v2\/comments?post=48876"}],"version-history":[{"count":3,"href":"https:\/\/sindaopcpb.org.br\/index.php\/wp-json\/wp\/v2\/posts\/48876\/revisions"}],"predecessor-version":[{"id":48890,"href":"https:\/\/sindaopcpb.org.br\/index.php\/wp-json\/wp\/v2\/posts\/48876\/revisions\/48890"}],"wp:attachment":[{"href":"https:\/\/sindaopcpb.org.br\/index.php\/wp-json\/wp\/v2\/media?parent=48876"}],"wp:term":[{"taxonomy":"category","embeddable":true,"href":"https:\/\/sindaopcpb.org.br\/index.php\/wp-json\/wp\/v2\/categories?post=48876"},{"taxonomy":"post_tag","embeddable":true,"href":"https:\/\/sindaopcpb.org.br\/index.php\/wp-json\/wp\/v2\/tags?post=48876"}],"curies":[{"name":"wp","href":"https:\/\/api.w.org\/{rel}","templated":true}]}}